{"id":67526,"date":"2019-10-25T17:21:33","date_gmt":"2019-10-25T17:21:33","guid":{"rendered":"http:\/\/folhadosudeste.com\/site\/?p=67526"},"modified":"2019-10-25T17:21:33","modified_gmt":"2019-10-25T17:21:33","slug":"coluna-social-2","status":"publish","type":"post","link":"http:\/\/folhadosudeste.com\/site\/?p=67526","title":{"rendered":"COLUNA SOCIAL"},"content":{"rendered":"<p style=\"text-align: justify;\"><strong>Os 51 anos de Isa Machado<\/strong><\/p>\n<p style=\"text-align: justify;\"><a href=\"http:\/\/folhadosudeste.com\/site\/wp-content\/uploads\/2019\/10\/43880550_1994983010571282_2542248862567890944_n.jpg\"><img loading=\"lazy\" decoding=\"async\" class=\"alignnone wp-image-67527\" src=\"http:\/\/folhadosudeste.com\/site\/wp-content\/uploads\/2019\/10\/43880550_1994983010571282_2542248862567890944_n.jpg\" alt=\"\" width=\"600\" height=\"600\" srcset=\"http:\/\/folhadosudeste.com\/site\/wp-content\/uploads\/2019\/10\/43880550_1994983010571282_2542248862567890944_n.jpg 960w, http:\/\/folhadosudeste.com\/site\/wp-content\/uploads\/2019\/10\/43880550_1994983010571282_2542248862567890944_n-150x150.jpg 150w, http:\/\/folhadosudeste.com\/site\/wp-content\/uploads\/2019\/10\/43880550_1994983010571282_2542248862567890944_n-300x300.jpg 300w, http:\/\/folhadosudeste.com\/site\/wp-content\/uploads\/2019\/10\/43880550_1994983010571282_2542248862567890944_n-768x768.jpg 768w\" sizes=\"auto, (max-width: 600px) 100vw, 600px\" \/><\/a><\/p>\n<p style=\"text-align: justify;\">A elegante Isa Maria Machado, (leia-se Gr\u00e1fica Monte Castelo), completou 51 anos no dia 25 de outubro. &nbsp;Isa recebeu os parab\u00e9ns de seus filhos, amigos e familiares. Receba tamb\u00e9m os nossos votos de um feliz anivers\u00e1rio. Que tenha sempre muitas alegrias e que Deus continue aben\u00e7oando sua vida e de sua fam\u00edlia. Parab\u00e9ns Isa!<\/p>\n<p style=\"text-align: justify;\"><strong>Felicidades Marquinho<\/strong><\/p>\n<p style=\"text-align: justify;\"><a href=\"http:\/\/folhadosudeste.com\/site\/wp-content\/uploads\/2019\/10\/40073317_2059914010697554_2517249898047340544_n.jpg\"><img loading=\"lazy\" decoding=\"async\" class=\"alignnone wp-image-67528\" src=\"http:\/\/folhadosudeste.com\/site\/wp-content\/uploads\/2019\/10\/40073317_2059914010697554_2517249898047340544_n.jpg\" alt=\"\" width=\"600\" height=\"600\" srcset=\"http:\/\/folhadosudeste.com\/site\/wp-content\/uploads\/2019\/10\/40073317_2059914010697554_2517249898047340544_n.jpg 960w, http:\/\/folhadosudeste.com\/site\/wp-content\/uploads\/2019\/10\/40073317_2059914010697554_2517249898047340544_n-150x150.jpg 150w, http:\/\/folhadosudeste.com\/site\/wp-content\/uploads\/2019\/10\/40073317_2059914010697554_2517249898047340544_n-300x300.jpg 300w, http:\/\/folhadosudeste.com\/site\/wp-content\/uploads\/2019\/10\/40073317_2059914010697554_2517249898047340544_n-768x768.jpg 768w\" sizes=\"auto, (max-width: 600px) 100vw, 600px\" \/><\/a><\/p>\n<p style=\"text-align: justify;\">Parabenizamos o rep\u00f3rter do site Silvan Alves Marquinho, que comemorou idade nova no dia 23 de outubro. Ele recebeu os parab\u00e9ns de amigos e familiares. Felicidades e sucesso sempre. S\u00e3o os votos dos amigos da Folha do Sudeste.<\/p>\n<p style=\"text-align: justify;\"><strong>Parab\u00e9ns Sr. Jos\u00e9 Braz<\/strong><\/p>\n<p style=\"text-align: justify;\"><a href=\"http:\/\/folhadosudeste.com\/site\/wp-content\/uploads\/2019\/10\/12592383_136112096791330_2871442123620300121_n.png\"><img loading=\"lazy\" decoding=\"async\" class=\"alignnone wp-image-67529\" src=\"http:\/\/folhadosudeste.com\/site\/wp-content\/uploads\/2019\/10\/12592383_136112096791330_2871442123620300121_n.png\" alt=\"\" width=\"500\" height=\"500\" srcset=\"http:\/\/folhadosudeste.com\/site\/wp-content\/uploads\/2019\/10\/12592383_136112096791330_2871442123620300121_n.png 200w, http:\/\/folhadosudeste.com\/site\/wp-content\/uploads\/2019\/10\/12592383_136112096791330_2871442123620300121_n-150x150.png 150w\" sizes=\"auto, (max-width: 500px) 100vw, 500px\" \/><\/a><\/p>\n<p style=\"text-align: justify;\">O empres\u00e1rio e ex-prefeito de Muria\u00e9, Sr. Jos\u00e9 Braz, completou 94 anos no dia 24 de outubro. Ele recebeu homenagem de familiares e amigos e muitos parab\u00e9ns. A Folha do Sudeste te deseja muita sa\u00fade, paz e felicidades. Feliz Anivers\u00e1rio!<\/p>\n<p style=\"text-align: justify;\"><strong>16 anos de Alice<\/strong><\/p>\n<p style=\"text-align: justify;\"><a href=\"http:\/\/folhadosudeste.com\/site\/wp-content\/uploads\/2019\/10\/45152537_1827813610600010_4718008221602676736_n.jpg\"><img loading=\"lazy\" decoding=\"async\" class=\"alignnone wp-image-67530\" src=\"http:\/\/folhadosudeste.com\/site\/wp-content\/uploads\/2019\/10\/45152537_1827813610600010_4718008221602676736_n.jpg\" alt=\"\" width=\"500\" height=\"1086\" srcset=\"http:\/\/folhadosudeste.com\/site\/wp-content\/uploads\/2019\/10\/45152537_1827813610600010_4718008221602676736_n.jpg 345w, http:\/\/folhadosudeste.com\/site\/wp-content\/uploads\/2019\/10\/45152537_1827813610600010_4718008221602676736_n-138x300.jpg 138w\" sizes=\"auto, (max-width: 500px) 100vw, 500px\" \/><\/a><\/p>\n<p style=\"text-align: justify;\">Parab\u00e9ns a gatinha Alice Couto que comemorou seus 16 anos no dia 21 de outubro em grande estilo. Alice \u00e9 filha do diretor da Escola S\u00e3o Paulo Jos\u00e9 Nicodemos Couto e da simp\u00e1tica Celinha. Desejamos felicidades e sucesso sempre para a jovem e que conquiste muitas vit\u00f3rias.<\/p>\n<p style=\"text-align: justify;\"><strong>Feliz anivers\u00e1rio Dr. Odilon<\/strong><\/p>\n<p style=\"text-align: justify;\"><a href=\"http:\/\/folhadosudeste.com\/site\/wp-content\/uploads\/2019\/10\/DSC_0013-3.jpg\"><img loading=\"lazy\" decoding=\"async\" class=\"alignnone wp-image-67531\" src=\"http:\/\/folhadosudeste.com\/site\/wp-content\/uploads\/2019\/10\/DSC_0013-3.jpg\" alt=\"\" width=\"500\" height=\"640\" srcset=\"http:\/\/folhadosudeste.com\/site\/wp-content\/uploads\/2019\/10\/DSC_0013-3.jpg 300w, http:\/\/folhadosudeste.com\/site\/wp-content\/uploads\/2019\/10\/DSC_0013-3-234x300.jpg 234w\" sizes=\"auto, (max-width: 500px) 100vw, 500px\" \/><\/a><\/p>\n<p style=\"text-align: justify;\">O ex-prefeito que tamb\u00e9m aniversariou no dia 24 de outubro foi o Cardiologista Dr. Odilon Carvalho, diretor do Hospital Prontocor. O m\u00e9dico completou idade nova recebendo muito carinho e abra\u00e7os da fam\u00edlia, amigos e colegas de trabalho. Desejamos muitas felicidades e alegrias nesta data. Parab\u00e9ns!<\/p>\n<p style=\"text-align: justify;\"><strong>12 anos de Fernanda Oliveira<\/strong><\/p>\n<p style=\"text-align: justify;\"><a href=\"http:\/\/folhadosudeste.com\/site\/wp-content\/uploads\/2019\/10\/66d893a1-d354-426a-ab74-cc0a71dae233.jpg\"><img loading=\"lazy\" decoding=\"async\" class=\"alignnone wp-image-67532 size-large\" src=\"http:\/\/folhadosudeste.com\/site\/wp-content\/uploads\/2019\/10\/66d893a1-d354-426a-ab74-cc0a71dae233-1024x682.jpg\" alt=\"\" width=\"800\" height=\"533\" srcset=\"http:\/\/folhadosudeste.com\/site\/wp-content\/uploads\/2019\/10\/66d893a1-d354-426a-ab74-cc0a71dae233-1024x682.jpg 1024w, http:\/\/folhadosudeste.com\/site\/wp-content\/uploads\/2019\/10\/66d893a1-d354-426a-ab74-cc0a71dae233-300x200.jpg 300w, http:\/\/folhadosudeste.com\/site\/wp-content\/uploads\/2019\/10\/66d893a1-d354-426a-ab74-cc0a71dae233-768x512.jpg 768w, http:\/\/folhadosudeste.com\/site\/wp-content\/uploads\/2019\/10\/66d893a1-d354-426a-ab74-cc0a71dae233-120x80.jpg 120w, http:\/\/folhadosudeste.com\/site\/wp-content\/uploads\/2019\/10\/66d893a1-d354-426a-ab74-cc0a71dae233-345x230.jpg 345w, http:\/\/folhadosudeste.com\/site\/wp-content\/uploads\/2019\/10\/66d893a1-d354-426a-ab74-cc0a71dae233.jpg 1280w\" sizes=\"auto, (max-width: 800px) 100vw, 800px\" \/><\/a><\/p>\n<p style=\"text-align: justify;\">A bel\u00edssima Fernanda de Oliveira completou 12 anos no dia 18 de outubro. Ela comemorou a data rodeada de amigos e familiares. Ela recebeu os parab\u00e9ns de seus pais Cust\u00f3dio e Regiane Oliveira. Que seus dias sejam de muitas realiza\u00e7\u00f5es. Feliz Anivers\u00e1rio!<\/p>\n<p style=\"text-align: justify;\"><strong>Parab\u00e9ns Magali<\/strong><\/p>\n<p style=\"text-align: justify;\"><a href=\"http:\/\/folhadosudeste.com\/site\/wp-content\/uploads\/2019\/10\/37015893_641544076204377_567856236297453568_n.jpg\"><img loading=\"lazy\" decoding=\"async\" class=\"alignnone wp-image-67533\" src=\"http:\/\/folhadosudeste.com\/site\/wp-content\/uploads\/2019\/10\/37015893_641544076204377_567856236297453568_n.jpg\" alt=\"\" width=\"600\" height=\"600\" srcset=\"http:\/\/folhadosudeste.com\/site\/wp-content\/uploads\/2019\/10\/37015893_641544076204377_567856236297453568_n.jpg 960w, http:\/\/folhadosudeste.com\/site\/wp-content\/uploads\/2019\/10\/37015893_641544076204377_567856236297453568_n-150x150.jpg 150w, http:\/\/folhadosudeste.com\/site\/wp-content\/uploads\/2019\/10\/37015893_641544076204377_567856236297453568_n-300x300.jpg 300w, http:\/\/folhadosudeste.com\/site\/wp-content\/uploads\/2019\/10\/37015893_641544076204377_567856236297453568_n-768x768.jpg 768w\" sizes=\"auto, (max-width: 600px) 100vw, 600px\" \/><\/a><\/p>\n<p style=\"text-align: justify;\">Quem comemorou seus 69 anos no dia 24 de outubro foi a minha amiga Magali Angelo Costa. Ela recebeu em sua resid\u00eancia sua irm\u00e3 Derlira, Penha e In\u00eas, sobrinhos e amigos da comunidade S\u00e3o Jos\u00e9 Oper\u00e1rio, onde presta relevantes servi\u00e7os a v\u00e1rias pastorais. Receba os parab\u00e9ns da equipe Folha do Sudeste com votos de felicidades, sa\u00fade e muitos anos de vida e que Deus te aben\u00e7oe sempre!<\/p>\n<p style=\"text-align: justify;\"><strong>Parab\u00e9ns Soninha!<\/strong><\/p>\n<p style=\"text-align: justify;\"><strong>&nbsp;<a href=\"http:\/\/folhadosudeste.com\/site\/wp-content\/uploads\/2019\/10\/2b1f7f6a-5d0b-42d0-9ac9-dfac72700fad.jpg\"><img loading=\"lazy\" decoding=\"async\" class=\"alignnone wp-image-67534\" src=\"http:\/\/folhadosudeste.com\/site\/wp-content\/uploads\/2019\/10\/2b1f7f6a-5d0b-42d0-9ac9-dfac72700fad.jpg\" alt=\"\" width=\"600\" height=\"907\" srcset=\"http:\/\/folhadosudeste.com\/site\/wp-content\/uploads\/2019\/10\/2b1f7f6a-5d0b-42d0-9ac9-dfac72700fad.jpg 847w, http:\/\/folhadosudeste.com\/site\/wp-content\/uploads\/2019\/10\/2b1f7f6a-5d0b-42d0-9ac9-dfac72700fad-199x300.jpg 199w, http:\/\/folhadosudeste.com\/site\/wp-content\/uploads\/2019\/10\/2b1f7f6a-5d0b-42d0-9ac9-dfac72700fad-768x1161.jpg 768w, http:\/\/folhadosudeste.com\/site\/wp-content\/uploads\/2019\/10\/2b1f7f6a-5d0b-42d0-9ac9-dfac72700fad-678x1024.jpg 678w\" sizes=\"auto, (max-width: 600px) 100vw, 600px\" \/><\/a><\/strong><\/p>\n<p style=\"text-align: justify;\">Parabenizamos a nossa amiga S\u00f4nia Assis, mais conhecida como Tia Soninha, que \u00e9 orientadora pedag\u00f3gica da Escola S\u00e3o Paulo. Ela comemorou idade nova no dia 22 de outubro e recebeu os parab\u00e9ns dos amigos, companheiros de trabalho e dos familiares. Receba tamb\u00e9m os nossos parab\u00e9ns com votos de felicidades, sa\u00fade e muitos anos de vida!<\/p>\n<p style=\"text-align: justify;\"><strong>Parab\u00e9ns Frederico e Cristiane<\/strong><\/p>\n<p style=\"text-align: justify;\"><a href=\"http:\/\/folhadosudeste.com\/site\/wp-content\/uploads\/2019\/10\/3929e015-b2d0-42bd-a425-8d91daa2487a.jpg\"><img loading=\"lazy\" decoding=\"async\" class=\"alignnone wp-image-67535\" src=\"http:\/\/folhadosudeste.com\/site\/wp-content\/uploads\/2019\/10\/3929e015-b2d0-42bd-a425-8d91daa2487a.jpg\" alt=\"\" width=\"550\" height=\"302\" srcset=\"http:\/\/folhadosudeste.com\/site\/wp-content\/uploads\/2019\/10\/3929e015-b2d0-42bd-a425-8d91daa2487a.jpg 479w, http:\/\/folhadosudeste.com\/site\/wp-content\/uploads\/2019\/10\/3929e015-b2d0-42bd-a425-8d91daa2487a-300x165.jpg 300w\" sizes=\"auto, (max-width: 550px) 100vw, 550px\" \/><\/a><\/p>\n<p style=\"text-align: justify;\">Parab\u00e9ns ao Frederico de Melo Machado \u2013 Assessor de Gest\u00e3o Urbana da Secretaria Municipal de Urbanismo e Meio Ambiente de Muria\u00e9, que comemorou idade nova no dia 21 de outubro e tamb\u00e9m comemorou 10 anos de casados com Cristiane Leonardo Machado no dia 10 de outubro. Ao casal, desejamos felicidades e que Deus aben\u00e7oe sempre esta uni\u00e3o!<\/p>\n<p style=\"text-align: justify;\"><strong>Parab\u00e9ns Jos\u00e9 Carlos<\/strong><\/p>\n<p style=\"text-align: justify;\"><a href=\"http:\/\/folhadosudeste.com\/site\/wp-content\/uploads\/2019\/10\/b0c8b4c8-d25d-4802-9962-1492b0500688.jpg\"><img loading=\"lazy\" decoding=\"async\" class=\"alignnone wp-image-67536 size-full\" src=\"http:\/\/folhadosudeste.com\/site\/wp-content\/uploads\/2019\/10\/b0c8b4c8-d25d-4802-9962-1492b0500688.jpg\" alt=\"\" width=\"540\" height=\"960\" srcset=\"http:\/\/folhadosudeste.com\/site\/wp-content\/uploads\/2019\/10\/b0c8b4c8-d25d-4802-9962-1492b0500688.jpg 540w, http:\/\/folhadosudeste.com\/site\/wp-content\/uploads\/2019\/10\/b0c8b4c8-d25d-4802-9962-1492b0500688-169x300.jpg 169w\" sizes=\"auto, (max-width: 540px) 100vw, 540px\" \/><\/a><\/p>\n<p style=\"text-align: justify;\">Quem completou idade nova foi o di\u00e1cono Jos\u00e9 Carlos no dia 23\/10, que posa na foto com sua esposa diaconisa Ana Cristina, que tamb\u00e9m comemoraram no \u00faltimo dia 20\/10 Bodas de Ervas (29 anos de casados). Parab\u00e9ns ao casal e ao Jos\u00e9 Carlos, que \u00e9 irm\u00e3o da nossa colaboradora Helenice Oliveira!<\/p>\n","protected":false},"excerpt":{"rendered":"<p>Os 51 anos de Isa Machado A elegante Isa Maria Machado, (leia-se Gr\u00e1fica Monte Castelo), completou 51 anos no dia 25 de outubro. &nbsp;Isa recebeu os parab\u00e9ns de seus filhos, amigos e familiares. Receba tamb\u00e9m os nossos votos de um feliz anivers\u00e1rio. Que tenha sempre muitas alegrias e que Deus continue aben\u00e7oando sua vida e [&hellip;]<\/p>\n","protected":false},"author":6,"featured_media":0,"comment_status":"open","ping_status":"closed","sticky":false,"template":"","format":"standard","meta":{"_joinchat":[],"footnotes":""},"categories":[1],"tags":[],"class_list":["post-67526","post","type-post","status-publish","format-standard","hentry","category-sem-categoria"],"_links":{"self":[{"href":"http:\/\/folhadosudeste.com\/site\/index.php?rest_route=\/wp\/v2\/posts\/67526","targetHints":{"allow":["GET"]}}],"collection":[{"href":"http:\/\/folhadosudeste.com\/site\/index.php?rest_route=\/wp\/v2\/posts"}],"about":[{"href":"http:\/\/folhadosudeste.com\/site\/index.php?rest_route=\/wp\/v2\/types\/post"}],"author":[{"embeddable":true,"href":"http:\/\/folhadosudeste.com\/site\/index.php?rest_route=\/wp\/v2\/users\/6"}],"replies":[{"embeddable":true,"href":"http:\/\/folhadosudeste.com\/site\/index.php?rest_route=%2Fwp%2Fv2%2Fcomments&post=67526"}],"version-history":[{"count":1,"href":"http:\/\/folhadosudeste.com\/site\/index.php?rest_route=\/wp\/v2\/posts\/67526\/revisions"}],"predecessor-version":[{"id":67537,"href":"http:\/\/folhadosudeste.com\/site\/index.php?rest_route=\/wp\/v2\/posts\/67526\/revisions\/67537"}],"wp:attachment":[{"href":"http:\/\/folhadosudeste.com\/site\/index.php?rest_route=%2Fwp%2Fv2%2Fmedia&parent=67526"}],"wp:term":[{"taxonomy":"category","embeddable":true,"href":"http:\/\/folhadosudeste.com\/site\/index.php?rest_route=%2Fwp%2Fv2%2Fcategories&post=67526"},{"taxonomy":"post_tag","embeddable":true,"href":"http:\/\/folhadosudeste.com\/site\/index.php?rest_route=%2Fwp%2Fv2%2Ftags&post=67526"}],"curies":[{"name":"wp","href":"https:\/\/api.w.org\/{rel}","templated":true}]}}