{"id":67701,"date":"2019-11-01T20:18:51","date_gmt":"2019-11-01T20:18:51","guid":{"rendered":"http:\/\/folhadosudeste.com\/site\/?p=67701"},"modified":"2019-11-01T20:31:06","modified_gmt":"2019-11-01T20:31:06","slug":"67701","status":"publish","type":"post","link":"http:\/\/folhadosudeste.com\/site\/?p=67701","title":{"rendered":"COLUNA SOCIAL"},"content":{"rendered":"<p style=\"text-align: justify;\"><strong>11 anos de Maria Laura<\/strong><\/p>\n<p><a href=\"http:\/\/folhadosudeste.com\/site\/wp-content\/uploads\/2019\/11\/laura.jpg\"><img loading=\"lazy\" decoding=\"async\" class=\"alignnone wp-image-67707\" src=\"http:\/\/folhadosudeste.com\/site\/wp-content\/uploads\/2019\/11\/laura.jpg\" alt=\"\" width=\"600\" height=\"907\" srcset=\"http:\/\/folhadosudeste.com\/site\/wp-content\/uploads\/2019\/11\/laura.jpg 847w, http:\/\/folhadosudeste.com\/site\/wp-content\/uploads\/2019\/11\/laura-199x300.jpg 199w, http:\/\/folhadosudeste.com\/site\/wp-content\/uploads\/2019\/11\/laura-768x1161.jpg 768w, http:\/\/folhadosudeste.com\/site\/wp-content\/uploads\/2019\/11\/laura-678x1024.jpg 678w\" sizes=\"auto, (max-width: 600px) 100vw, 600px\" \/><\/a><\/p>\n<p style=\"text-align: justify;\">Quem comemorou 11 anos em grande estilo foi a gatinha Maria Laura Aziz Daher, que junto com os seus pais Dr. Paulo Aziz Daher e Fabiane Sim\u00e3o Daher e tamb\u00e9m o irm\u00e3o Pedro Aziz Daher, receberam amigos e familiares em sua resid\u00eancia. Com o tema Fantasias a festa foi um sucesso. Parab\u00e9ns Maria Laura e muitas felicidades que Deus aben\u00e7oe sempre sua vida com muita sa\u00fade, paz e alegrias. Muitos vivas pra voc\u00ea!<\/p>\n<p style=\"text-align: justify;\"><strong>6 anos de Giovana<\/strong><\/p>\n<p style=\"text-align: justify;\"><a href=\"http:\/\/folhadosudeste.com\/site\/wp-content\/uploads\/2019\/11\/gio.jpg\"><img loading=\"lazy\" decoding=\"async\" class=\"alignnone wp-image-67708\" src=\"http:\/\/folhadosudeste.com\/site\/wp-content\/uploads\/2019\/11\/gio.jpg\" alt=\"\" width=\"600\" height=\"397\" srcset=\"http:\/\/folhadosudeste.com\/site\/wp-content\/uploads\/2019\/11\/gio.jpg 1280w, http:\/\/folhadosudeste.com\/site\/wp-content\/uploads\/2019\/11\/gio-300x199.jpg 300w, http:\/\/folhadosudeste.com\/site\/wp-content\/uploads\/2019\/11\/gio-768x508.jpg 768w, http:\/\/folhadosudeste.com\/site\/wp-content\/uploads\/2019\/11\/gio-1024x678.jpg 1024w, http:\/\/folhadosudeste.com\/site\/wp-content\/uploads\/2019\/11\/gio-120x80.jpg 120w, http:\/\/folhadosudeste.com\/site\/wp-content\/uploads\/2019\/11\/gio-590x390.jpg 590w\" sizes=\"auto, (max-width: 600px) 100vw, 600px\" \/><\/a><\/p>\n<p style=\"text-align: justify;\">Parab\u00e9ns para a princesa Giovana que comemorou seus 6 aninhos no dia 24\/10, no espa\u00e7o Tio Vov\u00f4 Festas na G\u00e1vea, o buffet de Do\u00e7uras da Telma, a decora\u00e7\u00e3o de Carolina Flores e o delicioso bolo foi de Rosi Silva Machado. A aniversariante \u00e9 filha de Alessandra Gravel da Silva e Olinto Jos\u00e9 de Paula. Felicidades Giovana! Que Jesus te cubra de b\u00ean\u00e7\u00e3os e muitos anos de vida!<\/p>\n<p style=\"text-align: justify;\"><strong>Batizado de Helena<\/strong><\/p>\n<p style=\"text-align: justify;\"><a href=\"http:\/\/folhadosudeste.com\/site\/wp-content\/uploads\/2019\/11\/helena.jpg\"><img loading=\"lazy\" decoding=\"async\" class=\"alignnone wp-image-67709\" src=\"http:\/\/folhadosudeste.com\/site\/wp-content\/uploads\/2019\/11\/helena.jpg\" alt=\"\" width=\"600\" height=\"907\" srcset=\"http:\/\/folhadosudeste.com\/site\/wp-content\/uploads\/2019\/11\/helena.jpg 847w, http:\/\/folhadosudeste.com\/site\/wp-content\/uploads\/2019\/11\/helena-199x300.jpg 199w, http:\/\/folhadosudeste.com\/site\/wp-content\/uploads\/2019\/11\/helena-768x1161.jpg 768w, http:\/\/folhadosudeste.com\/site\/wp-content\/uploads\/2019\/11\/helena-678x1024.jpg 678w\" sizes=\"auto, (max-width: 600px) 100vw, 600px\" \/><\/a><\/p>\n<p style=\"text-align: justify;\">Foi na Par\u00f3quia Nossa Senhora do Santana que a pequena Helena recebeu o Sacramento do Batismo no domingo 20\/10. Seus pais Waltecy da Silva e Roziane Aparecida de Almeida, ficaram felizes com a presen\u00e7a dos padrinhos, amigos e familiares. Helena que Papai do C\u00e9u ilumine sempre seus caminhos!<\/p>\n<p style=\"text-align: justify;\"><strong>Felicidades Fabr\u00edcio<\/strong><\/p>\n<p style=\"text-align: justify;\"><a href=\"http:\/\/folhadosudeste.com\/site\/wp-content\/uploads\/2019\/11\/fabricio.jpg\"><img loading=\"lazy\" decoding=\"async\" class=\"alignnone wp-image-67710\" src=\"http:\/\/folhadosudeste.com\/site\/wp-content\/uploads\/2019\/11\/fabricio.jpg\" alt=\"\" width=\"600\" height=\"807\" srcset=\"http:\/\/folhadosudeste.com\/site\/wp-content\/uploads\/2019\/11\/fabricio.jpg 714w, http:\/\/folhadosudeste.com\/site\/wp-content\/uploads\/2019\/11\/fabricio-223x300.jpg 223w\" sizes=\"auto, (max-width: 600px) 100vw, 600px\" \/><\/a><\/p>\n<p style=\"text-align: justify;\">Quem comemorou idade nova nesta quarta-feira 30 foi o Policial Militar (PMERJ), Fabr\u00edcio Brambila. Ele recebeu os parab\u00e9ns dos amigos, familiares, em especial da sua m\u00e3e Maria Jos\u00e9 Brambila, de seu irm\u00e3o Luciano, de sua sobrinha Larissa e de sua noiva Renata. Receba tamb\u00e9m as homenagens de toda equipe Folha do Sudeste com desejos de felicidades, muita sa\u00fade e muitos anos de vida. Que Deus continue te aben\u00e7oando e te protegendo em sua caminhada. Parab\u00e9ns<\/p>\n<p style=\"text-align: justify;\"><strong>Parab\u00e9ns Padre Paulo<\/strong><\/p>\n<p style=\"text-align: justify;\"><a href=\"http:\/\/folhadosudeste.com\/site\/wp-content\/uploads\/2019\/11\/padre.jpg\"><img loading=\"lazy\" decoding=\"async\" class=\"alignnone wp-image-67711\" src=\"http:\/\/folhadosudeste.com\/site\/wp-content\/uploads\/2019\/11\/padre.jpg\" alt=\"\" width=\"600\" height=\"450\" srcset=\"http:\/\/folhadosudeste.com\/site\/wp-content\/uploads\/2019\/11\/padre.jpg 960w, http:\/\/folhadosudeste.com\/site\/wp-content\/uploads\/2019\/11\/padre-300x225.jpg 300w, http:\/\/folhadosudeste.com\/site\/wp-content\/uploads\/2019\/11\/padre-768x576.jpg 768w\" sizes=\"auto, (max-width: 600px) 100vw, 600px\" \/><\/a><\/p>\n<p style=\"text-align: justify;\">Quem comemorou idade nova na segunda 28 de outubro, foi o nosso querido Padre Paulo Roberto, P\u00e1roco da Par\u00f3quia Santa Cruz. Desejamos ao Pe. Paulo felicidades sempre! Que Deus seja sempre luz no seu caminho. Um abra\u00e7o dos amigos do Folha do Sudeste!<\/p>\n<p style=\"text-align: justify;\"><strong>Parab\u00e9ns Helenice<\/strong><\/p>\n<p style=\"text-align: justify;\"><a href=\"http:\/\/folhadosudeste.com\/site\/wp-content\/uploads\/2019\/11\/helenice.jpg\"><img loading=\"lazy\" decoding=\"async\" class=\"alignnone wp-image-67712\" src=\"http:\/\/folhadosudeste.com\/site\/wp-content\/uploads\/2019\/11\/helenice.jpg\" alt=\"\" width=\"600\" height=\"600\" srcset=\"http:\/\/folhadosudeste.com\/site\/wp-content\/uploads\/2019\/11\/helenice.jpg 640w, http:\/\/folhadosudeste.com\/site\/wp-content\/uploads\/2019\/11\/helenice-150x150.jpg 150w, http:\/\/folhadosudeste.com\/site\/wp-content\/uploads\/2019\/11\/helenice-300x300.jpg 300w\" sizes=\"auto, (max-width: 600px) 100vw, 600px\" \/><\/a><\/p>\n<p style=\"text-align: justify;\">Nesta sexta, 1\u00b0 de novembro, nossa amiga e mission\u00e1ria Helenice Oliveira, comemorou mais um ano de vida com muita sa\u00fade.&nbsp; Ela recebeu os parab\u00e9ns do filho Daniel, dos amigos, familiares e dos irm\u00e3os de igreja. Helenice, que Deus esteja sempre te aben\u00e7oando com muitos anos de vida. Receba os parab\u00e9ns com votos de felicidades da equipe Folha do Sudeste.<\/p>\n<p style=\"text-align: justify;\"><strong>Debut de Vit\u00f3ria Luiza!<\/strong><\/p>\n<p><a href=\"http:\/\/folhadosudeste.com\/site\/wp-content\/uploads\/2019\/11\/DSC_0395-1.jpg\"><img loading=\"lazy\" decoding=\"async\" class=\"alignnone wp-image-67714\" src=\"http:\/\/folhadosudeste.com\/site\/wp-content\/uploads\/2019\/11\/DSC_0395-1.jpg\" alt=\"\" width=\"600\" height=\"906\" srcset=\"http:\/\/folhadosudeste.com\/site\/wp-content\/uploads\/2019\/11\/DSC_0395-1.jpg 800w, http:\/\/folhadosudeste.com\/site\/wp-content\/uploads\/2019\/11\/DSC_0395-1-199x300.jpg 199w, http:\/\/folhadosudeste.com\/site\/wp-content\/uploads\/2019\/11\/DSC_0395-1-768x1160.jpg 768w, http:\/\/folhadosudeste.com\/site\/wp-content\/uploads\/2019\/11\/DSC_0395-1-678x1024.jpg 678w\" sizes=\"auto, (max-width: 600px) 100vw, 600px\" \/><\/a><\/p>\n<p style=\"text-align: justify;\"><a href=\"http:\/\/folhadosudeste.com\/site\/wp-content\/uploads\/2019\/11\/57421946_1603395106462264_2033340687335817216_n.jpg\"><img loading=\"lazy\" decoding=\"async\" class=\"alignnone wp-image-67713\" src=\"http:\/\/folhadosudeste.com\/site\/wp-content\/uploads\/2019\/11\/57421946_1603395106462264_2033340687335817216_n.jpg\" alt=\"\" width=\"600\" height=\"600\" srcset=\"http:\/\/folhadosudeste.com\/site\/wp-content\/uploads\/2019\/11\/57421946_1603395106462264_2033340687335817216_n.jpg 960w, http:\/\/folhadosudeste.com\/site\/wp-content\/uploads\/2019\/11\/57421946_1603395106462264_2033340687335817216_n-150x150.jpg 150w, http:\/\/folhadosudeste.com\/site\/wp-content\/uploads\/2019\/11\/57421946_1603395106462264_2033340687335817216_n-300x300.jpg 300w, http:\/\/folhadosudeste.com\/site\/wp-content\/uploads\/2019\/11\/57421946_1603395106462264_2033340687335817216_n-768x768.jpg 768w\" sizes=\"auto, (max-width: 600px) 100vw, 600px\" \/><\/a><\/p>\n<p style=\"text-align: justify;\">Parabenizamos a jovem Vit\u00f3ria Luiza, que debutou seus 15 anos em grande estilo com uma linda festa, no s\u00e1bado 26\/10, na Fazenda Divis\u00f3rio, com a bel\u00edssima decora\u00e7\u00e3o e buffet de Tiago Beloni. Destaque para a cerimonialista Luana Cruz que com seu talento e compet\u00eancia deixou a festa maravilhosamente organizada. Tudo ficou perfeito. Os pais de Vit\u00f3ria Sandra Sueli e Jos\u00e9 Rodrigues agradecem a todos que estavam presentes e que fizeram com que esse momento fosse eternizado!<\/p>\n","protected":false},"excerpt":{"rendered":"<p>11 anos de Maria Laura Quem comemorou 11 anos em grande estilo foi a gatinha Maria Laura Aziz Daher, que junto com os seus pais Dr. Paulo Aziz Daher e Fabiane Sim\u00e3o Daher e tamb\u00e9m o irm\u00e3o Pedro Aziz Daher, receberam amigos e familiares em sua resid\u00eancia. Com o tema Fantasias a festa foi um [&hellip;]<\/p>\n","protected":false},"author":6,"featured_media":0,"comment_status":"open","ping_status":"closed","sticky":false,"template":"","format":"standard","meta":{"_joinchat":[],"footnotes":""},"categories":[1],"tags":[],"class_list":["post-67701","post","type-post","status-publish","format-standard","hentry","category-sem-categoria"],"_links":{"self":[{"href":"http:\/\/folhadosudeste.com\/site\/index.php?rest_route=\/wp\/v2\/posts\/67701","targetHints":{"allow":["GET"]}}],"collection":[{"href":"http:\/\/folhadosudeste.com\/site\/index.php?rest_route=\/wp\/v2\/posts"}],"about":[{"href":"http:\/\/folhadosudeste.com\/site\/index.php?rest_route=\/wp\/v2\/types\/post"}],"author":[{"embeddable":true,"href":"http:\/\/folhadosudeste.com\/site\/index.php?rest_route=\/wp\/v2\/users\/6"}],"replies":[{"embeddable":true,"href":"http:\/\/folhadosudeste.com\/site\/index.php?rest_route=%2Fwp%2Fv2%2Fcomments&post=67701"}],"version-history":[{"count":2,"href":"http:\/\/folhadosudeste.com\/site\/index.php?rest_route=\/wp\/v2\/posts\/67701\/revisions"}],"predecessor-version":[{"id":67723,"href":"http:\/\/folhadosudeste.com\/site\/index.php?rest_route=\/wp\/v2\/posts\/67701\/revisions\/67723"}],"wp:attachment":[{"href":"http:\/\/folhadosudeste.com\/site\/index.php?rest_route=%2Fwp%2Fv2%2Fmedia&parent=67701"}],"wp:term":[{"taxonomy":"category","embeddable":true,"href":"http:\/\/folhadosudeste.com\/site\/index.php?rest_route=%2Fwp%2Fv2%2Fcategories&post=67701"},{"taxonomy":"post_tag","embeddable":true,"href":"http:\/\/folhadosudeste.com\/site\/index.php?rest_route=%2Fwp%2Fv2%2Ftags&post=67701"}],"curies":[{"name":"wp","href":"https:\/\/api.w.org\/{rel}","templated":true}]}}