{"id":67732,"date":"2019-11-06T20:30:02","date_gmt":"2019-11-06T20:30:02","guid":{"rendered":"http:\/\/folhadosudeste.com\/site\/?p=67732"},"modified":"2019-11-06T20:30:02","modified_gmt":"2019-11-06T20:30:02","slug":"inaugurada-pela-prefeitura-unica-reune-gestao-da-politica-de-assistencia-social-de-muriae","status":"publish","type":"post","link":"http:\/\/folhadosudeste.com\/site\/?p=67732","title":{"rendered":"Inaugurada pela Prefeitura, \u00danica re\u00fane gest\u00e3o da pol\u00edtica de assist\u00eancia social de Muria\u00e9"},"content":{"rendered":"<p><a href=\"http:\/\/folhadosudeste.com\/site\/wp-content\/uploads\/2019\/11\/IMG_1801.jpg\"><img loading=\"lazy\" decoding=\"async\" class=\"alignnone size-full wp-image-67733\" src=\"http:\/\/folhadosudeste.com\/site\/wp-content\/uploads\/2019\/11\/IMG_1801.jpg\" alt=\"\" width=\"1000\" height=\"654\" srcset=\"http:\/\/folhadosudeste.com\/site\/wp-content\/uploads\/2019\/11\/IMG_1801.jpg 1000w, http:\/\/folhadosudeste.com\/site\/wp-content\/uploads\/2019\/11\/IMG_1801-300x196.jpg 300w, http:\/\/folhadosudeste.com\/site\/wp-content\/uploads\/2019\/11\/IMG_1801-768x502.jpg 768w\" sizes=\"auto, (max-width: 1000px) 100vw, 1000px\" \/><\/a><\/p>\n<p style=\"text-align: justify;\"><i>Solenidade aconteceu neste domingo (3), com a presen\u00e7a de diversas autoridades e com atividades art\u00edsticas e culturais; unidade est\u00e1 localizada no antigo Sesi<u><\/u><u><\/u><\/i><\/p>\n<p style=\"text-align: justify;\"><u><\/u>A Unidade Integrada da Cidadania e A\u00e7\u00e3o (<span class=\"il\">\u00danica<\/span>) &#8211; \u201cGilc\u00e9a do Carmo Grammatikopoulos\u201d re\u00fane em um s\u00f3 espa\u00e7o toda a gest\u00e3o da pol\u00edtica de assist\u00eancia social do munic\u00edpio. Inaugurada no domingo (3), a unidade est\u00e1 funcionando no antigo Sesi, Safira.<u><\/u><u><\/u><u><\/u>&nbsp;<u><\/u><\/p>\n<p style=\"text-align: justify;\">Autoridades civis, militares e religiosas participaram cerim\u00f4nia, que tamb\u00e9m reuniu milhares de moradores do Safira e bairros adjacentes e familiares da homenageada. O evento contou com diversas atividades para o p\u00fablico, como apresenta\u00e7\u00f5es art\u00edsticas, culturais e esportivas, pintura facial, pula-pula, touro mec\u00e2nico, al\u00e9m de distribui\u00e7\u00e3o de pipoca, algod\u00e3o-doce, refrigerante, bolo e picol\u00e9.<u><\/u><u><\/u><u><\/u>&nbsp;<u><\/u><\/p>\n<p style=\"text-align: justify;\">\u201cFizemos tudo com muito carinho para que a&nbsp;<span class=\"il\">\u00danica<\/span>&nbsp;possa atender a todos da melhor forma poss\u00edvel. Aqui, vamos cuidar e acolher pessoas. A\u00e7\u00e3o social \u00e9 trabalhar por uma sociedade cada vez mais cidad\u00e3, e \u00e9 com muito orgulho que entregamos este bel\u00edssimo espa\u00e7o para toda a sociedade muriaeense, um espa\u00e7o que ser\u00e1 de todos\u201d, diz o prefeito Grego, tamb\u00e9m filho da homenageada.<u><\/u><u><\/u><u><\/u>&nbsp;<u><\/u><\/p>\n<p style=\"text-align: justify;\"><b>Estrutura da&nbsp;<span class=\"il\">\u00danica<\/span>&nbsp;&#8211;<\/b>&nbsp;Na unidade, est\u00e1 funcionando toda a parte administrativa da Secretaria Municipal de Desenvolvimento Social, no mesmo hor\u00e1rio em que funcionava no Centro Administrativo: de segunda a sexta-feira, das 7h30min \u00e0s 17h.<u><\/u><u><\/u><u><\/u>&nbsp;<u><\/u><\/p>\n<p style=\"text-align: justify;\">A&nbsp;<span class=\"il\">\u00danica<\/span>&nbsp;abriga, entre outros, o Departamento de Vigil\u00e2ncia Socioassistencial, Secretaria Executiva de Controle Social; Diretoria de Prote\u00e7\u00e3o Social B\u00e1sica; Gabinete do Secret\u00e1rio Municipal de Desenvolvimento Social; Assessoria T\u00e9cnica do Secret\u00e1rio de Desenvolvimento Social; Servi\u00e7o de Conviv\u00eancia e Fortalecimento de V\u00ednculos; Diretoria de Prote\u00e7\u00e3o Social Especial; Departamento de Gest\u00e3o de Benef\u00edcios de Transfer\u00eancia de Renda; Cadastro \u00danico; Departamento de Gest\u00e3o Administrativa, Financeira e Or\u00e7ament\u00e1ria; Coordena\u00e7\u00e3o de Programas Sociais; Programa de Erradica\u00e7\u00e3o do Trabalho Infantil (Peti); Acessuas Trabalho; Programa Est\u00e1gio Jovem; Programa Crian\u00e7a Feliz; Divis\u00e3o de Habita\u00e7\u00e3o de Interesse Social; Log\u00edstica e Manuten\u00e7\u00e3o; al\u00e9m do N\u00facleo de Atendimento da Assist\u00eancia Social (NAAS).<u><\/u><u><\/u><u><\/u>&nbsp;<u><\/u><\/p>\n<p style=\"text-align: justify;\">A unidade tamb\u00e9m estar\u00e1 de portas abertas para as atividades a serem desenvolvidas pelos mais diversos equipamentos p\u00fablicos, como NASF-AB, CAPS, Casa Lar, Centro POP, Centro de Conviv\u00eancia dos Idosos (CCI), Servi\u00e7o de Conviv\u00eancia e Fortalecimento de V\u00ednculos, Projeto Shotokan Karat\u00ea Do e Escola Municipal Ricardo Oliveira Morais de Azevedo.<u><\/u><u><\/u><u><\/u>&nbsp;<u><\/u><\/p>\n<p style=\"text-align: justify;\">A popula\u00e7\u00e3o tamb\u00e9m ter\u00e1 acesso livre ao espa\u00e7o da&nbsp;<span class=\"il\">\u00danica<\/span>&nbsp;para suas atividades de lazer, podendo usufruir do p\u00e1tio, do parque infantil e tamb\u00e9m da quadra. O espa\u00e7o ficar\u00e1 aberto ao p\u00fablico das 7h \u00e0s 22h durante os finais de semana e feriados.<u><\/u><u><\/u><u><\/u>&nbsp;<u><\/u><\/p>\n<p style=\"text-align: justify;\">\u201cA&nbsp;<span class=\"il\">\u00danica<\/span>&nbsp;\u00e9 um presente para todos os muriaeenses. A unidade n\u00e3o servir\u00e1 somente a uma parte da comunidade, mas a toda a nossa cidade e distritos. Estamos aqui para servir a todos com muito carinho, \u00e0s pessoas que tanto precisam de nossos servi\u00e7os. Estamos \u00e0 disposi\u00e7\u00e3o e de portas abertas\u201d, afirma o secret\u00e1rio Municipal de Desenvolvimento Social, Alex Reis Pedrosa (Leleco).<u><\/u><u><\/u><u><\/u>&nbsp;<u><\/u><\/p>\n<p style=\"text-align: justify;\">\u201cDestinar este espa\u00e7o para o funcionamento da gest\u00e3o da pol\u00edtica de assist\u00eancia social do munic\u00edpio mostra a valoriza\u00e7\u00e3o que esta administra\u00e7\u00e3o tem na \u00e1rea social e de todos esses servi\u00e7os e trabalhos que estamos desempenhando. Um trabalho s\u00e9rio, de qualidade, responsabilidade, que emprega os recursos p\u00fablicos de modo correto e que os destina a quem precisa, fazendo com que sejamos refer\u00eancia no estado e no pa\u00eds. N\u00f3s temos muito orgulho de chegarmos at\u00e9 aqui e podermos fazer muito mais do que fizemos at\u00e9 agora\u201d, completa a assessora t\u00e9cnica do secret\u00e1rio da pasta, Giselle Braga.<u><\/u><u><\/u><u><\/u>&nbsp;<u><\/u><\/p>\n<p style=\"text-align: justify;\"><b>A homenageada \u2013<\/b>&nbsp;A homenageada com o nome da&nbsp;<span class=\"il\">\u00danica<\/span>, Gilc\u00e9a do Carmo Grammatikopoulos, nasceu em 3 de mar\u00e7o de 1941. Filha de Jos\u00e9 Luiz do Carmo e Abgail \u00c1vila do Carmo, Gilc\u00e9a casou-se em 15 de abril de 1967 com Konstantinos Ioannis Grammatikopoulos, com quem teve tr\u00eas filhos: Ioannis Konstantinos (atual prefeito de Muria\u00e9), Stylianos e Aristides.<u><\/u><u><\/u><u><\/u>&nbsp;<u><\/u><\/p>\n<p style=\"text-align: justify;\">Gilc\u00e9a foi servidora do munic\u00edpio e ficou vi\u00fava aos 39 anos, quando deu in\u00edcio a uma vida de luta para criar seus tr\u00eas filhos, que ainda eram crian\u00e7as. Aposentou-se como auxiliar de servi\u00e7os escolares aos 60 anos. Faleceu em 29 de outubro de 2001.<\/p>\n<p><a href=\"http:\/\/folhadosudeste.com\/site\/wp-content\/uploads\/2019\/11\/IMG_1804-1.jpg\"><img loading=\"lazy\" decoding=\"async\" class=\"alignnone size-full wp-image-67738\" src=\"http:\/\/folhadosudeste.com\/site\/wp-content\/uploads\/2019\/11\/IMG_1804-1.jpg\" alt=\"\" width=\"1000\" height=\"667\" srcset=\"http:\/\/folhadosudeste.com\/site\/wp-content\/uploads\/2019\/11\/IMG_1804-1.jpg 1000w, http:\/\/folhadosudeste.com\/site\/wp-content\/uploads\/2019\/11\/IMG_1804-1-300x200.jpg 300w, http:\/\/folhadosudeste.com\/site\/wp-content\/uploads\/2019\/11\/IMG_1804-1-768x512.jpg 768w, http:\/\/folhadosudeste.com\/site\/wp-content\/uploads\/2019\/11\/IMG_1804-1-120x80.jpg 120w, http:\/\/folhadosudeste.com\/site\/wp-content\/uploads\/2019\/11\/IMG_1804-1-345x230.jpg 345w\" sizes=\"auto, (max-width: 1000px) 100vw, 1000px\" \/><\/a> <a href=\"http:\/\/folhadosudeste.com\/site\/wp-content\/uploads\/2019\/11\/IMG_1812.jpg\"><img loading=\"lazy\" decoding=\"async\" class=\"alignnone size-full wp-image-67739\" src=\"http:\/\/folhadosudeste.com\/site\/wp-content\/uploads\/2019\/11\/IMG_1812.jpg\" alt=\"\" width=\"1000\" height=\"650\" srcset=\"http:\/\/folhadosudeste.com\/site\/wp-content\/uploads\/2019\/11\/IMG_1812.jpg 1000w, http:\/\/folhadosudeste.com\/site\/wp-content\/uploads\/2019\/11\/IMG_1812-300x195.jpg 300w, http:\/\/folhadosudeste.com\/site\/wp-content\/uploads\/2019\/11\/IMG_1812-768x499.jpg 768w\" sizes=\"auto, (max-width: 1000px) 100vw, 1000px\" \/><\/a><\/p>\n<p><!--more--><\/p>\n<p><a href=\"http:\/\/folhadosudeste.com\/site\/wp-content\/uploads\/2019\/11\/IMG_1817.jpg\"><img loading=\"lazy\" decoding=\"async\" class=\"alignnone size-full wp-image-67740\" src=\"http:\/\/folhadosudeste.com\/site\/wp-content\/uploads\/2019\/11\/IMG_1817.jpg\" alt=\"\" width=\"1000\" height=\"645\" srcset=\"http:\/\/folhadosudeste.com\/site\/wp-content\/uploads\/2019\/11\/IMG_1817.jpg 1000w, http:\/\/folhadosudeste.com\/site\/wp-content\/uploads\/2019\/11\/IMG_1817-300x194.jpg 300w, http:\/\/folhadosudeste.com\/site\/wp-content\/uploads\/2019\/11\/IMG_1817-768x495.jpg 768w\" sizes=\"auto, (max-width: 1000px) 100vw, 1000px\" \/><\/a> <a href=\"http:\/\/folhadosudeste.com\/site\/wp-content\/uploads\/2019\/11\/IMG_1822.jpg\"><img loading=\"lazy\" decoding=\"async\" class=\"alignnone size-full wp-image-67741\" src=\"http:\/\/folhadosudeste.com\/site\/wp-content\/uploads\/2019\/11\/IMG_1822.jpg\" alt=\"\" width=\"1000\" height=\"667\" srcset=\"http:\/\/folhadosudeste.com\/site\/wp-content\/uploads\/2019\/11\/IMG_1822.jpg 1000w, http:\/\/folhadosudeste.com\/site\/wp-content\/uploads\/2019\/11\/IMG_1822-300x200.jpg 300w, http:\/\/folhadosudeste.com\/site\/wp-content\/uploads\/2019\/11\/IMG_1822-768x512.jpg 768w, http:\/\/folhadosudeste.com\/site\/wp-content\/uploads\/2019\/11\/IMG_1822-120x80.jpg 120w, http:\/\/folhadosudeste.com\/site\/wp-content\/uploads\/2019\/11\/IMG_1822-345x230.jpg 345w\" sizes=\"auto, (max-width: 1000px) 100vw, 1000px\" \/><\/a> <a href=\"http:\/\/folhadosudeste.com\/site\/wp-content\/uploads\/2019\/11\/IMG_1827.jpg\"><img loading=\"lazy\" decoding=\"async\" class=\"alignnone size-full wp-image-67742\" src=\"http:\/\/folhadosudeste.com\/site\/wp-content\/uploads\/2019\/11\/IMG_1827.jpg\" alt=\"\" width=\"1000\" height=\"656\" srcset=\"http:\/\/folhadosudeste.com\/site\/wp-content\/uploads\/2019\/11\/IMG_1827.jpg 1000w, http:\/\/folhadosudeste.com\/site\/wp-content\/uploads\/2019\/11\/IMG_1827-300x197.jpg 300w, http:\/\/folhadosudeste.com\/site\/wp-content\/uploads\/2019\/11\/IMG_1827-768x504.jpg 768w, http:\/\/folhadosudeste.com\/site\/wp-content\/uploads\/2019\/11\/IMG_1827-120x80.jpg 120w\" sizes=\"auto, (max-width: 1000px) 100vw, 1000px\" \/><\/a> <a href=\"http:\/\/folhadosudeste.com\/site\/wp-content\/uploads\/2019\/11\/IMG_1835.jpg\"><img loading=\"lazy\" decoding=\"async\" class=\"alignnone size-full wp-image-67743\" src=\"http:\/\/folhadosudeste.com\/site\/wp-content\/uploads\/2019\/11\/IMG_1835.jpg\" alt=\"\" width=\"1000\" height=\"683\" srcset=\"http:\/\/folhadosudeste.com\/site\/wp-content\/uploads\/2019\/11\/IMG_1835.jpg 1000w, http:\/\/folhadosudeste.com\/site\/wp-content\/uploads\/2019\/11\/IMG_1835-300x205.jpg 300w, http:\/\/folhadosudeste.com\/site\/wp-content\/uploads\/2019\/11\/IMG_1835-768x525.jpg 768w, http:\/\/folhadosudeste.com\/site\/wp-content\/uploads\/2019\/11\/IMG_1835-220x150.jpg 220w\" sizes=\"auto, (max-width: 1000px) 100vw, 1000px\" \/><\/a> <a href=\"http:\/\/folhadosudeste.com\/site\/wp-content\/uploads\/2019\/11\/IMG_1846.jpg\"><img loading=\"lazy\" decoding=\"async\" class=\"alignnone size-full wp-image-67744\" src=\"http:\/\/folhadosudeste.com\/site\/wp-content\/uploads\/2019\/11\/IMG_1846.jpg\" alt=\"\" width=\"1000\" height=\"657\" srcset=\"http:\/\/folhadosudeste.com\/site\/wp-content\/uploads\/2019\/11\/IMG_1846.jpg 1000w, http:\/\/folhadosudeste.com\/site\/wp-content\/uploads\/2019\/11\/IMG_1846-300x197.jpg 300w, http:\/\/folhadosudeste.com\/site\/wp-content\/uploads\/2019\/11\/IMG_1846-768x505.jpg 768w, http:\/\/folhadosudeste.com\/site\/wp-content\/uploads\/2019\/11\/IMG_1846-120x80.jpg 120w\" sizes=\"auto, (max-width: 1000px) 100vw, 1000px\" \/><\/a> <a href=\"http:\/\/folhadosudeste.com\/site\/wp-content\/uploads\/2019\/11\/IMG_1850.jpg\"><img loading=\"lazy\" decoding=\"async\" class=\"alignnone size-full wp-image-67745\" src=\"http:\/\/folhadosudeste.com\/site\/wp-content\/uploads\/2019\/11\/IMG_1850.jpg\" alt=\"\" width=\"1000\" height=\"626\" srcset=\"http:\/\/folhadosudeste.com\/site\/wp-content\/uploads\/2019\/11\/IMG_1850.jpg 1000w, http:\/\/folhadosudeste.com\/site\/wp-content\/uploads\/2019\/11\/IMG_1850-300x188.jpg 300w, http:\/\/folhadosudeste.com\/site\/wp-content\/uploads\/2019\/11\/IMG_1850-768x481.jpg 768w\" sizes=\"auto, (max-width: 1000px) 100vw, 1000px\" \/><\/a> <a href=\"http:\/\/folhadosudeste.com\/site\/wp-content\/uploads\/2019\/11\/IMG_1858.jpg\"><img loading=\"lazy\" decoding=\"async\" class=\"alignnone size-full wp-image-67746\" src=\"http:\/\/folhadosudeste.com\/site\/wp-content\/uploads\/2019\/11\/IMG_1858.jpg\" alt=\"\" width=\"1000\" height=\"663\" srcset=\"http:\/\/folhadosudeste.com\/site\/wp-content\/uploads\/2019\/11\/IMG_1858.jpg 1000w, http:\/\/folhadosudeste.com\/site\/wp-content\/uploads\/2019\/11\/IMG_1858-300x199.jpg 300w, http:\/\/folhadosudeste.com\/site\/wp-content\/uploads\/2019\/11\/IMG_1858-768x509.jpg 768w, http:\/\/folhadosudeste.com\/site\/wp-content\/uploads\/2019\/11\/IMG_1858-120x80.jpg 120w, http:\/\/folhadosudeste.com\/site\/wp-content\/uploads\/2019\/11\/IMG_1858-345x230.jpg 345w, http:\/\/folhadosudeste.com\/site\/wp-content\/uploads\/2019\/11\/IMG_1858-590x390.jpg 590w\" sizes=\"auto, (max-width: 1000px) 100vw, 1000px\" \/><\/a> <a href=\"http:\/\/folhadosudeste.com\/site\/wp-content\/uploads\/2019\/11\/IMG_1860.jpg\"><img loading=\"lazy\" decoding=\"async\" class=\"alignnone size-full wp-image-67747\" src=\"http:\/\/folhadosudeste.com\/site\/wp-content\/uploads\/2019\/11\/IMG_1860.jpg\" alt=\"\" width=\"1000\" height=\"694\" srcset=\"http:\/\/folhadosudeste.com\/site\/wp-content\/uploads\/2019\/11\/IMG_1860.jpg 1000w, http:\/\/folhadosudeste.com\/site\/wp-content\/uploads\/2019\/11\/IMG_1860-300x208.jpg 300w, http:\/\/folhadosudeste.com\/site\/wp-content\/uploads\/2019\/11\/IMG_1860-768x533.jpg 768w\" sizes=\"auto, (max-width: 1000px) 100vw, 1000px\" \/><\/a> <a href=\"http:\/\/folhadosudeste.com\/site\/wp-content\/uploads\/2019\/11\/IMG_1867.jpg\"><img loading=\"lazy\" decoding=\"async\" class=\"alignnone size-full wp-image-67748\" src=\"http:\/\/folhadosudeste.com\/site\/wp-content\/uploads\/2019\/11\/IMG_1867.jpg\" alt=\"\" width=\"1000\" height=\"640\" srcset=\"http:\/\/folhadosudeste.com\/site\/wp-content\/uploads\/2019\/11\/IMG_1867.jpg 1000w, http:\/\/folhadosudeste.com\/site\/wp-content\/uploads\/2019\/11\/IMG_1867-300x192.jpg 300w, http:\/\/folhadosudeste.com\/site\/wp-content\/uploads\/2019\/11\/IMG_1867-768x492.jpg 768w\" sizes=\"auto, (max-width: 1000px) 100vw, 1000px\" \/><\/a> <a href=\"http:\/\/folhadosudeste.com\/site\/wp-content\/uploads\/2019\/11\/IMG_1901.jpg\"><img loading=\"lazy\" decoding=\"async\" class=\"alignnone size-full wp-image-67749\" src=\"http:\/\/folhadosudeste.com\/site\/wp-content\/uploads\/2019\/11\/IMG_1901.jpg\" alt=\"\" width=\"1000\" height=\"667\" srcset=\"http:\/\/folhadosudeste.com\/site\/wp-content\/uploads\/2019\/11\/IMG_1901.jpg 1000w, http:\/\/folhadosudeste.com\/site\/wp-content\/uploads\/2019\/11\/IMG_1901-300x200.jpg 300w, http:\/\/folhadosudeste.com\/site\/wp-content\/uploads\/2019\/11\/IMG_1901-768x512.jpg 768w, http:\/\/folhadosudeste.com\/site\/wp-content\/uploads\/2019\/11\/IMG_1901-120x80.jpg 120w, http:\/\/folhadosudeste.com\/site\/wp-content\/uploads\/2019\/11\/IMG_1901-345x230.jpg 345w\" sizes=\"auto, (max-width: 1000px) 100vw, 1000px\" \/><\/a> <a href=\"http:\/\/folhadosudeste.com\/site\/wp-content\/uploads\/2019\/11\/IMG_1905.jpg\"><img loading=\"lazy\" decoding=\"async\" class=\"alignnone size-full wp-image-67750\" src=\"http:\/\/folhadosudeste.com\/site\/wp-content\/uploads\/2019\/11\/IMG_1905.jpg\" alt=\"\" width=\"1000\" height=\"707\" srcset=\"http:\/\/folhadosudeste.com\/site\/wp-content\/uploads\/2019\/11\/IMG_1905.jpg 1000w, http:\/\/folhadosudeste.com\/site\/wp-content\/uploads\/2019\/11\/IMG_1905-300x212.jpg 300w, http:\/\/folhadosudeste.com\/site\/wp-content\/uploads\/2019\/11\/IMG_1905-768x543.jpg 768w\" sizes=\"auto, (max-width: 1000px) 100vw, 1000px\" \/><\/a> <a href=\"http:\/\/folhadosudeste.com\/site\/wp-content\/uploads\/2019\/11\/IMG_1945.jpg\"><img loading=\"lazy\" decoding=\"async\" class=\"alignnone size-full wp-image-67751\" src=\"http:\/\/folhadosudeste.com\/site\/wp-content\/uploads\/2019\/11\/IMG_1945.jpg\" alt=\"\" width=\"1000\" height=\"667\" srcset=\"http:\/\/folhadosudeste.com\/site\/wp-content\/uploads\/2019\/11\/IMG_1945.jpg 1000w, http:\/\/folhadosudeste.com\/site\/wp-content\/uploads\/2019\/11\/IMG_1945-300x200.jpg 300w, http:\/\/folhadosudeste.com\/site\/wp-content\/uploads\/2019\/11\/IMG_1945-768x512.jpg 768w, http:\/\/folhadosudeste.com\/site\/wp-content\/uploads\/2019\/11\/IMG_1945-120x80.jpg 120w, http:\/\/folhadosudeste.com\/site\/wp-content\/uploads\/2019\/11\/IMG_1945-345x230.jpg 345w\" sizes=\"auto, (max-width: 1000px) 100vw, 1000px\" \/><\/a> <a href=\"http:\/\/folhadosudeste.com\/site\/wp-content\/uploads\/2019\/11\/IMG_1972-1.jpg\"><img loading=\"lazy\" decoding=\"async\" class=\"alignnone size-full wp-image-67752\" src=\"http:\/\/folhadosudeste.com\/site\/wp-content\/uploads\/2019\/11\/IMG_1972-1.jpg\" alt=\"\" width=\"1000\" height=\"667\" srcset=\"http:\/\/folhadosudeste.com\/site\/wp-content\/uploads\/2019\/11\/IMG_1972-1.jpg 1000w, http:\/\/folhadosudeste.com\/site\/wp-content\/uploads\/2019\/11\/IMG_1972-1-300x200.jpg 300w, http:\/\/folhadosudeste.com\/site\/wp-content\/uploads\/2019\/11\/IMG_1972-1-768x512.jpg 768w, http:\/\/folhadosudeste.com\/site\/wp-content\/uploads\/2019\/11\/IMG_1972-1-120x80.jpg 120w, http:\/\/folhadosudeste.com\/site\/wp-content\/uploads\/2019\/11\/IMG_1972-1-345x230.jpg 345w\" sizes=\"auto, (max-width: 1000px) 100vw, 1000px\" \/><\/a> <a href=\"http:\/\/folhadosudeste.com\/site\/wp-content\/uploads\/2019\/11\/IMG_1980-1.jpg\"><img loading=\"lazy\" decoding=\"async\" class=\"alignnone size-full wp-image-67753\" src=\"http:\/\/folhadosudeste.com\/site\/wp-content\/uploads\/2019\/11\/IMG_1980-1.jpg\" alt=\"\" width=\"1000\" height=\"657\" srcset=\"http:\/\/folhadosudeste.com\/site\/wp-content\/uploads\/2019\/11\/IMG_1980-1.jpg 1000w, http:\/\/folhadosudeste.com\/site\/wp-content\/uploads\/2019\/11\/IMG_1980-1-300x197.jpg 300w, http:\/\/folhadosudeste.com\/site\/wp-content\/uploads\/2019\/11\/IMG_1980-1-768x505.jpg 768w, http:\/\/folhadosudeste.com\/site\/wp-content\/uploads\/2019\/11\/IMG_1980-1-120x80.jpg 120w\" sizes=\"auto, (max-width: 1000px) 100vw, 1000px\" \/><\/a> <a href=\"http:\/\/folhadosudeste.com\/site\/wp-content\/uploads\/2019\/11\/IMG_1997-1.jpg\"><img loading=\"lazy\" decoding=\"async\" class=\"alignnone size-full wp-image-67754\" src=\"http:\/\/folhadosudeste.com\/site\/wp-content\/uploads\/2019\/11\/IMG_1997-1.jpg\" alt=\"\" width=\"1000\" height=\"609\" srcset=\"http:\/\/folhadosudeste.com\/site\/wp-content\/uploads\/2019\/11\/IMG_1997-1.jpg 1000w, http:\/\/folhadosudeste.com\/site\/wp-content\/uploads\/2019\/11\/IMG_1997-1-300x183.jpg 300w, http:\/\/folhadosudeste.com\/site\/wp-content\/uploads\/2019\/11\/IMG_1997-1-768x468.jpg 768w\" sizes=\"auto, (max-width: 1000px) 100vw, 1000px\" \/><\/a><\/p>\n","protected":false},"excerpt":{"rendered":"<p>Solenidade aconteceu neste domingo (3), com a presen\u00e7a de diversas autoridades e com atividades art\u00edsticas e culturais; unidade est\u00e1 localizada no antigo Sesi A Unidade Integrada da Cidadania e A\u00e7\u00e3o (\u00danica) &#8211; \u201cGilc\u00e9a do Carmo Grammatikopoulos\u201d re\u00fane em um s\u00f3 espa\u00e7o toda a gest\u00e3o da pol\u00edtica de assist\u00eancia social do munic\u00edpio. Inaugurada no domingo (3), [&hellip;]<\/p>\n","protected":false},"author":6,"featured_media":0,"comment_status":"open","ping_status":"closed","sticky":false,"template":"","format":"standard","meta":{"_joinchat":[],"footnotes":""},"categories":[1],"tags":[],"class_list":["post-67732","post","type-post","status-publish","format-standard","hentry","category-sem-categoria"],"_links":{"self":[{"href":"http:\/\/folhadosudeste.com\/site\/index.php?rest_route=\/wp\/v2\/posts\/67732","targetHints":{"allow":["GET"]}}],"collection":[{"href":"http:\/\/folhadosudeste.com\/site\/index.php?rest_route=\/wp\/v2\/posts"}],"about":[{"href":"http:\/\/folhadosudeste.com\/site\/index.php?rest_route=\/wp\/v2\/types\/post"}],"author":[{"embeddable":true,"href":"http:\/\/folhadosudeste.com\/site\/index.php?rest_route=\/wp\/v2\/users\/6"}],"replies":[{"embeddable":true,"href":"http:\/\/folhadosudeste.com\/site\/index.php?rest_route=%2Fwp%2Fv2%2Fcomments&post=67732"}],"version-history":[{"count":1,"href":"http:\/\/folhadosudeste.com\/site\/index.php?rest_route=\/wp\/v2\/posts\/67732\/revisions"}],"predecessor-version":[{"id":67755,"href":"http:\/\/folhadosudeste.com\/site\/index.php?rest_route=\/wp\/v2\/posts\/67732\/revisions\/67755"}],"wp:attachment":[{"href":"http:\/\/folhadosudeste.com\/site\/index.php?rest_route=%2Fwp%2Fv2%2Fmedia&parent=67732"}],"wp:term":[{"taxonomy":"category","embeddable":true,"href":"http:\/\/folhadosudeste.com\/site\/index.php?rest_route=%2Fwp%2Fv2%2Fcategories&post=67732"},{"taxonomy":"post_tag","embeddable":true,"href":"http:\/\/folhadosudeste.com\/site\/index.php?rest_route=%2Fwp%2Fv2%2Ftags&post=67732"}],"curies":[{"name":"wp","href":"https:\/\/api.w.org\/{rel}","templated":true}]}}