{"id":67761,"date":"2019-11-08T13:25:04","date_gmt":"2019-11-08T13:25:04","guid":{"rendered":"http:\/\/folhadosudeste.com\/site\/?p=67761"},"modified":"2019-11-08T13:25:04","modified_gmt":"2019-11-08T13:25:04","slug":"equipe-de-combate-a-endemias-da-saude-ambiental-recebe-mocao-de-congratulacoes-e-aplausos-na-camara-atraves-do-presidente-david-lacerda","status":"publish","type":"post","link":"http:\/\/folhadosudeste.com\/site\/?p=67761","title":{"rendered":"Equipe de Combate a Endemias da Sa\u00fade Ambiental recebe Mo\u00e7\u00e3o de Congratula\u00e7\u00f5es e Aplausos na C\u00e2mara atrav\u00e9s do presidente David Lacerda"},"content":{"rendered":"<p><a href=\"http:\/\/folhadosudeste.com\/site\/wp-content\/uploads\/2019\/11\/DSC_0020.jpg\"><img loading=\"lazy\" decoding=\"async\" class=\"alignnone size-full wp-image-67762\" src=\"http:\/\/folhadosudeste.com\/site\/wp-content\/uploads\/2019\/11\/DSC_0020.jpg\" alt=\"\" width=\"800\" height=\"530\" srcset=\"http:\/\/folhadosudeste.com\/site\/wp-content\/uploads\/2019\/11\/DSC_0020.jpg 800w, http:\/\/folhadosudeste.com\/site\/wp-content\/uploads\/2019\/11\/DSC_0020-300x199.jpg 300w, http:\/\/folhadosudeste.com\/site\/wp-content\/uploads\/2019\/11\/DSC_0020-768x509.jpg 768w, http:\/\/folhadosudeste.com\/site\/wp-content\/uploads\/2019\/11\/DSC_0020-120x80.jpg 120w, http:\/\/folhadosudeste.com\/site\/wp-content\/uploads\/2019\/11\/DSC_0020-345x230.jpg 345w, http:\/\/folhadosudeste.com\/site\/wp-content\/uploads\/2019\/11\/DSC_0020-590x390.jpg 590w\" sizes=\"auto, (max-width: 800px) 100vw, 800px\" \/><\/a><\/p>\n<p style=\"text-align: justify;\">Carla Morcerf, Diretora de Sa\u00fade Ambiental de Muria\u00e9 , esteve na C\u00e2mara Municipal &nbsp;junto com sua equipe, na noite de ter\u00e7a-feira, 05\/11, para receber uma Mo\u00e7\u00e3o de Congratula\u00e7\u00f5es e Aplausos, proposta e entregue pelo presidente da Casa, vereador David Lacerda. No texto do documento, dirigido \u00e0 diretora e aos motoristas e agentes de endemias \u2013 ACE, o vereador destaca o grande trabalho desenvolvido pela equipe na promo\u00e7\u00e3o da Sa\u00fade Ambiental na cidade. \u201cAp\u00f3s um grande mapeamento e constata\u00e7\u00e3o que 38% dos focos positivos estavam em criadouros em materiais que poderiam ter sido reciclados, implementaram em 45 escolas municipais o projeto \u201cRecicla Mania\u201d com palestras, gincanas e recolhimento de recicl\u00e1veis, onde conseguiram recolher mais de 3 toneladas s\u00f3 entre setembro e outubro, bem como visitas domiciliares, trabalho este de preven\u00e7\u00e3o alcan\u00e7ando o menor \u00edndice de infesta\u00e7\u00e3o predial da hist\u00f3ria, 0,5. Portanto, vale salientar que em 2019 tivemos 1700 casos, sendo que na \u00faltima epidemia, em 2016, as notifica\u00e7\u00f5es chegaram a 4 mil casos.\u201d<\/p>\n<p style=\"text-align: justify;\">Durante o evento, a diretora falou sobre a import\u00e2ncia de receber a distin\u00e7\u00e3o que destaca o trabalho realizado pela pasta. \u201cO destaque hoje \u00e9 muito especial, eu j\u00e1 recebi mo\u00e7\u00e3o de aplausos mas pelo meu trabalho, hoje estou recebendo como a pessoa que coordena, que direciona as a\u00e7\u00f5es do setor, ent\u00e3o o meu orgulho \u00e9 muito maior. S\u00e3o os meus&nbsp; colaboradores que est\u00e3o tendo reconhecimento do trabalho realizado em equipe. Dessa forma eu me sinto uma m\u00e3e orgulhosa, porque os agentes de endemia t\u00eam uma fun\u00e7\u00e3o muito importante para a sa\u00fade p\u00fablica e desde que eu entrei em 2017, fa\u00e7o esse trabalho com eles, de reconhecimento da import\u00e2ncia das a\u00e7\u00f5es. E a produ\u00e7\u00e3o deles e os resultados s\u00f3&nbsp; crescem. A \u00faltima epidemia que tivemos em 2016 teve mais de 4 mil notifica\u00e7\u00f5es e esse ano de 2019, que tivemos epidemia em Minas Gerais toda desde janeiro, em Muria\u00e9 seguramos at\u00e9 abril, com n\u00fameros bem menores que nos outros anos.\u201d<\/p>\n<p style=\"text-align: justify;\">Carla Morcef explica que em 2018 foram contratados mais 12 agentes para compor a equipe, que realiza o trabalho em toda a cidade, inclusive nos distritos. A meta de cada agente \u00e9 visitar 35 casas por dia. Todos trabalham uniformizados e com os respectivos crach\u00e1s, os moradores que tiverem d\u00favidas podem ligar para a diretoria e se informar se h\u00e1 agentes naquela rota, antes de permitir o acesso \u00e0s suas resid\u00eancias, mas Carla pede que os moradores facilitem o trabalho dos agentes. \u201cNossos agentes fazem visitas di\u00e1rias, com chuva ou com sol. Pe\u00e7o que as pessoas os recebam bem, ofere\u00e7am \u00e1gua pra beber, nesses dias mais quentes e permitam que eles realizem o trabalho, para cada resid\u00eancia que eles n\u00e3o t\u00eam acesso, \u00e9 necess\u00e1rio que encontrem outra, o que faz com eles precisem andar mais, gerando mais desgaste e cansa\u00e7o. Nossos agentes s\u00e3o treinados e de total confian\u00e7a. Gostaria ainda de falar que o nosso LIRA este ano deu 0.5 e o ideal do Minist\u00e9rio da Sa\u00fade \u00e9 0.9, ent\u00e3o estamos muito baixos. Isso devido ao trabalho bem feito dos Agentes de Endemias e de um projeto que eu implementei chamado Recicla Mania, durante dois anos mapeando os focos de dengue na cidade, percebemos que eles estavam em materiais recicl\u00e1veis esquecidos nos quintais, ent\u00e3o fizemos o projeto em 45 escolas, com palestras e gincanas e agora cada escola tem uma equipe de agentes mirins e recolhemos mais de tr\u00eas toneladas entre setembro e outubro.\u201d<\/p>\n<p style=\"text-align: justify;\">A sede do departamento de Sa\u00fade Ambiental funciona da Secretaria de Sa\u00fade, na antiga AMIU, entre 7h e 17h, com hor\u00e1rio de almo\u00e7o entre 11h e13h, de segunda a sexta-feira. O telefone para contato \u00e9 3729- 1301.<\/p>\n<p><a href=\"http:\/\/folhadosudeste.com\/site\/wp-content\/uploads\/2019\/11\/DSC_0005.jpg\"><img loading=\"lazy\" decoding=\"async\" class=\"alignnone size-full wp-image-67763\" src=\"http:\/\/folhadosudeste.com\/site\/wp-content\/uploads\/2019\/11\/DSC_0005.jpg\" alt=\"\" width=\"800\" height=\"530\" srcset=\"http:\/\/folhadosudeste.com\/site\/wp-content\/uploads\/2019\/11\/DSC_0005.jpg 800w, http:\/\/folhadosudeste.com\/site\/wp-content\/uploads\/2019\/11\/DSC_0005-300x199.jpg 300w, http:\/\/folhadosudeste.com\/site\/wp-content\/uploads\/2019\/11\/DSC_0005-768x509.jpg 768w, http:\/\/folhadosudeste.com\/site\/wp-content\/uploads\/2019\/11\/DSC_0005-120x80.jpg 120w, http:\/\/folhadosudeste.com\/site\/wp-content\/uploads\/2019\/11\/DSC_0005-345x230.jpg 345w, http:\/\/folhadosudeste.com\/site\/wp-content\/uploads\/2019\/11\/DSC_0005-590x390.jpg 590w\" sizes=\"auto, (max-width: 800px) 100vw, 800px\" \/><\/a> <a href=\"http:\/\/folhadosudeste.com\/site\/wp-content\/uploads\/2019\/11\/DSC_0006-1.jpg\"><img loading=\"lazy\" decoding=\"async\" class=\"alignnone size-full wp-image-67764\" src=\"http:\/\/folhadosudeste.com\/site\/wp-content\/uploads\/2019\/11\/DSC_0006-1.jpg\" alt=\"\" width=\"800\" height=\"530\" srcset=\"http:\/\/folhadosudeste.com\/site\/wp-content\/uploads\/2019\/11\/DSC_0006-1.jpg 800w, http:\/\/folhadosudeste.com\/site\/wp-content\/uploads\/2019\/11\/DSC_0006-1-300x199.jpg 300w, http:\/\/folhadosudeste.com\/site\/wp-content\/uploads\/2019\/11\/DSC_0006-1-768x509.jpg 768w, http:\/\/folhadosudeste.com\/site\/wp-content\/uploads\/2019\/11\/DSC_0006-1-120x80.jpg 120w, http:\/\/folhadosudeste.com\/site\/wp-content\/uploads\/2019\/11\/DSC_0006-1-345x230.jpg 345w, http:\/\/folhadosudeste.com\/site\/wp-content\/uploads\/2019\/11\/DSC_0006-1-590x390.jpg 590w\" sizes=\"auto, (max-width: 800px) 100vw, 800px\" \/><\/a><\/p>\n","protected":false},"excerpt":{"rendered":"<p>Carla Morcerf, Diretora de Sa\u00fade Ambiental de Muria\u00e9 , esteve na C\u00e2mara Municipal &nbsp;junto com sua equipe, na noite de ter\u00e7a-feira, 05\/11, para receber uma Mo\u00e7\u00e3o de Congratula\u00e7\u00f5es e Aplausos, proposta e entregue pelo presidente da Casa, vereador David Lacerda. No texto do documento, dirigido \u00e0 diretora e aos motoristas e agentes de endemias \u2013 [&hellip;]<\/p>\n","protected":false},"author":6,"featured_media":0,"comment_status":"open","ping_status":"closed","sticky":false,"template":"","format":"standard","meta":{"_joinchat":[],"footnotes":""},"categories":[1],"tags":[],"class_list":["post-67761","post","type-post","status-publish","format-standard","hentry","category-sem-categoria"],"_links":{"self":[{"href":"http:\/\/folhadosudeste.com\/site\/index.php?rest_route=\/wp\/v2\/posts\/67761","targetHints":{"allow":["GET"]}}],"collection":[{"href":"http:\/\/folhadosudeste.com\/site\/index.php?rest_route=\/wp\/v2\/posts"}],"about":[{"href":"http:\/\/folhadosudeste.com\/site\/index.php?rest_route=\/wp\/v2\/types\/post"}],"author":[{"embeddable":true,"href":"http:\/\/folhadosudeste.com\/site\/index.php?rest_route=\/wp\/v2\/users\/6"}],"replies":[{"embeddable":true,"href":"http:\/\/folhadosudeste.com\/site\/index.php?rest_route=%2Fwp%2Fv2%2Fcomments&post=67761"}],"version-history":[{"count":1,"href":"http:\/\/folhadosudeste.com\/site\/index.php?rest_route=\/wp\/v2\/posts\/67761\/revisions"}],"predecessor-version":[{"id":67765,"href":"http:\/\/folhadosudeste.com\/site\/index.php?rest_route=\/wp\/v2\/posts\/67761\/revisions\/67765"}],"wp:attachment":[{"href":"http:\/\/folhadosudeste.com\/site\/index.php?rest_route=%2Fwp%2Fv2%2Fmedia&parent=67761"}],"wp:term":[{"taxonomy":"category","embeddable":true,"href":"http:\/\/folhadosudeste.com\/site\/index.php?rest_route=%2Fwp%2Fv2%2Fcategories&post=67761"},{"taxonomy":"post_tag","embeddable":true,"href":"http:\/\/folhadosudeste.com\/site\/index.php?rest_route=%2Fwp%2Fv2%2Ftags&post=67761"}],"curies":[{"name":"wp","href":"https:\/\/api.w.org\/{rel}","templated":true}]}}