{"id":67812,"date":"2019-11-08T13:40:22","date_gmt":"2019-11-08T13:40:22","guid":{"rendered":"http:\/\/folhadosudeste.com\/site\/?p=67812"},"modified":"2019-11-08T13:40:22","modified_gmt":"2019-11-08T13:40:22","slug":"unifaminas-sedia-abertura-do-campeonato-estadual-sub-15-de-volei-masculino","status":"publish","type":"post","link":"http:\/\/folhadosudeste.com\/site\/?p=67812","title":{"rendered":"UNIFAMINAS sedia abertura do Campeonato Estadual Sub-15 de V\u00f4lei Masculino"},"content":{"rendered":"<p><a href=\"http:\/\/folhadosudeste.com\/site\/wp-content\/uploads\/2019\/11\/DSC_0068-1.jpg\"><img loading=\"lazy\" decoding=\"async\" class=\"alignnone size-full wp-image-67816\" src=\"http:\/\/folhadosudeste.com\/site\/wp-content\/uploads\/2019\/11\/DSC_0068-1.jpg\" alt=\"\" width=\"800\" height=\"530\" srcset=\"http:\/\/folhadosudeste.com\/site\/wp-content\/uploads\/2019\/11\/DSC_0068-1.jpg 800w, http:\/\/folhadosudeste.com\/site\/wp-content\/uploads\/2019\/11\/DSC_0068-1-300x199.jpg 300w, http:\/\/folhadosudeste.com\/site\/wp-content\/uploads\/2019\/11\/DSC_0068-1-768x509.jpg 768w, http:\/\/folhadosudeste.com\/site\/wp-content\/uploads\/2019\/11\/DSC_0068-1-120x80.jpg 120w, http:\/\/folhadosudeste.com\/site\/wp-content\/uploads\/2019\/11\/DSC_0068-1-345x230.jpg 345w, http:\/\/folhadosudeste.com\/site\/wp-content\/uploads\/2019\/11\/DSC_0068-1-590x390.jpg 590w\" sizes=\"auto, (max-width: 800px) 100vw, 800px\" \/><\/a><\/p>\n<p style=\"text-align: justify;\">Aconteceu na noite de ter\u00e7a-feira, 5\/11, no Audit\u00f3rio do UNIFAMINAS, a abertura do Campeonato Estadual Sub-15 de V\u00f4lei Masculino, que est\u00e1 acontecendo em Muria\u00e9 a partir do dia seis. Os jogos ser\u00e3o no Centro Universit\u00e1rio UNIFAMINAS e no gin\u00e1sio Rodrig\u00e3o. O evento tamb\u00e9m inclui a realiza\u00e7\u00e3o de congresso t\u00e9cnico voltado para praticantes e entusiastas da modalidade. A cerim\u00f4nia de abertura contou com a presen\u00e7a do subsecret\u00e1rio estadual de Esportes, Jos\u00e9 Francisco Filho, que ficou conhecido como &#8220;Pel\u00e9 do V\u00f4lei&#8221; em sua \u00e9poca de atleta, que palestrou para os presentes.<\/p>\n<p style=\"text-align: justify;\">\u201c\u00c9 uma satisfa\u00e7\u00e3o representar o estado e o governo neste evento. Em primeiro lugar quero parabenizar o prefeito de Muria\u00e9 o Grego, o UNIFAMINAS e a Diretoria de Esportes da cidade por fomentar o esporte. Eu tenho certeza que ser\u00e1 um campeonato maravilhoso de onde sair\u00e3o novos valores e novos cidad\u00e3os. Porque automaticamente quando democratizamos o esporte, claro que conseguimos atletas de alto rendimento, mas a maior import\u00e2ncia \u00e9 o cidad\u00e3o\u201d, afirmou Jos\u00e9 Francisco.<\/p>\n<p style=\"text-align: justify;\">Durante a palestra, os atletas puderam fazer diversas perguntas ao subsecret\u00e1rio e se mostraram bastante empolgados. Eles ainda participaram de sorteio de camisas autografadas por Pel\u00e9. \u201cSem d\u00favida, as equipes est\u00e3o muito motivadas e eu tenho certeza que um campeonato como este vai servir de experi\u00eancia para que futuramente esses jogadores possam disputar o sub 17, 18 e assim por diante e esperamos que a federa\u00e7\u00e3o continue fomentando o voleibol em todo estado.\u201d<\/p>\n<p style=\"text-align: justify;\">O Diretor do Departamento de Esportes e Lazer da Fundarte, Wellington Forim, tamb\u00e9m falou sobre o evento. \u201c\u00c9 um privil\u00e9gio muito grande proporcionar esses momentos esportivos para a cidade. Podemos dizer que o esporte em Muria\u00e9 vive o seu auge e com o voleibol n\u00e3o \u00e9 diferente. Conseguimos reunir 9 equipes que v\u00e3o disputar o estadual sub 15, inclusive a do Cruzeiro e do Minas, tivemos a presen\u00e7a do subsecret\u00e1rio de esportes de Minas, uma pessoal excepcional, bacana, e que trouxe essa palestra maravilhosa que motivou muito o pessoal. Isso vai contribuir muito para o desenvolvimento do esporte no nosso munic\u00edpio.\u201d<\/p>\n<p style=\"text-align: justify;\">Muria\u00e9 est\u00e1 representada no campeonato pela equipe UNIFAMINAS\/Equipe. Al\u00e9m do time da casa, tamb\u00e9m est\u00e3o na disputa pelo t\u00edtulo: Clube Recreativo e Esportivo de Varginha; Cruzeiro e Olympico, de Belo Horizonte; Minas T\u00eanis N\u00e1utico Clube, de Nova Lima; Prefeitura Municipal de Juatuba; USIMINAS\/CONSUL\/USIPA, de Ipatinga; Uberl\u00e2ndia\/Gabarito; e SESI\/Juiz de Fora.<\/p>\n<p style=\"text-align: justify;\">O Campeonato Estadual Sub-15 de V\u00f4lei Masculino \u00e9 realizado atrav\u00e9s da parceria entre Federa\u00e7\u00e3o Mineira de V\u00f4lei, UNIFAMINAS e Fundarte, com patroc\u00ednio da Prefeitura de Muria\u00e9 e apoio do Col\u00e9gio Equipe.<\/p>\n<p><a href=\"http:\/\/folhadosudeste.com\/site\/wp-content\/uploads\/2019\/11\/DSC_0029-1.jpg\"><img loading=\"lazy\" decoding=\"async\" class=\"alignnone size-full wp-image-67821\" src=\"http:\/\/folhadosudeste.com\/site\/wp-content\/uploads\/2019\/11\/DSC_0029-1.jpg\" alt=\"\" width=\"800\" height=\"530\" srcset=\"http:\/\/folhadosudeste.com\/site\/wp-content\/uploads\/2019\/11\/DSC_0029-1.jpg 800w, http:\/\/folhadosudeste.com\/site\/wp-content\/uploads\/2019\/11\/DSC_0029-1-300x199.jpg 300w, http:\/\/folhadosudeste.com\/site\/wp-content\/uploads\/2019\/11\/DSC_0029-1-768x509.jpg 768w, http:\/\/folhadosudeste.com\/site\/wp-content\/uploads\/2019\/11\/DSC_0029-1-120x80.jpg 120w, http:\/\/folhadosudeste.com\/site\/wp-content\/uploads\/2019\/11\/DSC_0029-1-345x230.jpg 345w, http:\/\/folhadosudeste.com\/site\/wp-content\/uploads\/2019\/11\/DSC_0029-1-590x390.jpg 590w\" sizes=\"auto, (max-width: 800px) 100vw, 800px\" \/><\/a> <a href=\"http:\/\/folhadosudeste.com\/site\/wp-content\/uploads\/2019\/11\/DSC_0052-1.jpg\"><img loading=\"lazy\" decoding=\"async\" class=\"alignnone size-full wp-image-67823\" src=\"http:\/\/folhadosudeste.com\/site\/wp-content\/uploads\/2019\/11\/DSC_0052-1.jpg\" alt=\"\" width=\"800\" height=\"530\" srcset=\"http:\/\/folhadosudeste.com\/site\/wp-content\/uploads\/2019\/11\/DSC_0052-1.jpg 800w, http:\/\/folhadosudeste.com\/site\/wp-content\/uploads\/2019\/11\/DSC_0052-1-300x199.jpg 300w, http:\/\/folhadosudeste.com\/site\/wp-content\/uploads\/2019\/11\/DSC_0052-1-768x509.jpg 768w, http:\/\/folhadosudeste.com\/site\/wp-content\/uploads\/2019\/11\/DSC_0052-1-120x80.jpg 120w, http:\/\/folhadosudeste.com\/site\/wp-content\/uploads\/2019\/11\/DSC_0052-1-345x230.jpg 345w, http:\/\/folhadosudeste.com\/site\/wp-content\/uploads\/2019\/11\/DSC_0052-1-590x390.jpg 590w\" sizes=\"auto, (max-width: 800px) 100vw, 800px\" \/><\/a><\/p>\n<p><!--more--><\/p>\n<p><a href=\"http:\/\/folhadosudeste.com\/site\/wp-content\/uploads\/2019\/11\/DSC_0058.jpg\"><img loading=\"lazy\" decoding=\"async\" class=\"alignnone size-full wp-image-67825\" src=\"http:\/\/folhadosudeste.com\/site\/wp-content\/uploads\/2019\/11\/DSC_0058.jpg\" alt=\"\" width=\"800\" height=\"530\" srcset=\"http:\/\/folhadosudeste.com\/site\/wp-content\/uploads\/2019\/11\/DSC_0058.jpg 800w, http:\/\/folhadosudeste.com\/site\/wp-content\/uploads\/2019\/11\/DSC_0058-300x199.jpg 300w, http:\/\/folhadosudeste.com\/site\/wp-content\/uploads\/2019\/11\/DSC_0058-768x509.jpg 768w, http:\/\/folhadosudeste.com\/site\/wp-content\/uploads\/2019\/11\/DSC_0058-120x80.jpg 120w, http:\/\/folhadosudeste.com\/site\/wp-content\/uploads\/2019\/11\/DSC_0058-345x230.jpg 345w, http:\/\/folhadosudeste.com\/site\/wp-content\/uploads\/2019\/11\/DSC_0058-590x390.jpg 590w\" sizes=\"auto, (max-width: 800px) 100vw, 800px\" \/><\/a> <a href=\"http:\/\/folhadosudeste.com\/site\/wp-content\/uploads\/2019\/11\/DSC_0062.jpg\"><img loading=\"lazy\" decoding=\"async\" class=\"alignnone size-full wp-image-67827\" src=\"http:\/\/folhadosudeste.com\/site\/wp-content\/uploads\/2019\/11\/DSC_0062.jpg\" alt=\"\" width=\"800\" height=\"530\" srcset=\"http:\/\/folhadosudeste.com\/site\/wp-content\/uploads\/2019\/11\/DSC_0062.jpg 800w, http:\/\/folhadosudeste.com\/site\/wp-content\/uploads\/2019\/11\/DSC_0062-300x199.jpg 300w, http:\/\/folhadosudeste.com\/site\/wp-content\/uploads\/2019\/11\/DSC_0062-768x509.jpg 768w, http:\/\/folhadosudeste.com\/site\/wp-content\/uploads\/2019\/11\/DSC_0062-120x80.jpg 120w, http:\/\/folhadosudeste.com\/site\/wp-content\/uploads\/2019\/11\/DSC_0062-345x230.jpg 345w, http:\/\/folhadosudeste.com\/site\/wp-content\/uploads\/2019\/11\/DSC_0062-590x390.jpg 590w\" sizes=\"auto, (max-width: 800px) 100vw, 800px\" \/><\/a> <a href=\"http:\/\/folhadosudeste.com\/site\/wp-content\/uploads\/2019\/11\/DSC_0075.jpg\"><img loading=\"lazy\" decoding=\"async\" class=\"alignnone size-full wp-image-67829\" src=\"http:\/\/folhadosudeste.com\/site\/wp-content\/uploads\/2019\/11\/DSC_0075.jpg\" alt=\"\" width=\"800\" height=\"530\" srcset=\"http:\/\/folhadosudeste.com\/site\/wp-content\/uploads\/2019\/11\/DSC_0075.jpg 800w, http:\/\/folhadosudeste.com\/site\/wp-content\/uploads\/2019\/11\/DSC_0075-300x199.jpg 300w, http:\/\/folhadosudeste.com\/site\/wp-content\/uploads\/2019\/11\/DSC_0075-768x509.jpg 768w, http:\/\/folhadosudeste.com\/site\/wp-content\/uploads\/2019\/11\/DSC_0075-120x80.jpg 120w, http:\/\/folhadosudeste.com\/site\/wp-content\/uploads\/2019\/11\/DSC_0075-345x230.jpg 345w, http:\/\/folhadosudeste.com\/site\/wp-content\/uploads\/2019\/11\/DSC_0075-590x390.jpg 590w\" sizes=\"auto, (max-width: 800px) 100vw, 800px\" \/><\/a> <a href=\"http:\/\/folhadosudeste.com\/site\/wp-content\/uploads\/2019\/11\/DSC_0082.jpg\"><img loading=\"lazy\" decoding=\"async\" class=\"alignnone size-full wp-image-67831\" src=\"http:\/\/folhadosudeste.com\/site\/wp-content\/uploads\/2019\/11\/DSC_0082.jpg\" alt=\"\" width=\"800\" height=\"530\" srcset=\"http:\/\/folhadosudeste.com\/site\/wp-content\/uploads\/2019\/11\/DSC_0082.jpg 800w, http:\/\/folhadosudeste.com\/site\/wp-content\/uploads\/2019\/11\/DSC_0082-300x199.jpg 300w, http:\/\/folhadosudeste.com\/site\/wp-content\/uploads\/2019\/11\/DSC_0082-768x509.jpg 768w, http:\/\/folhadosudeste.com\/site\/wp-content\/uploads\/2019\/11\/DSC_0082-120x80.jpg 120w, http:\/\/folhadosudeste.com\/site\/wp-content\/uploads\/2019\/11\/DSC_0082-345x230.jpg 345w, http:\/\/folhadosudeste.com\/site\/wp-content\/uploads\/2019\/11\/DSC_0082-590x390.jpg 590w\" sizes=\"auto, (max-width: 800px) 100vw, 800px\" \/><\/a><\/p>\n","protected":false},"excerpt":{"rendered":"<p>Aconteceu na noite de ter\u00e7a-feira, 5\/11, no Audit\u00f3rio do UNIFAMINAS, a abertura do Campeonato Estadual Sub-15 de V\u00f4lei Masculino, que est\u00e1 acontecendo em Muria\u00e9 a partir do dia seis. Os jogos ser\u00e3o no Centro Universit\u00e1rio UNIFAMINAS e no gin\u00e1sio Rodrig\u00e3o. O evento tamb\u00e9m inclui a realiza\u00e7\u00e3o de congresso t\u00e9cnico voltado para praticantes e entusiastas da [&hellip;]<\/p>\n","protected":false},"author":6,"featured_media":0,"comment_status":"open","ping_status":"closed","sticky":false,"template":"","format":"standard","meta":{"_joinchat":[],"footnotes":""},"categories":[1],"tags":[],"class_list":["post-67812","post","type-post","status-publish","format-standard","hentry","category-sem-categoria"],"_links":{"self":[{"href":"http:\/\/folhadosudeste.com\/site\/index.php?rest_route=\/wp\/v2\/posts\/67812","targetHints":{"allow":["GET"]}}],"collection":[{"href":"http:\/\/folhadosudeste.com\/site\/index.php?rest_route=\/wp\/v2\/posts"}],"about":[{"href":"http:\/\/folhadosudeste.com\/site\/index.php?rest_route=\/wp\/v2\/types\/post"}],"author":[{"embeddable":true,"href":"http:\/\/folhadosudeste.com\/site\/index.php?rest_route=\/wp\/v2\/users\/6"}],"replies":[{"embeddable":true,"href":"http:\/\/folhadosudeste.com\/site\/index.php?rest_route=%2Fwp%2Fv2%2Fcomments&post=67812"}],"version-history":[{"count":1,"href":"http:\/\/folhadosudeste.com\/site\/index.php?rest_route=\/wp\/v2\/posts\/67812\/revisions"}],"predecessor-version":[{"id":67834,"href":"http:\/\/folhadosudeste.com\/site\/index.php?rest_route=\/wp\/v2\/posts\/67812\/revisions\/67834"}],"wp:attachment":[{"href":"http:\/\/folhadosudeste.com\/site\/index.php?rest_route=%2Fwp%2Fv2%2Fmedia&parent=67812"}],"wp:term":[{"taxonomy":"category","embeddable":true,"href":"http:\/\/folhadosudeste.com\/site\/index.php?rest_route=%2Fwp%2Fv2%2Fcategories&post=67812"},{"taxonomy":"post_tag","embeddable":true,"href":"http:\/\/folhadosudeste.com\/site\/index.php?rest_route=%2Fwp%2Fv2%2Ftags&post=67812"}],"curies":[{"name":"wp","href":"https:\/\/api.w.org\/{rel}","templated":true}]}}