{"id":67837,"date":"2019-11-08T13:52:20","date_gmt":"2019-11-08T13:52:20","guid":{"rendered":"http:\/\/folhadosudeste.com\/site\/?p=67837"},"modified":"2019-11-08T13:52:20","modified_gmt":"2019-11-08T13:52:20","slug":"coluna-social-3","status":"publish","type":"post","link":"http:\/\/folhadosudeste.com\/site\/?p=67837","title":{"rendered":"COLUNA SOCIAL"},"content":{"rendered":"<p style=\"text-align: justify;\"><strong>Parab\u00e9ns Lander<\/strong><\/p>\n<p><a href=\"http:\/\/folhadosudeste.com\/site\/wp-content\/uploads\/2019\/11\/65298538_2293133347389827_9192719830220800000_n.jpg\"><img loading=\"lazy\" decoding=\"async\" class=\"alignnone wp-image-67838\" src=\"http:\/\/folhadosudeste.com\/site\/wp-content\/uploads\/2019\/11\/65298538_2293133347389827_9192719830220800000_n.jpg\" alt=\"\" width=\"600\" height=\"800\" srcset=\"http:\/\/folhadosudeste.com\/site\/wp-content\/uploads\/2019\/11\/65298538_2293133347389827_9192719830220800000_n.jpg 720w, http:\/\/folhadosudeste.com\/site\/wp-content\/uploads\/2019\/11\/65298538_2293133347389827_9192719830220800000_n-225x300.jpg 225w\" sizes=\"auto, (max-width: 600px) 100vw, 600px\" \/><\/a><\/p>\n<p style=\"text-align: justify;\">Quem comemorou idade nova no dia 4 de novembro foi nosso amigo gr\u00e1fico Lander Vinicius que trabalha na Stylo Gr\u00e1fica. Ele recebeu os parab\u00e9ns da esposa Camila, de familiares e amigos. Receba tamb\u00e9m Lander, os parab\u00e9ns da equipe Folha do Sudeste. Que Deus te d\u00ea muita sa\u00fade e muitos anos de vida!<\/p>\n<p style=\"text-align: justify;\"><strong>Parab\u00e9ns Sr. Martinho e Rog\u00e9rio<\/strong><\/p>\n<p style=\"text-align: justify;\"><a href=\"http:\/\/folhadosudeste.com\/site\/wp-content\/uploads\/2019\/11\/4d8bd77e0b4557183a9eed5f01a2bc6f.jpg\"><img loading=\"lazy\" decoding=\"async\" class=\"alignnone wp-image-67839\" src=\"http:\/\/folhadosudeste.com\/site\/wp-content\/uploads\/2019\/11\/4d8bd77e0b4557183a9eed5f01a2bc6f.jpg\" alt=\"\" width=\"600\" height=\"338\" srcset=\"http:\/\/folhadosudeste.com\/site\/wp-content\/uploads\/2019\/11\/4d8bd77e0b4557183a9eed5f01a2bc6f.jpg 800w, http:\/\/folhadosudeste.com\/site\/wp-content\/uploads\/2019\/11\/4d8bd77e0b4557183a9eed5f01a2bc6f-300x169.jpg 300w, http:\/\/folhadosudeste.com\/site\/wp-content\/uploads\/2019\/11\/4d8bd77e0b4557183a9eed5f01a2bc6f-768x432.jpg 768w\" sizes=\"auto, (max-width: 600px) 100vw, 600px\" \/><\/a><br \/>\nQuem estar\u00e1 comemorando idade nova na pr\u00f3xima segunda-feira (11) \u00e9 o meu amigo Martinho C\u00e2ndido da Silva, 76 anos, com muita alegria e juventude. J\u00e1 no dia 8 do decorrente m\u00eas foi a vez do seu filho Rog\u00e9rio Martinho da Silva que tamb\u00e9m comemorou seus 46 anos. S\u00f3 que dessa vez a festa vai ser na loja Ma\u00e7\u00f4nica de Matip\u00f3, onde o Rog\u00e9rio frequenta e o Sr. Martinho est\u00e1 indo pra l\u00e1 para celebrar com o filho essas datas t\u00e3o importante para eles, seus irm\u00e3os ma\u00e7ons, amigos e seus familiares.<br \/>\nA equipe Folha do Sudeste deseja aos aniversariantes, felicidades, sa\u00fade e muitos anos de vida. Tudo de melhor pra voc\u00eas Sr. Martinho!<\/p>\n<p style=\"text-align: justify;\"><strong>Felicidades Jo\u00e3o Batista!<\/strong><\/p>\n<p><a href=\"http:\/\/folhadosudeste.com\/site\/wp-content\/uploads\/2019\/11\/68471892_1172116569645048_3301783330302722048_o.jpg\"><img loading=\"lazy\" decoding=\"async\" class=\"alignnone wp-image-67840 size-full\" src=\"http:\/\/folhadosudeste.com\/site\/wp-content\/uploads\/2019\/11\/68471892_1172116569645048_3301783330302722048_o.jpg\" alt=\"\" width=\"539\" height=\"960\" srcset=\"http:\/\/folhadosudeste.com\/site\/wp-content\/uploads\/2019\/11\/68471892_1172116569645048_3301783330302722048_o.jpg 539w, http:\/\/folhadosudeste.com\/site\/wp-content\/uploads\/2019\/11\/68471892_1172116569645048_3301783330302722048_o-168x300.jpg 168w\" sizes=\"auto, (max-width: 539px) 100vw, 539px\" \/><\/a><\/p>\n<p>Parabenizamos Jo\u00e3o Batista Garcia de Oliveira (Drogaria Santa Rita) que comemorou idade nova no dia 5 de novembro. Jo\u00e3o recebeu os parab\u00e9ns da sua esposa Fabiula, de seu filh\u00e3o Matheus, de amigos e familiares. Receba tamb\u00e9m os parab\u00e9ns da sua irm\u00e3 L\u00facia Helena (Diretora deste Seman\u00e1rio) e toda fam\u00edlia Folha do Sudeste, com votos de felicidades, sa\u00fade e muitos anos de vida! Aguardamos o convite para o churrasco!<\/p>\n<p style=\"text-align: justify;\"><strong>Parab\u00e9ns Edigar<\/strong><\/p>\n<p><a href=\"http:\/\/folhadosudeste.com\/site\/wp-content\/uploads\/2019\/11\/45760265_488120518377422_149970229227683840_n.jpg\"><img loading=\"lazy\" decoding=\"async\" class=\"alignnone size-full wp-image-67841\" src=\"http:\/\/folhadosudeste.com\/site\/wp-content\/uploads\/2019\/11\/45760265_488120518377422_149970229227683840_n.jpg\" alt=\"\" width=\"474\" height=\"368\" srcset=\"http:\/\/folhadosudeste.com\/site\/wp-content\/uploads\/2019\/11\/45760265_488120518377422_149970229227683840_n.jpg 474w, http:\/\/folhadosudeste.com\/site\/wp-content\/uploads\/2019\/11\/45760265_488120518377422_149970229227683840_n-300x233.jpg 300w\" sizes=\"auto, (max-width: 474px) 100vw, 474px\" \/><\/a><\/p>\n<p style=\"text-align: justify;\">Parabenizamos o nosso amigo Edigar Carlos Miranda, conterr\u00e2neo de S\u00e3o Sebasti\u00e3o da Vargem Alegre e motorista da Cisleste, pela passagem de seu anivers\u00e1rio nessa quinta-feira (07). Parab\u00e9ns, que Deus continue derramando b\u00ean\u00e7\u00e3os em sua vida, dando muita sa\u00fade, paz, prosperidade e fazendo que essa data se repita muitas vezes. Receba os parab\u00e9ns de todos seus familiares e tamb\u00e9m da equipe Folha do Sudeste com votos de felicidades!<\/p>\n<p style=\"text-align: justify;\"><strong>Parab\u00e9ns Laura!<\/strong><\/p>\n<p><a href=\"http:\/\/folhadosudeste.com\/site\/wp-content\/uploads\/2019\/11\/b101543b-3136-4f70-b4ba-2a10529c2f0a.jpg\"><img loading=\"lazy\" decoding=\"async\" class=\"alignnone wp-image-67842\" src=\"http:\/\/folhadosudeste.com\/site\/wp-content\/uploads\/2019\/11\/b101543b-3136-4f70-b4ba-2a10529c2f0a.jpg\" alt=\"\" width=\"600\" height=\"1027\" srcset=\"http:\/\/folhadosudeste.com\/site\/wp-content\/uploads\/2019\/11\/b101543b-3136-4f70-b4ba-2a10529c2f0a.jpg 748w, http:\/\/folhadosudeste.com\/site\/wp-content\/uploads\/2019\/11\/b101543b-3136-4f70-b4ba-2a10529c2f0a-175x300.jpg 175w, http:\/\/folhadosudeste.com\/site\/wp-content\/uploads\/2019\/11\/b101543b-3136-4f70-b4ba-2a10529c2f0a-598x1024.jpg 598w\" sizes=\"auto, (max-width: 600px) 100vw, 600px\" \/><\/a><\/p>\n<p style=\"text-align: justify;\">Quem festejou seus 5 aninhos foi a gatinha Laura Coelho Moreira, que \u00e9 filha dos nossos amigos Edmar e Val\u00e9ria que s\u00e3o propriet\u00e1rios do La Skina (Restaurante, Pizzaria e lanchonete), irm\u00e3 de Joaquim e neta do casal mais simp\u00e1ticos que eu conhe\u00e7o, Rosa Ramalho e Jos\u00e9 Jorge. A comemora\u00e7\u00e3o aconteceu no Col\u00e9gio Santa Marcelina onde a Laura estuda e tamb\u00e9m em sua resid\u00eancia, com a presen\u00e7a de seus padrinhos, familiares e amiguinhos. A voc\u00ea Laura desejamos tudo de bom que a vida pode lhe oferecer. Parab\u00e9ns e felicidades!<\/p>\n<p style=\"text-align: justify;\"><strong>O Sim de Ricardo e Andrezza<\/strong><\/p>\n<p><a href=\"http:\/\/folhadosudeste.com\/site\/wp-content\/uploads\/2019\/11\/6336b3f4-c3a0-4ac3-8a9f-fd4ed18d7185.jpg\"><img loading=\"lazy\" decoding=\"async\" class=\"alignnone wp-image-67843 size-large\" src=\"http:\/\/folhadosudeste.com\/site\/wp-content\/uploads\/2019\/11\/6336b3f4-c3a0-4ac3-8a9f-fd4ed18d7185-678x1024.jpg\" alt=\"\" width=\"678\" height=\"1024\" srcset=\"http:\/\/folhadosudeste.com\/site\/wp-content\/uploads\/2019\/11\/6336b3f4-c3a0-4ac3-8a9f-fd4ed18d7185-678x1024.jpg 678w, http:\/\/folhadosudeste.com\/site\/wp-content\/uploads\/2019\/11\/6336b3f4-c3a0-4ac3-8a9f-fd4ed18d7185-199x300.jpg 199w, http:\/\/folhadosudeste.com\/site\/wp-content\/uploads\/2019\/11\/6336b3f4-c3a0-4ac3-8a9f-fd4ed18d7185-768x1161.jpg 768w, http:\/\/folhadosudeste.com\/site\/wp-content\/uploads\/2019\/11\/6336b3f4-c3a0-4ac3-8a9f-fd4ed18d7185.jpg 847w\" sizes=\"auto, (max-width: 678px) 100vw, 678px\" \/><\/a><\/p>\n<p style=\"text-align: justify;\">Foi no dia 26 de outubro \u00e0s 10h, no altar da Igreja Beato Jos\u00e9 de Anchieta no bairro Planalto, que o casal Ricardo e Andrezza disseram Sim ao Matrim\u00f4nio, diante dos convidados, testemunhas e familiares. Desejamos felicidades e que Deus esteja sempre aben\u00e7oando a uni\u00e3o deste casal. Foto Central<\/p>\n<p style=\"text-align: justify;\"><strong>Parab\u00e9ns Maria Eduarda!<\/strong><\/p>\n<p><a href=\"http:\/\/folhadosudeste.com\/site\/wp-content\/uploads\/2019\/11\/aeefc6da-5fde-491a-b6a2-d56239f73924.jpg\"><img loading=\"lazy\" decoding=\"async\" class=\"alignnone wp-image-67844\" src=\"http:\/\/folhadosudeste.com\/site\/wp-content\/uploads\/2019\/11\/aeefc6da-5fde-491a-b6a2-d56239f73924.jpg\" alt=\"\" width=\"600\" height=\"397\" srcset=\"http:\/\/folhadosudeste.com\/site\/wp-content\/uploads\/2019\/11\/aeefc6da-5fde-491a-b6a2-d56239f73924.jpg 1280w, http:\/\/folhadosudeste.com\/site\/wp-content\/uploads\/2019\/11\/aeefc6da-5fde-491a-b6a2-d56239f73924-300x199.jpg 300w, http:\/\/folhadosudeste.com\/site\/wp-content\/uploads\/2019\/11\/aeefc6da-5fde-491a-b6a2-d56239f73924-768x508.jpg 768w, http:\/\/folhadosudeste.com\/site\/wp-content\/uploads\/2019\/11\/aeefc6da-5fde-491a-b6a2-d56239f73924-1024x678.jpg 1024w, http:\/\/folhadosudeste.com\/site\/wp-content\/uploads\/2019\/11\/aeefc6da-5fde-491a-b6a2-d56239f73924-120x80.jpg 120w, http:\/\/folhadosudeste.com\/site\/wp-content\/uploads\/2019\/11\/aeefc6da-5fde-491a-b6a2-d56239f73924-590x390.jpg 590w\" sizes=\"auto, (max-width: 600px) 100vw, 600px\" \/><\/a><\/p>\n<p style=\"text-align: justify;\">A gatinha Maria Eduarda comemorou seu 7\u00ba Anivers\u00e1rio no dia 29 de outubro com uma linda festa com o tema Horti-Fruti da Maria Eduarda, a comemora\u00e7\u00e3o aconteceu no Tio Vov\u00f4 Play na G\u00e1vea. Estiveram presentes seus pais Alexandre C\u00e2ndido e Claudiane Barros, seus irm\u00e3o Ana Luisa e Pedro Henrique, amigos e familiares. Felicidades e muita sa\u00fade a Maria Eduarda. Foto Central<\/p>\n","protected":false},"excerpt":{"rendered":"<p>Parab\u00e9ns Lander Quem comemorou idade nova no dia 4 de novembro foi nosso amigo gr\u00e1fico Lander Vinicius que trabalha na Stylo Gr\u00e1fica. Ele recebeu os parab\u00e9ns da esposa Camila, de familiares e amigos. Receba tamb\u00e9m Lander, os parab\u00e9ns da equipe Folha do Sudeste. Que Deus te d\u00ea muita sa\u00fade e muitos anos de vida! Parab\u00e9ns [&hellip;]<\/p>\n","protected":false},"author":6,"featured_media":0,"comment_status":"open","ping_status":"closed","sticky":false,"template":"","format":"standard","meta":{"_joinchat":[],"footnotes":""},"categories":[1],"tags":[],"class_list":["post-67837","post","type-post","status-publish","format-standard","hentry","category-sem-categoria"],"_links":{"self":[{"href":"http:\/\/folhadosudeste.com\/site\/index.php?rest_route=\/wp\/v2\/posts\/67837","targetHints":{"allow":["GET"]}}],"collection":[{"href":"http:\/\/folhadosudeste.com\/site\/index.php?rest_route=\/wp\/v2\/posts"}],"about":[{"href":"http:\/\/folhadosudeste.com\/site\/index.php?rest_route=\/wp\/v2\/types\/post"}],"author":[{"embeddable":true,"href":"http:\/\/folhadosudeste.com\/site\/index.php?rest_route=\/wp\/v2\/users\/6"}],"replies":[{"embeddable":true,"href":"http:\/\/folhadosudeste.com\/site\/index.php?rest_route=%2Fwp%2Fv2%2Fcomments&post=67837"}],"version-history":[{"count":1,"href":"http:\/\/folhadosudeste.com\/site\/index.php?rest_route=\/wp\/v2\/posts\/67837\/revisions"}],"predecessor-version":[{"id":67845,"href":"http:\/\/folhadosudeste.com\/site\/index.php?rest_route=\/wp\/v2\/posts\/67837\/revisions\/67845"}],"wp:attachment":[{"href":"http:\/\/folhadosudeste.com\/site\/index.php?rest_route=%2Fwp%2Fv2%2Fmedia&parent=67837"}],"wp:term":[{"taxonomy":"category","embeddable":true,"href":"http:\/\/folhadosudeste.com\/site\/index.php?rest_route=%2Fwp%2Fv2%2Fcategories&post=67837"},{"taxonomy":"post_tag","embeddable":true,"href":"http:\/\/folhadosudeste.com\/site\/index.php?rest_route=%2Fwp%2Fv2%2Ftags&post=67837"}],"curies":[{"name":"wp","href":"https:\/\/api.w.org\/{rel}","templated":true}]}}