{"id":67921,"date":"2019-11-14T17:39:14","date_gmt":"2019-11-14T17:39:14","guid":{"rendered":"http:\/\/folhadosudeste.com\/site\/?p=67921"},"modified":"2019-11-14T17:39:14","modified_gmt":"2019-11-14T17:39:14","slug":"grupo-de-maes-que-oram-pelos-filhos-completa-cinco-anos-em-muriae","status":"publish","type":"post","link":"http:\/\/folhadosudeste.com\/site\/?p=67921","title":{"rendered":"Grupo de M\u00e3es que oram pelos filhos completa cinco anos em Muria\u00e9"},"content":{"rendered":"<p><a href=\"http:\/\/folhadosudeste.com\/site\/wp-content\/uploads\/2019\/11\/DSC_0008.jpg\"><img loading=\"lazy\" decoding=\"async\" class=\"alignnone size-full wp-image-67922\" src=\"http:\/\/folhadosudeste.com\/site\/wp-content\/uploads\/2019\/11\/DSC_0008.jpg\" alt=\"\" width=\"800\" height=\"530\" srcset=\"http:\/\/folhadosudeste.com\/site\/wp-content\/uploads\/2019\/11\/DSC_0008.jpg 800w, http:\/\/folhadosudeste.com\/site\/wp-content\/uploads\/2019\/11\/DSC_0008-300x199.jpg 300w, http:\/\/folhadosudeste.com\/site\/wp-content\/uploads\/2019\/11\/DSC_0008-768x509.jpg 768w, http:\/\/folhadosudeste.com\/site\/wp-content\/uploads\/2019\/11\/DSC_0008-120x80.jpg 120w, http:\/\/folhadosudeste.com\/site\/wp-content\/uploads\/2019\/11\/DSC_0008-345x230.jpg 345w, http:\/\/folhadosudeste.com\/site\/wp-content\/uploads\/2019\/11\/DSC_0008-590x390.jpg 590w\" sizes=\"auto, (max-width: 800px) 100vw, 800px\" \/><\/a><\/p>\n<p style=\"text-align: justify;\">O Grupo de M\u00e3es que oram pelos filhos completou cinco anos de atividades em Muria\u00e9. A comemora\u00e7\u00e3o aconteceu no p\u00e1tio da Igreja S\u00e3o Francisco de Assis, na quinta-feira, 7\/11, com um saboroso lanche fraterno, sorteio da rifa de uma bicicleta que foi doada por um participante e uma maravilhosa palestra do experiente orador de Laje do Muria\u00e9, Robinho Coelho. Durante o evento, foi empossada a nova coordenadora do grupo, Carolina Nobre de Almeida, eleita por consenso das 43 m\u00e3es do grupo de apoio. Ela contou um pouco da sua hist\u00f3ria que se funde com a das M\u00e3es que Oram Pelos Filhos.<\/p>\n<p style=\"text-align: justify;\">\u201cEu frequentava o grupo desde a \u00e9poca em que se chamava Comiss\u00e3o de Festas, \u00e9ramos nove integrantes e fomos convidadas a organizar alguns eventos da comunidade S\u00e3o Francisco de Assis. A partir da\u00ed sempre nos reun\u00edamos e passamos a perceber a necessidade de fazer alguma coisa a mais, nosso objetivo era maior e o nosso cora\u00e7\u00e3o pedia isso. Sempre que est\u00e1vamos juntas, acab\u00e1vamos compartilhando hist\u00f3rias e percebemos que os problemas eram parecidos, ent\u00e3o, come\u00e7amos a orar. Formamos um grupo de ora\u00e7\u00f5es e nos reun\u00edamos a cada 15 dias, cada vez em uma casa, e o grupo foi aumentando, passamos para 14, depois 19 m\u00e3es e quando chegamos a 40, percebemos que as casas n\u00e3o comportavam mais os encontros, foi quando descobrimos o&nbsp;&nbsp; movimento nacional das M\u00e3es que Oram Pelos Filhos, nessa \u00e9poca o grupo se chamava M\u00e3es de F\u00e9, e a\u00ed abra\u00e7amos o movimento e completamos hoje cinco anos\u201d, conta Carolina Nobre.&nbsp;<\/p>\n<p style=\"text-align: justify;\">Ela tamb\u00e9m explica como funcionam as reuni\u00f5es. \u201cElas acontecem na Igreja S\u00e3o Francisco de Assis, no bairro S\u00e3o Francisco, todas as quintas-feiras, \u00e0s 19h. Iniciamos com o ter\u00e7o das m\u00e3es e em seguida temos um momento de reflex\u00e3o. Quem quiser participar \u00e9 s\u00f3 ir aos encontros. A padroeira do movimento \u00e9 Nossa Senhora de La Salette, que tem uma capela especial na igreja e sua imagem visita as casas das participantes, sendo repassada a cada uma das m\u00e3es, toda semana. A m\u00e9dia de frequ\u00eancia das reuni\u00f5es \u00e9 de cerca de 80 m\u00e3es, mas o grupo de WhatsApp tem mais de 200 participantes.\u201d&nbsp; Carolina conta, ainda, que o grupo j\u00e1 apadrinhou tr\u00eas outros movimentos fundados na cidade, na Capela do Ros\u00e1rio, Igreja da Barra, Imaculada Concei\u00e7\u00e3o, e o do Bico Doce, na Igreja S\u00e3o Vicente de Paulo. \u201cTamb\u00e9m apadrinhamos v\u00e1rias igrejas e pessoas que nos procuram. Fundamos o movimento em Cataguases e Eugen\u00f3polis. \u00c9 um movimento que abrange todo o Brasil e o exterior tamb\u00e9m.\u201d<\/p>\n<p style=\"text-align: justify;\">Sobre o palestrante da noite, a coordenadora afirma que Robinho Coelho \u00e9 muito conhecido no meio, e, inclusive, j\u00e1 realizou um retiro do movimento. \u201cEle s\u00f3 veio enriquecer os nossos cora\u00e7\u00f5es, falou da import\u00e2ncia das m\u00e3es estarem juntas e unidas e de como isso \u00e9 importante para o movimento. Come\u00e7amos o encontro falando da pessoa mais importante, que somos cada uma de n\u00f3s, cada uma na sua particularidade, com sua ess\u00eancia e seu jeito de ser \u00e9 pe\u00e7a essencial para estarmos juntas h\u00e1 cinco anos.\u201d<\/p>\n<p><a href=\"http:\/\/folhadosudeste.com\/site\/wp-content\/uploads\/2019\/11\/DSC_0026.jpg\"><img loading=\"lazy\" decoding=\"async\" class=\"alignnone size-full wp-image-67923\" src=\"http:\/\/folhadosudeste.com\/site\/wp-content\/uploads\/2019\/11\/DSC_0026.jpg\" alt=\"\" width=\"800\" height=\"530\" srcset=\"http:\/\/folhadosudeste.com\/site\/wp-content\/uploads\/2019\/11\/DSC_0026.jpg 800w, http:\/\/folhadosudeste.com\/site\/wp-content\/uploads\/2019\/11\/DSC_0026-300x199.jpg 300w, http:\/\/folhadosudeste.com\/site\/wp-content\/uploads\/2019\/11\/DSC_0026-768x509.jpg 768w, http:\/\/folhadosudeste.com\/site\/wp-content\/uploads\/2019\/11\/DSC_0026-120x80.jpg 120w, http:\/\/folhadosudeste.com\/site\/wp-content\/uploads\/2019\/11\/DSC_0026-345x230.jpg 345w, http:\/\/folhadosudeste.com\/site\/wp-content\/uploads\/2019\/11\/DSC_0026-590x390.jpg 590w\" sizes=\"auto, (max-width: 800px) 100vw, 800px\" \/><\/a> <a href=\"http:\/\/folhadosudeste.com\/site\/wp-content\/uploads\/2019\/11\/DSC_0028-1.jpg\"><img loading=\"lazy\" decoding=\"async\" class=\"alignnone size-full wp-image-67924\" src=\"http:\/\/folhadosudeste.com\/site\/wp-content\/uploads\/2019\/11\/DSC_0028-1.jpg\" alt=\"\" width=\"800\" height=\"530\" srcset=\"http:\/\/folhadosudeste.com\/site\/wp-content\/uploads\/2019\/11\/DSC_0028-1.jpg 800w, http:\/\/folhadosudeste.com\/site\/wp-content\/uploads\/2019\/11\/DSC_0028-1-300x199.jpg 300w, http:\/\/folhadosudeste.com\/site\/wp-content\/uploads\/2019\/11\/DSC_0028-1-768x509.jpg 768w, http:\/\/folhadosudeste.com\/site\/wp-content\/uploads\/2019\/11\/DSC_0028-1-120x80.jpg 120w, http:\/\/folhadosudeste.com\/site\/wp-content\/uploads\/2019\/11\/DSC_0028-1-345x230.jpg 345w, http:\/\/folhadosudeste.com\/site\/wp-content\/uploads\/2019\/11\/DSC_0028-1-590x390.jpg 590w\" sizes=\"auto, (max-width: 800px) 100vw, 800px\" \/><\/a><\/p>\n<p><!--more--><\/p>\n<p><a href=\"http:\/\/folhadosudeste.com\/site\/wp-content\/uploads\/2019\/11\/DSC_0031-1.jpg\"><img loading=\"lazy\" decoding=\"async\" class=\"alignnone size-full wp-image-67925\" src=\"http:\/\/folhadosudeste.com\/site\/wp-content\/uploads\/2019\/11\/DSC_0031-1.jpg\" alt=\"\" width=\"800\" height=\"530\" srcset=\"http:\/\/folhadosudeste.com\/site\/wp-content\/uploads\/2019\/11\/DSC_0031-1.jpg 800w, http:\/\/folhadosudeste.com\/site\/wp-content\/uploads\/2019\/11\/DSC_0031-1-300x199.jpg 300w, http:\/\/folhadosudeste.com\/site\/wp-content\/uploads\/2019\/11\/DSC_0031-1-768x509.jpg 768w, http:\/\/folhadosudeste.com\/site\/wp-content\/uploads\/2019\/11\/DSC_0031-1-120x80.jpg 120w, http:\/\/folhadosudeste.com\/site\/wp-content\/uploads\/2019\/11\/DSC_0031-1-345x230.jpg 345w, http:\/\/folhadosudeste.com\/site\/wp-content\/uploads\/2019\/11\/DSC_0031-1-590x390.jpg 590w\" sizes=\"auto, (max-width: 800px) 100vw, 800px\" \/><\/a> <a href=\"http:\/\/folhadosudeste.com\/site\/wp-content\/uploads\/2019\/11\/DSC_0039-2.jpg\"><img loading=\"lazy\" decoding=\"async\" class=\"alignnone size-full wp-image-67926\" src=\"http:\/\/folhadosudeste.com\/site\/wp-content\/uploads\/2019\/11\/DSC_0039-2.jpg\" alt=\"\" width=\"800\" height=\"530\" srcset=\"http:\/\/folhadosudeste.com\/site\/wp-content\/uploads\/2019\/11\/DSC_0039-2.jpg 800w, http:\/\/folhadosudeste.com\/site\/wp-content\/uploads\/2019\/11\/DSC_0039-2-300x199.jpg 300w, http:\/\/folhadosudeste.com\/site\/wp-content\/uploads\/2019\/11\/DSC_0039-2-768x509.jpg 768w, http:\/\/folhadosudeste.com\/site\/wp-content\/uploads\/2019\/11\/DSC_0039-2-120x80.jpg 120w, http:\/\/folhadosudeste.com\/site\/wp-content\/uploads\/2019\/11\/DSC_0039-2-345x230.jpg 345w, http:\/\/folhadosudeste.com\/site\/wp-content\/uploads\/2019\/11\/DSC_0039-2-590x390.jpg 590w\" sizes=\"auto, (max-width: 800px) 100vw, 800px\" \/><\/a> <a href=\"http:\/\/folhadosudeste.com\/site\/wp-content\/uploads\/2019\/11\/DSC_0053-1.jpg\"><img loading=\"lazy\" decoding=\"async\" class=\"alignnone size-full wp-image-67927\" src=\"http:\/\/folhadosudeste.com\/site\/wp-content\/uploads\/2019\/11\/DSC_0053-1.jpg\" alt=\"\" width=\"800\" height=\"530\" srcset=\"http:\/\/folhadosudeste.com\/site\/wp-content\/uploads\/2019\/11\/DSC_0053-1.jpg 800w, http:\/\/folhadosudeste.com\/site\/wp-content\/uploads\/2019\/11\/DSC_0053-1-300x199.jpg 300w, http:\/\/folhadosudeste.com\/site\/wp-content\/uploads\/2019\/11\/DSC_0053-1-768x509.jpg 768w, http:\/\/folhadosudeste.com\/site\/wp-content\/uploads\/2019\/11\/DSC_0053-1-120x80.jpg 120w, http:\/\/folhadosudeste.com\/site\/wp-content\/uploads\/2019\/11\/DSC_0053-1-345x230.jpg 345w, http:\/\/folhadosudeste.com\/site\/wp-content\/uploads\/2019\/11\/DSC_0053-1-590x390.jpg 590w\" sizes=\"auto, (max-width: 800px) 100vw, 800px\" \/><\/a><\/p>\n","protected":false},"excerpt":{"rendered":"<p>O Grupo de M\u00e3es que oram pelos filhos completou cinco anos de atividades em Muria\u00e9. A comemora\u00e7\u00e3o aconteceu no p\u00e1tio da Igreja S\u00e3o Francisco de Assis, na quinta-feira, 7\/11, com um saboroso lanche fraterno, sorteio da rifa de uma bicicleta que foi doada por um participante e uma maravilhosa palestra do experiente orador de Laje [&hellip;]<\/p>\n","protected":false},"author":6,"featured_media":0,"comment_status":"open","ping_status":"closed","sticky":false,"template":"","format":"standard","meta":{"_joinchat":[],"footnotes":""},"categories":[1],"tags":[],"class_list":["post-67921","post","type-post","status-publish","format-standard","hentry","category-sem-categoria"],"_links":{"self":[{"href":"http:\/\/folhadosudeste.com\/site\/index.php?rest_route=\/wp\/v2\/posts\/67921","targetHints":{"allow":["GET"]}}],"collection":[{"href":"http:\/\/folhadosudeste.com\/site\/index.php?rest_route=\/wp\/v2\/posts"}],"about":[{"href":"http:\/\/folhadosudeste.com\/site\/index.php?rest_route=\/wp\/v2\/types\/post"}],"author":[{"embeddable":true,"href":"http:\/\/folhadosudeste.com\/site\/index.php?rest_route=\/wp\/v2\/users\/6"}],"replies":[{"embeddable":true,"href":"http:\/\/folhadosudeste.com\/site\/index.php?rest_route=%2Fwp%2Fv2%2Fcomments&post=67921"}],"version-history":[{"count":1,"href":"http:\/\/folhadosudeste.com\/site\/index.php?rest_route=\/wp\/v2\/posts\/67921\/revisions"}],"predecessor-version":[{"id":67933,"href":"http:\/\/folhadosudeste.com\/site\/index.php?rest_route=\/wp\/v2\/posts\/67921\/revisions\/67933"}],"wp:attachment":[{"href":"http:\/\/folhadosudeste.com\/site\/index.php?rest_route=%2Fwp%2Fv2%2Fmedia&parent=67921"}],"wp:term":[{"taxonomy":"category","embeddable":true,"href":"http:\/\/folhadosudeste.com\/site\/index.php?rest_route=%2Fwp%2Fv2%2Fcategories&post=67921"},{"taxonomy":"post_tag","embeddable":true,"href":"http:\/\/folhadosudeste.com\/site\/index.php?rest_route=%2Fwp%2Fv2%2Ftags&post=67921"}],"curies":[{"name":"wp","href":"https:\/\/api.w.org\/{rel}","templated":true}]}}