{"id":70117,"date":"2020-04-01T19:28:37","date_gmt":"2020-04-01T19:28:37","guid":{"rendered":"http:\/\/folhadosudeste.com\/site\/?p=70117"},"modified":"2020-04-01T19:28:37","modified_gmt":"2020-04-01T19:28:37","slug":"isolamento-social-em-mg-deve-prosseguir-ate-dia-13","status":"publish","type":"post","link":"http:\/\/folhadosudeste.com\/site\/?p=70117","title":{"rendered":"Isolamento social em MG deve prosseguir at\u00e9 dia 13"},"content":{"rendered":"<div style=\"width: 640px;\" class=\"wp-video\"><!--[if lt IE 9]><script>document.createElement('video');<\/script><![endif]-->\n<video class=\"wp-video-shortcode\" id=\"video-70117-1\" width=\"640\" height=\"359\" preload=\"metadata\" controls=\"controls\"><source type=\"video\/mp4\" src=\"http:\/\/folhadosudeste.com\/site\/wp-content\/uploads\/2020\/04\/WhatsApp-Video-2020-04-01-at-15.35.40.mp4?_=1\" \/><a href=\"http:\/\/folhadosudeste.com\/site\/wp-content\/uploads\/2020\/04\/WhatsApp-Video-2020-04-01-at-15.35.40.mp4\">http:\/\/folhadosudeste.com\/site\/wp-content\/uploads\/2020\/04\/WhatsApp-Video-2020-04-01-at-15.35.40.mp4<\/a><\/video><\/div>\n<p style=\"text-align: justify;\">A Secretaria de Sa\u00fade de Minas Gerais (SES-MG) vai recomendar ao governador Romeu Zema que mantenha as medidas de isolamento social no estado ao menos at\u00e9 o pr\u00f3ximo dia 13 de abril.<\/p>\n<p style=\"text-align: justify;\">A data foi informada pela SES-MG em resposta a um questionamento feito pelo Minist\u00e9rio P\u00fablico e, se acatada pelo governador, valer\u00e1 para todos os munic\u00edpios mineiros &#8211; ou seja, inclusive para Muria\u00e9.<\/p>\n<p style=\"text-align: justify;\">O isolamento social em Minas foi determinado por Zema em 20 de mar\u00e7o, atrav\u00e9s de decreto que institui situa\u00e7\u00e3o de calamidade p\u00fablica em todo o estado. Desde ent\u00e3o, todas as prefeituras mineiras precisam seguir as delibera\u00e7\u00f5es feitas pelo Comit\u00ea Extraordin\u00e1rio Covid-19, com o objetivo de conter o avan\u00e7o do coronav\u00edrus no territ\u00f3rio estadual.<\/p>\n","protected":false},"excerpt":{"rendered":"<p>A Secretaria de Sa\u00fade de Minas Gerais (SES-MG) vai recomendar ao governador Romeu Zema que mantenha as medidas de isolamento social no estado ao menos at\u00e9 o pr\u00f3ximo dia 13 de abril. A data foi informada pela SES-MG em resposta a um questionamento feito pelo Minist\u00e9rio P\u00fablico e, se acatada pelo governador, valer\u00e1 para todos [&hellip;]<\/p>\n","protected":false},"author":6,"featured_media":0,"comment_status":"open","ping_status":"closed","sticky":false,"template":"","format":"standard","meta":{"_joinchat":[],"footnotes":""},"categories":[1],"tags":[],"class_list":["post-70117","post","type-post","status-publish","format-standard","hentry","category-sem-categoria"],"_links":{"self":[{"href":"http:\/\/folhadosudeste.com\/site\/index.php?rest_route=\/wp\/v2\/posts\/70117","targetHints":{"allow":["GET"]}}],"collection":[{"href":"http:\/\/folhadosudeste.com\/site\/index.php?rest_route=\/wp\/v2\/posts"}],"about":[{"href":"http:\/\/folhadosudeste.com\/site\/index.php?rest_route=\/wp\/v2\/types\/post"}],"author":[{"embeddable":true,"href":"http:\/\/folhadosudeste.com\/site\/index.php?rest_route=\/wp\/v2\/users\/6"}],"replies":[{"embeddable":true,"href":"http:\/\/folhadosudeste.com\/site\/index.php?rest_route=%2Fwp%2Fv2%2Fcomments&post=70117"}],"version-history":[{"count":1,"href":"http:\/\/folhadosudeste.com\/site\/index.php?rest_route=\/wp\/v2\/posts\/70117\/revisions"}],"predecessor-version":[{"id":70119,"href":"http:\/\/folhadosudeste.com\/site\/index.php?rest_route=\/wp\/v2\/posts\/70117\/revisions\/70119"}],"wp:attachment":[{"href":"http:\/\/folhadosudeste.com\/site\/index.php?rest_route=%2Fwp%2Fv2%2Fmedia&parent=70117"}],"wp:term":[{"taxonomy":"category","embeddable":true,"href":"http:\/\/folhadosudeste.com\/site\/index.php?rest_route=%2Fwp%2Fv2%2Fcategories&post=70117"},{"taxonomy":"post_tag","embeddable":true,"href":"http:\/\/folhadosudeste.com\/site\/index.php?rest_route=%2Fwp%2Fv2%2Ftags&post=70117"}],"curies":[{"name":"wp","href":"https:\/\/api.w.org\/{rel}","templated":true}]}}