{"id":70120,"date":"2020-04-01T19:30:40","date_gmt":"2020-04-01T19:30:40","guid":{"rendered":"http:\/\/folhadosudeste.com\/site\/?p=70120"},"modified":"2020-04-01T19:30:40","modified_gmt":"2020-04-01T19:30:40","slug":"em-sessao-on-line-camara-de-muriae-autoriza-suplementacao-de-credito-de-r-1-7-milhoes-para-a-saude-no-municipio","status":"publish","type":"post","link":"http:\/\/folhadosudeste.com\/site\/?p=70120","title":{"rendered":"Em sess\u00e3o on-line, C\u00e2mara de Muria\u00e9 autoriza suplementa\u00e7\u00e3o de cr\u00e9dito de R$ 1.7 milh\u00f5es para a sa\u00fade no munic\u00edpio"},"content":{"rendered":"<p><a href=\"http:\/\/folhadosudeste.com\/site\/wp-content\/uploads\/2020\/04\/853aa367-20af-4fcc-b893-7ca5288476bd.jpg\"><img loading=\"lazy\" decoding=\"async\" class=\"alignnone size-full wp-image-70121\" src=\"http:\/\/folhadosudeste.com\/site\/wp-content\/uploads\/2020\/04\/853aa367-20af-4fcc-b893-7ca5288476bd.jpg\" alt=\"\" width=\"1024\" height=\"768\" srcset=\"http:\/\/folhadosudeste.com\/site\/wp-content\/uploads\/2020\/04\/853aa367-20af-4fcc-b893-7ca5288476bd.jpg 1024w, http:\/\/folhadosudeste.com\/site\/wp-content\/uploads\/2020\/04\/853aa367-20af-4fcc-b893-7ca5288476bd-300x225.jpg 300w, http:\/\/folhadosudeste.com\/site\/wp-content\/uploads\/2020\/04\/853aa367-20af-4fcc-b893-7ca5288476bd-768x576.jpg 768w\" sizes=\"auto, (max-width: 1024px) 100vw, 1024px\" \/><\/a><\/p>\n<p style=\"font-weight: 400; text-align: justify;\">A C\u00e2mara de Muria\u00e9 realizou nesta ter\u00e7a-feira, dia 31 de mar\u00e7o, uma sess\u00e3o ordin\u00e1ria on-line a pedido do Executivo Municipal para votar dois projetos, sendo um que trata da autoriza\u00e7\u00e3o de cr\u00e9dito adicional suplementar em mais de R$ 1.7 milh\u00f5es para a \u00e1rea de Sa\u00fade em Muria\u00e9 e o outro que promove altera\u00e7\u00f5es na estrutura\u00e7\u00e3o administrativa do Fundo Previdenci\u00e1rio de Muria\u00e9.<\/p>\n<p style=\"font-weight: 400; text-align: justify;\"><strong>Sess\u00e3o foi realizada&nbsp;<em>on-line<\/em>&nbsp;para proteger vereadores do cont\u00e1gio do Covid-19<\/strong><\/p>\n<p style=\"font-weight: 400; text-align: justify;\">Acatando as recomenda\u00e7\u00f5es das autoridades da \u00e1rea de sa\u00fade e atentos ao fato de que h\u00e1 vereadores inclusos no grupo de risco, a sess\u00e3o foi realizada de forma on-line, por meio da rede social&nbsp;<em>Whatsapp<\/em>. Os trabalhos foram coordenados da C\u00e2mara, pelo presidente, vereador Carlos Delfim (PSDB), o secret\u00e1rio, vereador Reginaldo Roriz (PSD), o procurador jur\u00eddico Francisco Carvalho e representantes do quadro t\u00e9cnico funcional da C\u00e2mara. Apenas o vereador Ademar Camarino (PROS) n\u00e3o p\u00f4de participar da sess\u00e3o, mas justificou de forma adequada sua aus\u00eancia. A C\u00e2mara est\u00e1 providenciando um aplicativo adequado para que o p\u00fablico possa ter acesso a sess\u00f5es on-line, caso sejam necess\u00e1rias realizar outras, mas, devido aos tr\u00e2mites burocr\u00e1ticos necess\u00e1rios para a aquisi\u00e7\u00e3o desse servi\u00e7o, n\u00e3o foi poss\u00edvel tecnicamente para esta sess\u00e3o incluir a participa\u00e7\u00e3o popular. &nbsp;&nbsp;<\/p>\n<p><!--more--><\/p>\n<p style=\"font-weight: 400; text-align: justify;\"><strong>Executivo recebe autoriza\u00e7\u00e3o de suplementar a sa\u00fade em mais de R$ 1.7 milh\u00e3o<\/strong><\/p>\n<p style=\"font-weight: 400; text-align: justify;\">O destaque da sess\u00e3o foi o projeto que abre cr\u00e9dito suplementar de R$ 1.721.958,22 para a \u00e1rea de sa\u00fade. Esses recursos ser\u00e3o destinados para manuten\u00e7\u00e3o das atividades da Unidade do Pronto-Atendimento \u2013 UPA. Sempre propensos a aprovar a suplementa\u00e7\u00e3o de cr\u00e9dito na \u00e1rea de sa\u00fade, todos vereadores aprovaram por considerarem significativa esta suplementa\u00e7\u00e3o de cr\u00e9dito neste grave momento de pandemia mundial do coronav\u00edrus Covid-19, pois proporciona melhores condi\u00e7\u00f5es estruturais para o munic\u00edpio enfrentar os problemas decorrentes desta infec\u00e7\u00e3o que vem causando mortes em todo o planeta.<\/p>\n<p style=\"font-weight: 400; text-align: justify;\">J\u00e1 o outro projeto aprovado altera a estrutura\u00e7\u00e3o administrativa do Fundo Previdenci\u00e1rio de Muria\u00e9 permitindo que o servidor que exer\u00e7a sua presid\u00eancia possa receber gratifica\u00e7\u00e3o de at\u00e9 100% em seu vencimento b\u00e1sico custeada pelo seu \u00f3rg\u00e3o de origem, para exercer essa atribui\u00e7\u00e3o no Fundo Previdenci\u00e1rio. Votaram a favor, aprovando o projeto, os vereadores Carlos Macuco (PR), Celsinho (DEM), David Lacerda (DEM), Helena Carvalho (MDB), Ivanir do Gaspar (PR), Sargento Joel (MDB), Prof. J\u00falio Simbra (DEM), Lelei (DEM) e Ciso (PPS). Foram contr\u00e1rios ao projeto os vereadores Devail (PP), Evandro Cheroso (PR), Jair Abreu (PT), Dr. Jos\u00e9 Carlos (PSB), Dr\u00aa Miriam (PSDB) e Reginaldo Roriz. O presidente n\u00e3o votou, pois, neste caso, s\u00f3 vota em caso de desempate!<\/p>\n","protected":false},"excerpt":{"rendered":"<p>A C\u00e2mara de Muria\u00e9 realizou nesta ter\u00e7a-feira, dia 31 de mar\u00e7o, uma sess\u00e3o ordin\u00e1ria on-line a pedido do Executivo Municipal para votar dois projetos, sendo um que trata da autoriza\u00e7\u00e3o de cr\u00e9dito adicional suplementar em mais de R$ 1.7 milh\u00f5es para a \u00e1rea de Sa\u00fade em Muria\u00e9 e o outro que promove altera\u00e7\u00f5es na estrutura\u00e7\u00e3o [&hellip;]<\/p>\n","protected":false},"author":6,"featured_media":0,"comment_status":"open","ping_status":"closed","sticky":false,"template":"","format":"standard","meta":{"_joinchat":[],"footnotes":""},"categories":[1],"tags":[],"class_list":["post-70120","post","type-post","status-publish","format-standard","hentry","category-sem-categoria"],"_links":{"self":[{"href":"http:\/\/folhadosudeste.com\/site\/index.php?rest_route=\/wp\/v2\/posts\/70120","targetHints":{"allow":["GET"]}}],"collection":[{"href":"http:\/\/folhadosudeste.com\/site\/index.php?rest_route=\/wp\/v2\/posts"}],"about":[{"href":"http:\/\/folhadosudeste.com\/site\/index.php?rest_route=\/wp\/v2\/types\/post"}],"author":[{"embeddable":true,"href":"http:\/\/folhadosudeste.com\/site\/index.php?rest_route=\/wp\/v2\/users\/6"}],"replies":[{"embeddable":true,"href":"http:\/\/folhadosudeste.com\/site\/index.php?rest_route=%2Fwp%2Fv2%2Fcomments&post=70120"}],"version-history":[{"count":1,"href":"http:\/\/folhadosudeste.com\/site\/index.php?rest_route=\/wp\/v2\/posts\/70120\/revisions"}],"predecessor-version":[{"id":70122,"href":"http:\/\/folhadosudeste.com\/site\/index.php?rest_route=\/wp\/v2\/posts\/70120\/revisions\/70122"}],"wp:attachment":[{"href":"http:\/\/folhadosudeste.com\/site\/index.php?rest_route=%2Fwp%2Fv2%2Fmedia&parent=70120"}],"wp:term":[{"taxonomy":"category","embeddable":true,"href":"http:\/\/folhadosudeste.com\/site\/index.php?rest_route=%2Fwp%2Fv2%2Fcategories&post=70120"},{"taxonomy":"post_tag","embeddable":true,"href":"http:\/\/folhadosudeste.com\/site\/index.php?rest_route=%2Fwp%2Fv2%2Ftags&post=70120"}],"curies":[{"name":"wp","href":"https:\/\/api.w.org\/{rel}","templated":true}]}}