{"id":70126,"date":"2020-04-02T01:47:16","date_gmt":"2020-04-02T01:47:16","guid":{"rendered":"http:\/\/folhadosudeste.com\/site\/?p=70126"},"modified":"2020-04-02T01:47:16","modified_gmt":"2020-04-02T01:47:16","slug":"nota-de-esclarecimento-deputado-misael-varella-testa-positivo-para-coronavirus","status":"publish","type":"post","link":"http:\/\/folhadosudeste.com\/site\/?p=70126","title":{"rendered":"NOTA DE ESCLARECIMENTO: DEPUTADO MISAEL VARELLA TESTA POSITIVO PARA CORONAV\u00cdRUS"},"content":{"rendered":"<p>&nbsp;<\/p>\n<p><a href=\"http:\/\/folhadosudeste.com\/site\/wp-content\/uploads\/2020\/04\/misael-Varella.jpg\"><img loading=\"lazy\" decoding=\"async\" class=\"alignnone size-full wp-image-70127\" src=\"http:\/\/folhadosudeste.com\/site\/wp-content\/uploads\/2020\/04\/misael-Varella.jpg\" alt=\"\" width=\"960\" height=\"960\" srcset=\"http:\/\/folhadosudeste.com\/site\/wp-content\/uploads\/2020\/04\/misael-Varella.jpg 960w, http:\/\/folhadosudeste.com\/site\/wp-content\/uploads\/2020\/04\/misael-Varella-150x150.jpg 150w, http:\/\/folhadosudeste.com\/site\/wp-content\/uploads\/2020\/04\/misael-Varella-300x300.jpg 300w, http:\/\/folhadosudeste.com\/site\/wp-content\/uploads\/2020\/04\/misael-Varella-768x768.jpg 768w\" sizes=\"auto, (max-width: 960px) 100vw, 960px\" \/><\/a><\/p>\n<p>&nbsp;<\/p>\n<p>Venho a p\u00fablico informar que atestei positivo para o COVID-19, o Coronav\u00edrus.<\/p>\n<p>Na quinta-feira, dia 19 de mar\u00e7o, no retorno de Bras\u00edlia a Muria\u00e9, apresentei febre e, ao chegar, realizei exames e passei a seguir as recomenda\u00e7\u00f5es de isolamento at\u00e9 obter o resultado. Hoje, recebi os laudos que atestaram POSITIVO PARA O CORONAV\u00cdRUS.<\/p>\n<p>Desde o dia da suspeita, n\u00e3o apresentei mais quaisquer sintomas. Mesmo assim, tomei todas as provid\u00eancias cab\u00edveis de isolamento pessoal e notifica\u00e7\u00e3o para exames das pessoas com as quais tive contato pr\u00f3ximo. Hoje, j\u00e1 estou liberado do isolamento e considerado livre da doen\u00e7a, ou seja, imune e sem possibilidades de transmitir qualquer v\u00edrus para as pessoas. Tudo isso seguindo as orienta\u00e7\u00f5es devidas do Comit\u00ea Gestor Extraordin\u00e1rio da Prefeitura Municipal de Muria\u00e9.<!--more--><\/p>\n<p>Infelizmente, antes mesmo dos resultados, eu e minha equipe recebemos in\u00fameras mensagens de Whatsapp durante a \u00faltima semana afirmando que eu era portador confirmado do v\u00edrus e at\u00e9 mesmo que eu estava internado para tratamento da COVID-19. Boatos infundados, sem qualquer confirma\u00e7\u00e3o t\u00e9cnica e cl\u00ednica e que, na minha avalia\u00e7\u00e3o, foram disseminados por pessoas de m\u00e1 \u00edndole e mau cora\u00e7\u00e3o.<\/p>\n<p>Sempre pautei minha vida p\u00fablica e pessoal com transpar\u00eancia e seriedade. Por isso, o m\u00ednimo que eu esperava diante de uma pandemia era responsabilidade ao divulgar informa\u00e7\u00f5es. Manifesto meu profundo pesar em saber que tamb\u00e9m fui alvo de uma FAKE NEWS. No momento em que o Brasil necessita de UNI\u00c3O, o que me resta \u00e9, como ser humano do bem, antecipar o meu perd\u00e3o aqui na Terra a quem cometeu tal atitude na certeza de que este perd\u00e3o tamb\u00e9m lhe ser\u00e1 dado em outro plano.<\/p>\n<p>Quero enaltecer e parabenizar o trabalho do Comit\u00ea Gestor Extraordin\u00e1rio, presidido pelo amigo e Prefeito Grego, que me deu suporte total nas orienta\u00e7\u00f5es e recomenda\u00e7\u00f5es, sempre alinhados com os protocolos do Governo de Minas e Minist\u00e9rio da Sa\u00fade. Desde o dia em que realizei os exames at\u00e9 hoje, \u00faltimo dia de minha quarentena obrigat\u00f3ria, fui totalmente assistido pelos profissionais.<\/p>\n<p>Por fim, reafirmo o pedido para que, se voc\u00ea puder, fique em casa! Para vencer o COVID-19, precisamos tomar o m\u00e1ximo de precau\u00e7\u00f5es e seguir as recomenda\u00e7\u00f5es das autoridades m\u00e1ximas de sa\u00fade. Mesmo de casa, em isolamento, segui e sigo trabalhando e participando das vota\u00e7\u00f5es remotas (\u00e0 dist\u00e2ncia) na C\u00e2mara dos Deputados, para tentar garantir os subs\u00eddios financeiros necess\u00e1rios para que voc\u00ea e sua fam\u00edlia permane\u00e7am em casa durante este per\u00edodo.<br \/>\nConto com a amizade e sua compreens\u00e3o e de sua fam\u00edlia.<br \/>\nUm grande abra\u00e7o,<br \/>\nMisael Varella<\/p>\n","protected":false},"excerpt":{"rendered":"<p>&nbsp; &nbsp; Venho a p\u00fablico informar que atestei positivo para o COVID-19, o Coronav\u00edrus. Na quinta-feira, dia 19 de mar\u00e7o, no retorno de Bras\u00edlia a Muria\u00e9, apresentei febre e, ao chegar, realizei exames e passei a seguir as recomenda\u00e7\u00f5es de isolamento at\u00e9 obter o resultado. Hoje, recebi os laudos que atestaram POSITIVO PARA O CORONAV\u00cdRUS. [&hellip;]<\/p>\n","protected":false},"author":6,"featured_media":0,"comment_status":"open","ping_status":"closed","sticky":false,"template":"","format":"standard","meta":{"_joinchat":[],"footnotes":""},"categories":[1],"tags":[],"class_list":["post-70126","post","type-post","status-publish","format-standard","hentry","category-sem-categoria"],"_links":{"self":[{"href":"http:\/\/folhadosudeste.com\/site\/index.php?rest_route=\/wp\/v2\/posts\/70126","targetHints":{"allow":["GET"]}}],"collection":[{"href":"http:\/\/folhadosudeste.com\/site\/index.php?rest_route=\/wp\/v2\/posts"}],"about":[{"href":"http:\/\/folhadosudeste.com\/site\/index.php?rest_route=\/wp\/v2\/types\/post"}],"author":[{"embeddable":true,"href":"http:\/\/folhadosudeste.com\/site\/index.php?rest_route=\/wp\/v2\/users\/6"}],"replies":[{"embeddable":true,"href":"http:\/\/folhadosudeste.com\/site\/index.php?rest_route=%2Fwp%2Fv2%2Fcomments&post=70126"}],"version-history":[{"count":1,"href":"http:\/\/folhadosudeste.com\/site\/index.php?rest_route=\/wp\/v2\/posts\/70126\/revisions"}],"predecessor-version":[{"id":70128,"href":"http:\/\/folhadosudeste.com\/site\/index.php?rest_route=\/wp\/v2\/posts\/70126\/revisions\/70128"}],"wp:attachment":[{"href":"http:\/\/folhadosudeste.com\/site\/index.php?rest_route=%2Fwp%2Fv2%2Fmedia&parent=70126"}],"wp:term":[{"taxonomy":"category","embeddable":true,"href":"http:\/\/folhadosudeste.com\/site\/index.php?rest_route=%2Fwp%2Fv2%2Fcategories&post=70126"},{"taxonomy":"post_tag","embeddable":true,"href":"http:\/\/folhadosudeste.com\/site\/index.php?rest_route=%2Fwp%2Fv2%2Ftags&post=70126"}],"curies":[{"name":"wp","href":"https:\/\/api.w.org\/{rel}","templated":true}]}}