{"id":70131,"date":"2020-04-02T17:54:42","date_gmt":"2020-04-02T17:54:42","guid":{"rendered":"http:\/\/folhadosudeste.com\/site\/?p=70131"},"modified":"2020-04-02T17:54:42","modified_gmt":"2020-04-02T17:54:42","slug":"empresario-da-condex-apresenta-prototipo-de-respirador-que-esta-sendo-desenvolvido-para-atender-muriae-e-regiao-2","status":"publish","type":"post","link":"http:\/\/folhadosudeste.com\/site\/?p=70131","title":{"rendered":"EMPRES\u00c1RIO DA CONDEX APRESENTA PROT\u00d3TIPO DE RESPIRADOR QUE EST\u00c1 SENDO DESENVOLVIDO PARA ATENDER MURIA\u00c9 E REGI\u00c3O"},"content":{"rendered":"<p><a href=\"http:\/\/folhadosudeste.com\/site\/wp-content\/uploads\/2020\/04\/condex-1.jpg\"><img loading=\"lazy\" decoding=\"async\" class=\"alignnone size-full wp-image-70132\" src=\"http:\/\/folhadosudeste.com\/site\/wp-content\/uploads\/2020\/04\/condex-1.jpg\" alt=\"\" width=\"750\" height=\"563\" srcset=\"http:\/\/folhadosudeste.com\/site\/wp-content\/uploads\/2020\/04\/condex-1.jpg 750w, http:\/\/folhadosudeste.com\/site\/wp-content\/uploads\/2020\/04\/condex-1-300x225.jpg 300w\" sizes=\"auto, (max-width: 750px) 100vw, 750px\" \/><\/a> <a href=\"http:\/\/folhadosudeste.com\/site\/wp-content\/uploads\/2020\/04\/condex-2.jpg\"><img loading=\"lazy\" decoding=\"async\" class=\"alignnone size-full wp-image-70133\" src=\"http:\/\/folhadosudeste.com\/site\/wp-content\/uploads\/2020\/04\/condex-2.jpg\" alt=\"\" width=\"750\" height=\"563\" srcset=\"http:\/\/folhadosudeste.com\/site\/wp-content\/uploads\/2020\/04\/condex-2.jpg 750w, http:\/\/folhadosudeste.com\/site\/wp-content\/uploads\/2020\/04\/condex-2-300x225.jpg 300w\" sizes=\"auto, (max-width: 750px) 100vw, 750px\" \/><\/a><\/p>\n<p style=\"text-align: justify;\">O Jornal Folha do Sudeste foi o primeiro meio de comunica\u00e7\u00e3o de Muria\u00e9 a procurar o propriet\u00e1rio da CONDEX, Edson Cond\u00e9, para apresentar o prot\u00f3tipo do aparelho respirat\u00f3rio que ir\u00e1 beneficiar Muria\u00e9 e regi\u00e3o no tratamento do COVID-19.<\/p>\n<p style=\"text-align: justify;\">\u201cA empresa presta servi\u00e7os h\u00e1 muitos anos no ramo t\u00eaxtil e durante o surto do v\u00edrus, sentimos na obriga\u00e7\u00e3o de tentar ajudar da melhor maneira poss\u00edvel. Desenvolvemos a parte eletr\u00f4nica atrav\u00e9s de nossos engenheiros e a parte medicinal atrav\u00e9s de m\u00e9dicos que est\u00e3o nos acompanhando nesse projeto. O aparelho tem frequ\u00eancia e tempo de inspira\u00e7\u00e3o, dois tipos de filtros, tanto para proteger o paciente quanto os profissionais que ir\u00e3o manusear a m\u00e1quina, zelando pela sa\u00fade de todos. Precisamos tamb\u00e9m de parcerias com empresas que fornecem produtos hospitalares e do apoio de parlamentares, pois quanto antes n\u00f3s conseguirmos realizar a aprova\u00e7\u00e3o, mais m\u00e1quinas iremos produzir.\u201d disse o empres\u00e1rio Edson.<\/p>\n<p style=\"text-align: justify;\">A CONDEX est\u00e1 aberta para todos os profissionais de sa\u00fade e autoridades que quiserem conhecer, dar sugest\u00f5es e tirar d\u00favidas sobre o aparelho. Edson frisa tamb\u00e9m que se faz necess\u00e1rio o apoio de toda popula\u00e7\u00e3o para aprova\u00e7\u00e3o da ANVISA o mais r\u00e1pido poss\u00edvel, para que esse respirador chegue at\u00e9 os hospitais, ajudando a suprir a car\u00eancia de recursos contra o coronav\u00edrus, principalmente em cidades onde n\u00e3o h\u00e1 infraestrutura para atender os pacientes necessitados.<\/p>\n<p style=\"text-align: justify;\">A empresa se localiza na BR 116, ao lado da Churrascaria Serra do Sol, no KM 713, n\u00famero 45, Santa Helena, Muria\u00e9 \u2013 MG.<\/p>\n<div style=\"width: 352px;\" class=\"wp-video\"><!--[if lt IE 9]><script>document.createElement('video');<\/script><![endif]-->\n<video class=\"wp-video-shortcode\" id=\"video-70131-1\" width=\"352\" height=\"640\" preload=\"metadata\" controls=\"controls\"><source type=\"video\/mp4\" src=\"http:\/\/folhadosudeste.com\/site\/wp-content\/uploads\/2020\/04\/VIDEO-CONDEX.mp4?_=1\" \/><a href=\"http:\/\/folhadosudeste.com\/site\/wp-content\/uploads\/2020\/04\/VIDEO-CONDEX.mp4\">http:\/\/folhadosudeste.com\/site\/wp-content\/uploads\/2020\/04\/VIDEO-CONDEX.mp4<\/a><\/video><\/div>\n","protected":false},"excerpt":{"rendered":"<p>O Jornal Folha do Sudeste foi o primeiro meio de comunica\u00e7\u00e3o de Muria\u00e9 a procurar o propriet\u00e1rio da CONDEX, Edson Cond\u00e9, para apresentar o prot\u00f3tipo do aparelho respirat\u00f3rio que ir\u00e1 beneficiar Muria\u00e9 e regi\u00e3o no tratamento do COVID-19. \u201cA empresa presta servi\u00e7os h\u00e1 muitos anos no ramo t\u00eaxtil e durante o surto do v\u00edrus, sentimos [&hellip;]<\/p>\n","protected":false},"author":6,"featured_media":0,"comment_status":"open","ping_status":"closed","sticky":false,"template":"","format":"standard","meta":{"_joinchat":[],"footnotes":""},"categories":[1],"tags":[],"class_list":["post-70131","post","type-post","status-publish","format-standard","hentry","category-sem-categoria"],"_links":{"self":[{"href":"http:\/\/folhadosudeste.com\/site\/index.php?rest_route=\/wp\/v2\/posts\/70131","targetHints":{"allow":["GET"]}}],"collection":[{"href":"http:\/\/folhadosudeste.com\/site\/index.php?rest_route=\/wp\/v2\/posts"}],"about":[{"href":"http:\/\/folhadosudeste.com\/site\/index.php?rest_route=\/wp\/v2\/types\/post"}],"author":[{"embeddable":true,"href":"http:\/\/folhadosudeste.com\/site\/index.php?rest_route=\/wp\/v2\/users\/6"}],"replies":[{"embeddable":true,"href":"http:\/\/folhadosudeste.com\/site\/index.php?rest_route=%2Fwp%2Fv2%2Fcomments&post=70131"}],"version-history":[{"count":1,"href":"http:\/\/folhadosudeste.com\/site\/index.php?rest_route=\/wp\/v2\/posts\/70131\/revisions"}],"predecessor-version":[{"id":70135,"href":"http:\/\/folhadosudeste.com\/site\/index.php?rest_route=\/wp\/v2\/posts\/70131\/revisions\/70135"}],"wp:attachment":[{"href":"http:\/\/folhadosudeste.com\/site\/index.php?rest_route=%2Fwp%2Fv2%2Fmedia&parent=70131"}],"wp:term":[{"taxonomy":"category","embeddable":true,"href":"http:\/\/folhadosudeste.com\/site\/index.php?rest_route=%2Fwp%2Fv2%2Fcategories&post=70131"},{"taxonomy":"post_tag","embeddable":true,"href":"http:\/\/folhadosudeste.com\/site\/index.php?rest_route=%2Fwp%2Fv2%2Ftags&post=70131"}],"curies":[{"name":"wp","href":"https:\/\/api.w.org\/{rel}","templated":true}]}}