{"id":70137,"date":"2020-04-02T18:22:11","date_gmt":"2020-04-02T18:22:11","guid":{"rendered":"http:\/\/folhadosudeste.com\/site\/?p=70137"},"modified":"2020-04-02T18:24:42","modified_gmt":"2020-04-02T18:24:42","slug":"hospital-sao-paulo-recebe-uma-bencao-especial-do-capelao-padre-geraldo-chaves","status":"publish","type":"post","link":"http:\/\/folhadosudeste.com\/site\/?p=70137","title":{"rendered":"HOSPITAL S\u00c3O PAULO RECEBE UMA BEN\u00c7\u00c3O ESPECIAL DO CAPEL\u00c3O PADRE GERALDO CHAVES"},"content":{"rendered":"<p><a href=\"http:\/\/folhadosudeste.com\/site\/wp-content\/uploads\/2020\/04\/PADRE-26.jpg\"><img loading=\"lazy\" decoding=\"async\" class=\"alignnone size-full wp-image-70143\" src=\"http:\/\/folhadosudeste.com\/site\/wp-content\/uploads\/2020\/04\/PADRE-26.jpg\" alt=\"\" width=\"960\" height=\"1280\" srcset=\"http:\/\/folhadosudeste.com\/site\/wp-content\/uploads\/2020\/04\/PADRE-26.jpg 960w, http:\/\/folhadosudeste.com\/site\/wp-content\/uploads\/2020\/04\/PADRE-26-225x300.jpg 225w, http:\/\/folhadosudeste.com\/site\/wp-content\/uploads\/2020\/04\/PADRE-26-768x1024.jpg 768w\" sizes=\"auto, (max-width: 960px) 100vw, 960px\" \/><\/a><\/p>\n<p style=\"text-align: justify;\">Aconteceu nesta quarta-feira a ben\u00e7\u00e3o e prociss\u00e3o do sant\u00edssimo no Hospital S\u00e3o Paulo para funcion\u00e1rios, pacientes e acompanhantes. Padre Geraldo, capel\u00e3o, iniciou junto com os funcion\u00e1rios na frente da capela (\u00e1rea aberta) com a ora\u00e7\u00e3o do ter\u00e7o da miseric\u00f3rdia e ben\u00e7\u00e3o para os funcion\u00e1rios.<\/p>\n<p style=\"text-align: justify;\">Em seguida, acompanhado de quatro funcion\u00e1rios que s\u00e3o ministros da eucaristia da Capelania hospitalar e m\u00fasicos, visitaram todos os andares com o sant\u00edssimo, dando a ben\u00e7\u00e3o a todos. Essa prociss\u00e3o foi um momento de f\u00e9 e muita emo\u00e7\u00e3o. Nesse momento de pandemia precisamos de buscar a for\u00e7a espiritual tamb\u00e9m. Agradecemos a disponibilidade do Padre Geraldo e funcion\u00e1rios que proporcionaram este momento maravilhoso no hospital.<\/p>\n<p style=\"text-align: justify;\">(Observa\u00e7\u00e3o: a prociss\u00e3o passou apenas nos corredores, n\u00e3o entrando em nenhum quarto. As pessoas que participaram fizeram a higieniza\u00e7\u00e3o correta antes de subir e usaram m\u00e1scaras, conforme orienta\u00e7\u00e3o do comit\u00ea de combate ao Coronav\u00edrus do Hospital S\u00e3o Paulo)<\/p>\n<p><!--more--><\/p>\n<p style=\"text-align: justify;\"><a href=\"http:\/\/folhadosudeste.com\/site\/wp-content\/uploads\/2020\/04\/PADREEEE.jpg\"><img loading=\"lazy\" decoding=\"async\" class=\"alignnone size-full wp-image-70140\" src=\"http:\/\/folhadosudeste.com\/site\/wp-content\/uploads\/2020\/04\/PADREEEE.jpg\" alt=\"\" width=\"576\" height=\"1024\" srcset=\"http:\/\/folhadosudeste.com\/site\/wp-content\/uploads\/2020\/04\/PADREEEE.jpg 576w, http:\/\/folhadosudeste.com\/site\/wp-content\/uploads\/2020\/04\/PADREEEE-169x300.jpg 169w\" sizes=\"auto, (max-width: 576px) 100vw, 576px\" \/><\/a> <a href=\"http:\/\/folhadosudeste.com\/site\/wp-content\/uploads\/2020\/04\/HSP-222.jpg\"><img loading=\"lazy\" decoding=\"async\" class=\"alignnone size-full wp-image-70141\" src=\"http:\/\/folhadosudeste.com\/site\/wp-content\/uploads\/2020\/04\/HSP-222.jpg\" alt=\"\" width=\"960\" height=\"1280\" srcset=\"http:\/\/folhadosudeste.com\/site\/wp-content\/uploads\/2020\/04\/HSP-222.jpg 960w, http:\/\/folhadosudeste.com\/site\/wp-content\/uploads\/2020\/04\/HSP-222-225x300.jpg 225w, http:\/\/folhadosudeste.com\/site\/wp-content\/uploads\/2020\/04\/HSP-222-768x1024.jpg 768w\" sizes=\"auto, (max-width: 960px) 100vw, 960px\" \/><\/a> <a href=\"http:\/\/folhadosudeste.com\/site\/wp-content\/uploads\/2020\/04\/HSP.jpg\"><img loading=\"lazy\" decoding=\"async\" class=\"alignnone size-full wp-image-70142\" src=\"http:\/\/folhadosudeste.com\/site\/wp-content\/uploads\/2020\/04\/HSP.jpg\" alt=\"\" width=\"960\" height=\"1280\" srcset=\"http:\/\/folhadosudeste.com\/site\/wp-content\/uploads\/2020\/04\/HSP.jpg 960w, http:\/\/folhadosudeste.com\/site\/wp-content\/uploads\/2020\/04\/HSP-225x300.jpg 225w, http:\/\/folhadosudeste.com\/site\/wp-content\/uploads\/2020\/04\/HSP-768x1024.jpg 768w\" sizes=\"auto, (max-width: 960px) 100vw, 960px\" \/><\/a> &nbsp;<a href=\"http:\/\/folhadosudeste.com\/site\/wp-content\/uploads\/2020\/04\/PADRE-27.jpg\"><img loading=\"lazy\" decoding=\"async\" class=\"alignnone size-full wp-image-70144\" src=\"http:\/\/folhadosudeste.com\/site\/wp-content\/uploads\/2020\/04\/PADRE-27.jpg\" alt=\"\" width=\"960\" height=\"1280\" srcset=\"http:\/\/folhadosudeste.com\/site\/wp-content\/uploads\/2020\/04\/PADRE-27.jpg 960w, http:\/\/folhadosudeste.com\/site\/wp-content\/uploads\/2020\/04\/PADRE-27-225x300.jpg 225w, http:\/\/folhadosudeste.com\/site\/wp-content\/uploads\/2020\/04\/PADRE-27-768x1024.jpg 768w\" sizes=\"auto, (max-width: 960px) 100vw, 960px\" \/><\/a> <a href=\"http:\/\/folhadosudeste.com\/site\/wp-content\/uploads\/2020\/04\/PADRE-678.jpg\"><img loading=\"lazy\" decoding=\"async\" class=\"alignnone size-full wp-image-70145\" src=\"http:\/\/folhadosudeste.com\/site\/wp-content\/uploads\/2020\/04\/PADRE-678.jpg\" alt=\"\" width=\"960\" height=\"1280\" srcset=\"http:\/\/folhadosudeste.com\/site\/wp-content\/uploads\/2020\/04\/PADRE-678.jpg 960w, http:\/\/folhadosudeste.com\/site\/wp-content\/uploads\/2020\/04\/PADRE-678-225x300.jpg 225w, http:\/\/folhadosudeste.com\/site\/wp-content\/uploads\/2020\/04\/PADRE-678-768x1024.jpg 768w\" sizes=\"auto, (max-width: 960px) 100vw, 960px\" \/><\/a> <a href=\"http:\/\/folhadosudeste.com\/site\/wp-content\/uploads\/2020\/04\/PADRE-GERALDO-22.jpg\"><img loading=\"lazy\" decoding=\"async\" class=\"alignnone size-full wp-image-70146\" src=\"http:\/\/folhadosudeste.com\/site\/wp-content\/uploads\/2020\/04\/PADRE-GERALDO-22.jpg\" alt=\"\" width=\"960\" height=\"1280\" srcset=\"http:\/\/folhadosudeste.com\/site\/wp-content\/uploads\/2020\/04\/PADRE-GERALDO-22.jpg 960w, http:\/\/folhadosudeste.com\/site\/wp-content\/uploads\/2020\/04\/PADRE-GERALDO-22-225x300.jpg 225w, http:\/\/folhadosudeste.com\/site\/wp-content\/uploads\/2020\/04\/PADRE-GERALDO-22-768x1024.jpg 768w\" sizes=\"auto, (max-width: 960px) 100vw, 960px\" \/><\/a> <a href=\"http:\/\/folhadosudeste.com\/site\/wp-content\/uploads\/2020\/04\/PADRE-GERALDO-CHAVESE-HHH.jpg\"><img loading=\"lazy\" decoding=\"async\" class=\"alignnone size-full wp-image-70147\" src=\"http:\/\/folhadosudeste.com\/site\/wp-content\/uploads\/2020\/04\/PADRE-GERALDO-CHAVESE-HHH.jpg\" alt=\"\" width=\"960\" height=\"1280\" srcset=\"http:\/\/folhadosudeste.com\/site\/wp-content\/uploads\/2020\/04\/PADRE-GERALDO-CHAVESE-HHH.jpg 960w, http:\/\/folhadosudeste.com\/site\/wp-content\/uploads\/2020\/04\/PADRE-GERALDO-CHAVESE-HHH-225x300.jpg 225w, http:\/\/folhadosudeste.com\/site\/wp-content\/uploads\/2020\/04\/PADRE-GERALDO-CHAVESE-HHH-768x1024.jpg 768w\" sizes=\"auto, (max-width: 960px) 100vw, 960px\" \/><\/a> <a href=\"http:\/\/folhadosudeste.com\/site\/wp-content\/uploads\/2020\/04\/PADRE-GERALDO.jpg\"><img loading=\"lazy\" decoding=\"async\" class=\"alignnone size-full wp-image-70148\" src=\"http:\/\/folhadosudeste.com\/site\/wp-content\/uploads\/2020\/04\/PADRE-GERALDO.jpg\" alt=\"\" width=\"960\" height=\"1280\" srcset=\"http:\/\/folhadosudeste.com\/site\/wp-content\/uploads\/2020\/04\/PADRE-GERALDO.jpg 960w, http:\/\/folhadosudeste.com\/site\/wp-content\/uploads\/2020\/04\/PADRE-GERALDO-225x300.jpg 225w, http:\/\/folhadosudeste.com\/site\/wp-content\/uploads\/2020\/04\/PADRE-GERALDO-768x1024.jpg 768w\" sizes=\"auto, (max-width: 960px) 100vw, 960px\" \/><\/a><\/p>\n","protected":false},"excerpt":{"rendered":"<p>Aconteceu nesta quarta-feira a ben\u00e7\u00e3o e prociss\u00e3o do sant\u00edssimo no Hospital S\u00e3o Paulo para funcion\u00e1rios, pacientes e acompanhantes. Padre Geraldo, capel\u00e3o, iniciou junto com os funcion\u00e1rios na frente da capela (\u00e1rea aberta) com a ora\u00e7\u00e3o do ter\u00e7o da miseric\u00f3rdia e ben\u00e7\u00e3o para os funcion\u00e1rios. Em seguida, acompanhado de quatro funcion\u00e1rios que s\u00e3o ministros da eucaristia [&hellip;]<\/p>\n","protected":false},"author":6,"featured_media":0,"comment_status":"open","ping_status":"closed","sticky":false,"template":"","format":"standard","meta":{"_joinchat":[],"footnotes":""},"categories":[1],"tags":[],"class_list":["post-70137","post","type-post","status-publish","format-standard","hentry","category-sem-categoria"],"_links":{"self":[{"href":"http:\/\/folhadosudeste.com\/site\/index.php?rest_route=\/wp\/v2\/posts\/70137","targetHints":{"allow":["GET"]}}],"collection":[{"href":"http:\/\/folhadosudeste.com\/site\/index.php?rest_route=\/wp\/v2\/posts"}],"about":[{"href":"http:\/\/folhadosudeste.com\/site\/index.php?rest_route=\/wp\/v2\/types\/post"}],"author":[{"embeddable":true,"href":"http:\/\/folhadosudeste.com\/site\/index.php?rest_route=\/wp\/v2\/users\/6"}],"replies":[{"embeddable":true,"href":"http:\/\/folhadosudeste.com\/site\/index.php?rest_route=%2Fwp%2Fv2%2Fcomments&post=70137"}],"version-history":[{"count":2,"href":"http:\/\/folhadosudeste.com\/site\/index.php?rest_route=\/wp\/v2\/posts\/70137\/revisions"}],"predecessor-version":[{"id":70152,"href":"http:\/\/folhadosudeste.com\/site\/index.php?rest_route=\/wp\/v2\/posts\/70137\/revisions\/70152"}],"wp:attachment":[{"href":"http:\/\/folhadosudeste.com\/site\/index.php?rest_route=%2Fwp%2Fv2%2Fmedia&parent=70137"}],"wp:term":[{"taxonomy":"category","embeddable":true,"href":"http:\/\/folhadosudeste.com\/site\/index.php?rest_route=%2Fwp%2Fv2%2Fcategories&post=70137"},{"taxonomy":"post_tag","embeddable":true,"href":"http:\/\/folhadosudeste.com\/site\/index.php?rest_route=%2Fwp%2Fv2%2Ftags&post=70137"}],"curies":[{"name":"wp","href":"https:\/\/api.w.org\/{rel}","templated":true}]}}