{"id":70154,"date":"2020-04-02T18:49:23","date_gmt":"2020-04-02T18:49:23","guid":{"rendered":"http:\/\/folhadosudeste.com\/site\/?p=70154"},"modified":"2020-04-02T18:49:23","modified_gmt":"2020-04-02T18:49:23","slug":"02-de-abril-dia-mundial-do-autismo","status":"publish","type":"post","link":"http:\/\/folhadosudeste.com\/site\/?p=70154","title":{"rendered":"02 de abril &#8211; Dia Mundial do Autismo"},"content":{"rendered":"<p><img decoding=\"async\" src=\"https:\/\/www.altoastral.com.br\/wp-content\/uploads\/2016\/11\/crian%C3%A7as-autismo-aprendizado.jpg\" alt=\"www.altoastral.com.br\/wp-content\/uploads\/2016\/1...\"><\/p>\n<p style=\"text-align: justify;\">O Dia Mundial do Autismo, celebrado anualmente em 2 de abril, foi criado pela Organiza\u00e7\u00e3o das Na\u00e7\u00f5es Unidas em 18 de dezembro de 2007 para a conscientiza\u00e7\u00e3o acerca dessa quest\u00e3o. No primeiro evento, em 2 de abril de 2008, o Secret\u00e1rio-Geral da ONU, Ban Ki-moon, elogiou a iniciativa do Catar e da fam\u00edlia real do pa\u00eds, um dos maiores incentivadores para a proposta de cria\u00e7\u00e3o do dia, pelos esfor\u00e7os de chamar a aten\u00e7\u00e3o sobre o autismo.<\/p>\n<p style=\"text-align: justify;\">No evento de 2010, a ONU declarou que, segundo especialistas, acredita-se que este transtorno de desenvolvimento atinja cerca de 70 milh\u00f5es de pessoas em todo o mundo, afetando a maneira como esses indiv\u00edduos se comunicam e interagem.<\/p>\n<p style=\"text-align: justify;\">Em 2011, o Brasil teve o Cristo Redentor, no Rio de Janeiro, iluminado de azul nos dias 1 e 2 de abril, al\u00e9m da Ponte Estaiada em S\u00e3o Paulo, os pr\u00e9dios do Senado Federal e do Minist\u00e9rio da Sa\u00fade em Bras\u00edlia, o Teatro Amazonas em Manaus, a torre da Usina do Gas\u00f4metro, em Porto Alegre, entre muitos outros. Em Portugal, monumentos e pr\u00e9dios, como a Torre dos Cl\u00e9rigos e a est\u00e1tua do Cristo Rei em frente a Lisboa tamb\u00e9m foram iluminados de azul para a data.<\/p>\n<p style=\"text-align: justify;\">Desde 2011, o Cristo Redentor, no Rio de Janeiro, vem se iluminando de azul todo ano para a data.<\/p>\n<p style=\"text-align: justify;\">O tema de 2018 da ONU para a data foi \u201cEmpoderando Mulheres e Meninas com Autismo\u201d (\u201cEmpowering Women and Girls with Autism\u201d, no original em ingl\u00eas). <strong>Fonte:&nbsp;pt.wikipedia.org<\/strong><\/p>\n<p><a href=\"http:\/\/folhadosudeste.com\/site\/wp-content\/uploads\/2020\/04\/ODILON.jpg\"><img loading=\"lazy\" decoding=\"async\" class=\"alignnone size-full wp-image-70155\" src=\"http:\/\/folhadosudeste.com\/site\/wp-content\/uploads\/2020\/04\/ODILON.jpg\" alt=\"\" width=\"2037\" height=\"748\" srcset=\"http:\/\/folhadosudeste.com\/site\/wp-content\/uploads\/2020\/04\/ODILON.jpg 2037w, http:\/\/folhadosudeste.com\/site\/wp-content\/uploads\/2020\/04\/ODILON-300x110.jpg 300w, http:\/\/folhadosudeste.com\/site\/wp-content\/uploads\/2020\/04\/ODILON-768x282.jpg 768w, http:\/\/folhadosudeste.com\/site\/wp-content\/uploads\/2020\/04\/ODILON-1024x376.jpg 1024w\" sizes=\"auto, (max-width: 2037px) 100vw, 2037px\" \/><\/a><\/p>\n","protected":false},"excerpt":{"rendered":"<p>O Dia Mundial do Autismo, celebrado anualmente em 2 de abril, foi criado pela Organiza\u00e7\u00e3o das Na\u00e7\u00f5es Unidas em 18 de dezembro de 2007 para a conscientiza\u00e7\u00e3o acerca dessa quest\u00e3o. No primeiro evento, em 2 de abril de 2008, o Secret\u00e1rio-Geral da ONU, Ban Ki-moon, elogiou a iniciativa do Catar e da fam\u00edlia real do [&hellip;]<\/p>\n","protected":false},"author":6,"featured_media":0,"comment_status":"open","ping_status":"closed","sticky":false,"template":"","format":"standard","meta":{"_joinchat":[],"footnotes":""},"categories":[1],"tags":[],"class_list":["post-70154","post","type-post","status-publish","format-standard","hentry","category-sem-categoria"],"_links":{"self":[{"href":"http:\/\/folhadosudeste.com\/site\/index.php?rest_route=\/wp\/v2\/posts\/70154","targetHints":{"allow":["GET"]}}],"collection":[{"href":"http:\/\/folhadosudeste.com\/site\/index.php?rest_route=\/wp\/v2\/posts"}],"about":[{"href":"http:\/\/folhadosudeste.com\/site\/index.php?rest_route=\/wp\/v2\/types\/post"}],"author":[{"embeddable":true,"href":"http:\/\/folhadosudeste.com\/site\/index.php?rest_route=\/wp\/v2\/users\/6"}],"replies":[{"embeddable":true,"href":"http:\/\/folhadosudeste.com\/site\/index.php?rest_route=%2Fwp%2Fv2%2Fcomments&post=70154"}],"version-history":[{"count":1,"href":"http:\/\/folhadosudeste.com\/site\/index.php?rest_route=\/wp\/v2\/posts\/70154\/revisions"}],"predecessor-version":[{"id":70156,"href":"http:\/\/folhadosudeste.com\/site\/index.php?rest_route=\/wp\/v2\/posts\/70154\/revisions\/70156"}],"wp:attachment":[{"href":"http:\/\/folhadosudeste.com\/site\/index.php?rest_route=%2Fwp%2Fv2%2Fmedia&parent=70154"}],"wp:term":[{"taxonomy":"category","embeddable":true,"href":"http:\/\/folhadosudeste.com\/site\/index.php?rest_route=%2Fwp%2Fv2%2Fcategories&post=70154"},{"taxonomy":"post_tag","embeddable":true,"href":"http:\/\/folhadosudeste.com\/site\/index.php?rest_route=%2Fwp%2Fv2%2Ftags&post=70154"}],"curies":[{"name":"wp","href":"https:\/\/api.w.org\/{rel}","templated":true}]}}