{"id":70175,"date":"2020-04-05T17:19:57","date_gmt":"2020-04-05T17:19:57","guid":{"rendered":"http:\/\/folhadosudeste.com\/site\/?p=70175"},"modified":"2020-04-05T17:19:57","modified_gmt":"2020-04-05T17:19:57","slug":"domingo-de-ramos-catolicos-recebem-a-bencao-dos-ramos-nos-portoes-de-suas-residencias","status":"publish","type":"post","link":"http:\/\/folhadosudeste.com\/site\/?p=70175","title":{"rendered":"DOMINGO DE RAMOS: CAT\u00d3LICOS RECEBEM A BEN\u00c7\u00c3O DOS RAMOS NOS PORT\u00d5ES DE SUAS RESID\u00caNCIAS"},"content":{"rendered":"<p style=\"text-align: justify;\"><a href=\"http:\/\/folhadosudeste.com\/site\/wp-content\/uploads\/2020\/04\/domingo-de-ramos-silvan-alves.jpg\"><img loading=\"lazy\" decoding=\"async\" class=\"alignnone size-full wp-image-70176\" src=\"http:\/\/folhadosudeste.com\/site\/wp-content\/uploads\/2020\/04\/domingo-de-ramos-silvan-alves.jpg\" alt=\"\" width=\"707\" height=\"471\" srcset=\"http:\/\/folhadosudeste.com\/site\/wp-content\/uploads\/2020\/04\/domingo-de-ramos-silvan-alves.jpg 707w, http:\/\/folhadosudeste.com\/site\/wp-content\/uploads\/2020\/04\/domingo-de-ramos-silvan-alves-300x200.jpg 300w, http:\/\/folhadosudeste.com\/site\/wp-content\/uploads\/2020\/04\/domingo-de-ramos-silvan-alves-120x80.jpg 120w, http:\/\/folhadosudeste.com\/site\/wp-content\/uploads\/2020\/04\/domingo-de-ramos-silvan-alves-345x230.jpg 345w\" sizes=\"auto, (max-width: 707px) 100vw, 707px\" \/><\/a><\/p>\n<p>As par\u00f3quias de Muria\u00e9 celebraram o Domingo de Ramos diferente , devido a pandemia do coronav\u00edrus que assola o nosso pa\u00eds e o mundo inteiro. Os cat\u00f3licos receberam a ben\u00e7\u00e3o dos ramos nos port\u00f5es e janelas de suas resid\u00eancias, que estavam enfeitados para receber o Cristo . As igrejas est\u00e3o vazias e as missas est\u00e3o sendo celebradas e transmitidas pelas redes sociais. A missa deste domingo ser\u00e1 transmitida pela Par\u00f3quia Santa Cruz direto da Capela do Col\u00e9gio Santa Marcelina.&nbsp; O p\u00e1roco da Par\u00f3quia Santa Cruz ,&nbsp; Padre Paulo Roberto passou nesta manh\u00e3&nbsp; pelas ruas dos bairros pertencentes a Matriz S\u00e3o Jos\u00e9 Oper\u00e1rio &#8211; Safira , aben\u00e7oando as pessoas que se encontram em quarentena , junto dele se fazia presente alguns colaboradores recolhendo alimentos que ser\u00e3o destinados aos projetos sociais da Par\u00f3quia.&nbsp;<\/p>\n<p><!--more--><\/p>\n<p style=\"text-align: justify;\"><a href=\"http:\/\/folhadosudeste.com\/site\/wp-content\/uploads\/2020\/04\/ramosss.jpg\"><img loading=\"lazy\" decoding=\"async\" class=\"alignnone size-full wp-image-70179\" src=\"http:\/\/folhadosudeste.com\/site\/wp-content\/uploads\/2020\/04\/ramosss.jpg\" alt=\"\" width=\"750\" height=\"563\" srcset=\"http:\/\/folhadosudeste.com\/site\/wp-content\/uploads\/2020\/04\/ramosss.jpg 750w, http:\/\/folhadosudeste.com\/site\/wp-content\/uploads\/2020\/04\/ramosss-300x225.jpg 300w\" sizes=\"auto, (max-width: 750px) 100vw, 750px\" \/><\/a><\/p>\n<p style=\"text-align: justify;\"><a href=\"http:\/\/folhadosudeste.com\/site\/wp-content\/uploads\/2020\/04\/domigo-de-ramoss.jpg\"><img loading=\"lazy\" decoding=\"async\" class=\"alignnone size-full wp-image-70180\" src=\"http:\/\/folhadosudeste.com\/site\/wp-content\/uploads\/2020\/04\/domigo-de-ramoss.jpg\" alt=\"\" width=\"750\" height=\"1000\" srcset=\"http:\/\/folhadosudeste.com\/site\/wp-content\/uploads\/2020\/04\/domigo-de-ramoss.jpg 750w, http:\/\/folhadosudeste.com\/site\/wp-content\/uploads\/2020\/04\/domigo-de-ramoss-225x300.jpg 225w\" sizes=\"auto, (max-width: 750px) 100vw, 750px\" \/><\/a><\/p>\n<p style=\"text-align: justify;\"><a href=\"http:\/\/folhadosudeste.com\/site\/wp-content\/uploads\/2020\/04\/domingo-de-ramos-22.jpg\"><img loading=\"lazy\" decoding=\"async\" class=\"alignnone size-full wp-image-70181\" src=\"http:\/\/folhadosudeste.com\/site\/wp-content\/uploads\/2020\/04\/domingo-de-ramos-22.jpg\" alt=\"\" width=\"750\" height=\"1000\" srcset=\"http:\/\/folhadosudeste.com\/site\/wp-content\/uploads\/2020\/04\/domingo-de-ramos-22.jpg 750w, http:\/\/folhadosudeste.com\/site\/wp-content\/uploads\/2020\/04\/domingo-de-ramos-22-225x300.jpg 225w\" sizes=\"auto, (max-width: 750px) 100vw, 750px\" \/><\/a><a href=\"http:\/\/folhadosudeste.com\/site\/wp-content\/uploads\/2020\/04\/domingo-de-ramos-silvan-alves-12.jpg\"><img loading=\"lazy\" decoding=\"async\" class=\"alignnone size-full wp-image-70182\" src=\"http:\/\/folhadosudeste.com\/site\/wp-content\/uploads\/2020\/04\/domingo-de-ramos-silvan-alves-12.jpg\" alt=\"\" width=\"707\" height=\"471\" srcset=\"http:\/\/folhadosudeste.com\/site\/wp-content\/uploads\/2020\/04\/domingo-de-ramos-silvan-alves-12.jpg 707w, http:\/\/folhadosudeste.com\/site\/wp-content\/uploads\/2020\/04\/domingo-de-ramos-silvan-alves-12-300x200.jpg 300w, http:\/\/folhadosudeste.com\/site\/wp-content\/uploads\/2020\/04\/domingo-de-ramos-silvan-alves-12-120x80.jpg 120w, http:\/\/folhadosudeste.com\/site\/wp-content\/uploads\/2020\/04\/domingo-de-ramos-silvan-alves-12-345x230.jpg 345w\" sizes=\"auto, (max-width: 707px) 100vw, 707px\" \/><\/a><\/p>\n<p style=\"text-align: justify;\"><a href=\"http:\/\/folhadosudeste.com\/site\/wp-content\/uploads\/2020\/04\/paeoquia-santa-cruz.jpg\"><img loading=\"lazy\" decoding=\"async\" class=\"alignnone size-full wp-image-70183\" src=\"http:\/\/folhadosudeste.com\/site\/wp-content\/uploads\/2020\/04\/paeoquia-santa-cruz.jpg\" alt=\"\" width=\"713\" height=\"960\" srcset=\"http:\/\/folhadosudeste.com\/site\/wp-content\/uploads\/2020\/04\/paeoquia-santa-cruz.jpg 713w, http:\/\/folhadosudeste.com\/site\/wp-content\/uploads\/2020\/04\/paeoquia-santa-cruz-223x300.jpg 223w\" sizes=\"auto, (max-width: 713px) 100vw, 713px\" \/><\/a><\/p>\n<p style=\"text-align: justify;\"><a href=\"http:\/\/folhadosudeste.com\/site\/wp-content\/uploads\/2020\/04\/ramos.jpg\"><img loading=\"lazy\" decoding=\"async\" class=\"alignnone size-full wp-image-70184\" src=\"http:\/\/folhadosudeste.com\/site\/wp-content\/uploads\/2020\/04\/ramos.jpg\" alt=\"\" width=\"750\" height=\"1000\" srcset=\"http:\/\/folhadosudeste.com\/site\/wp-content\/uploads\/2020\/04\/ramos.jpg 750w, http:\/\/folhadosudeste.com\/site\/wp-content\/uploads\/2020\/04\/ramos-225x300.jpg 225w\" sizes=\"auto, (max-width: 750px) 100vw, 750px\" \/><\/a><\/p>\n<p style=\"text-align: justify;\">&nbsp; &nbsp;&nbsp;<\/p>\n<div style=\"width: 640px;\" class=\"wp-video\"><!--[if lt IE 9]><script>document.createElement('video');<\/script><![endif]-->\n<video class=\"wp-video-shortcode\" id=\"video-70175-1\" width=\"640\" height=\"1138\" preload=\"metadata\" controls=\"controls\"><source type=\"video\/mp4\" src=\"http:\/\/folhadosudeste.com\/site\/wp-content\/uploads\/2020\/04\/video-domingo-de-ramos-hhh.mp4?_=1\" \/><a href=\"http:\/\/folhadosudeste.com\/site\/wp-content\/uploads\/2020\/04\/video-domingo-de-ramos-hhh.mp4\">http:\/\/folhadosudeste.com\/site\/wp-content\/uploads\/2020\/04\/video-domingo-de-ramos-hhh.mp4<\/a><\/video><\/div>\n<p style=\"text-align: justify;\">&nbsp;<\/p>\n<p style=\"text-align: justify;\">Foto: Silvan Alves e Folha do Sudeste&nbsp;&nbsp;<\/p>\n","protected":false},"excerpt":{"rendered":"<p>As par\u00f3quias de Muria\u00e9 celebraram o Domingo de Ramos diferente , devido a pandemia do coronav\u00edrus que assola o nosso pa\u00eds e o mundo inteiro. Os cat\u00f3licos receberam a ben\u00e7\u00e3o dos ramos nos port\u00f5es e janelas de suas resid\u00eancias, que estavam enfeitados para receber o Cristo . As igrejas est\u00e3o vazias e as missas est\u00e3o [&hellip;]<\/p>\n","protected":false},"author":6,"featured_media":0,"comment_status":"open","ping_status":"closed","sticky":false,"template":"","format":"standard","meta":{"_joinchat":[],"footnotes":""},"categories":[1],"tags":[],"class_list":["post-70175","post","type-post","status-publish","format-standard","hentry","category-sem-categoria"],"_links":{"self":[{"href":"http:\/\/folhadosudeste.com\/site\/index.php?rest_route=\/wp\/v2\/posts\/70175","targetHints":{"allow":["GET"]}}],"collection":[{"href":"http:\/\/folhadosudeste.com\/site\/index.php?rest_route=\/wp\/v2\/posts"}],"about":[{"href":"http:\/\/folhadosudeste.com\/site\/index.php?rest_route=\/wp\/v2\/types\/post"}],"author":[{"embeddable":true,"href":"http:\/\/folhadosudeste.com\/site\/index.php?rest_route=\/wp\/v2\/users\/6"}],"replies":[{"embeddable":true,"href":"http:\/\/folhadosudeste.com\/site\/index.php?rest_route=%2Fwp%2Fv2%2Fcomments&post=70175"}],"version-history":[{"count":1,"href":"http:\/\/folhadosudeste.com\/site\/index.php?rest_route=\/wp\/v2\/posts\/70175\/revisions"}],"predecessor-version":[{"id":70185,"href":"http:\/\/folhadosudeste.com\/site\/index.php?rest_route=\/wp\/v2\/posts\/70175\/revisions\/70185"}],"wp:attachment":[{"href":"http:\/\/folhadosudeste.com\/site\/index.php?rest_route=%2Fwp%2Fv2%2Fmedia&parent=70175"}],"wp:term":[{"taxonomy":"category","embeddable":true,"href":"http:\/\/folhadosudeste.com\/site\/index.php?rest_route=%2Fwp%2Fv2%2Fcategories&post=70175"},{"taxonomy":"post_tag","embeddable":true,"href":"http:\/\/folhadosudeste.com\/site\/index.php?rest_route=%2Fwp%2Fv2%2Ftags&post=70175"}],"curies":[{"name":"wp","href":"https:\/\/api.w.org\/{rel}","templated":true}]}}