{"id":70189,"date":"2020-04-06T13:40:45","date_gmt":"2020-04-06T13:40:45","guid":{"rendered":"http:\/\/folhadosudeste.com\/site\/?p=70189"},"modified":"2020-04-06T13:40:45","modified_gmt":"2020-04-06T13:40:45","slug":"auxilio-emergencial-60000-e-120000-%e2%80%8bum-suporte-financeiro-para-trabalhadores-informais","status":"publish","type":"post","link":"http:\/\/folhadosudeste.com\/site\/?p=70189","title":{"rendered":"AUX\u00cdLIO EMERGENCIAL-  600,00 E 1200,00!! \u200bUm suporte financeiro para trabalhadores informais."},"content":{"rendered":"<p><a href=\"http:\/\/folhadosudeste.com\/site\/wp-content\/uploads\/2020\/04\/600.jpg\"><img loading=\"lazy\" decoding=\"async\" class=\"alignnone size-full wp-image-70190\" src=\"http:\/\/folhadosudeste.com\/site\/wp-content\/uploads\/2020\/04\/600.jpg\" alt=\"\" width=\"719\" height=\"480\" srcset=\"http:\/\/folhadosudeste.com\/site\/wp-content\/uploads\/2020\/04\/600.jpg 719w, http:\/\/folhadosudeste.com\/site\/wp-content\/uploads\/2020\/04\/600-300x200.jpg 300w, http:\/\/folhadosudeste.com\/site\/wp-content\/uploads\/2020\/04\/600-120x80.jpg 120w, http:\/\/folhadosudeste.com\/site\/wp-content\/uploads\/2020\/04\/600-345x230.jpg 345w\" sizes=\"auto, (max-width: 719px) 100vw, 719px\" \/><\/a><\/p>\n<p style=\"text-align: justify;\">1 &#8211; O QUE \u00c9..<br \/>\nO Aux\u00edlio Emergencial \u00e9 um benef\u00edcio financeiro destinado aos trabalhadores informais, microempreendedores individuais (MEI), aut\u00f4nomos e desempregados, e tem por objetivo fornecer prote\u00e7\u00e3o emergencial no per\u00edodo de enfrentamento \u00e0 crise causada pela pandemia do Coronav\u00edrus &#8211; COVID 19.<\/p>\n<p style=\"text-align: justify;\">2 &#8211; QUEM TEM DIREITO AO AUXILIO..<br \/>\nPode solicitar o benef\u00edcio o cidad\u00e3o maior de 18 que atenda a todos os seguintes requisitos:<\/p>\n<p style=\"text-align: justify;\">Esteja desempregado ou exer\u00e7a atividade na condi\u00e7\u00e3o de:<br \/>\n&#8211; Microempreendedores individuais (MEI);<br \/>\n&#8211; Contribuinte individual da Previd\u00eancia Social;<br \/>\n&#8211; Trabalhador Informal.<\/p>\n<p style=\"text-align: justify;\">Perten\u00e7a \u00e0 fam\u00edlia cuja renda mensal por pessoa n\u00e3o ultrapasse meio sal\u00e1rio m\u00ednimo (R$ 522,50), ou cuja renda familiar total seja de at\u00e9 3 (tr\u00eas) sal\u00e1rios m\u00ednimos (R$ 3.135,00).<\/p>\n<p><!--more--><\/p>\n<p style=\"text-align: justify;\">3 &#8211; QUEM N\u00c3O TEM DIREITO AO AUXILIO&#8230;<br \/>\nTenha emprego formal ativo;<br \/>\nPertence \u00e0 fam\u00edlia com renda superior a tr\u00eas sal\u00e1rios m\u00ednimos (R$ 3.135,00) ou cuja renda mensal por pessoa maior que meio sal\u00e1rio m\u00ednimo (R$ 522,50);<br \/>\nEst\u00e1 recebendo Seguro Desemprego;<br \/>\nEst\u00e1 recebendo benef\u00edcios previdenci\u00e1rios, assistenciais ou benef\u00edcio de transfer\u00eancia de renda federal, com exce\u00e7\u00e3o do Bolsa Fam\u00edlia;<\/p>\n<p style=\"text-align: justify;\">4 &#8211; COMO RECEBER O AUXILIO EMERGENCIAL<br \/>\nDesde que atenda \u00e0s regras do Aux\u00edlio, quem j\u00e1 est\u00e1 cadastrado no Cadastro \u00danico (Cad\u00danico), ou recebe o benef\u00edcio Bolsa Fam\u00edlia, receber\u00e1 o benef\u00edcio automaticamente, sem precisar se cadastrar.<\/p>\n<p style=\"text-align: justify;\">As pessoas que n\u00e3o est\u00e3o cadastradas no Cadastro \u00danico, mas que t\u00eam direito ao Aux\u00edlio, poder\u00e3o se cadastrar no aplicativo e site que ser\u00e3o divulgados pela CAIXA.<\/p>\n<p style=\"text-align: justify;\">O ministro Onyx Lorenzoni revelou (03\/04 em entrevista) que a partir de ter\u00e7a-feira, dia 7 de Abril, o aplicativo para cadastro ser\u00e1 lan\u00e7ado para trabalhadores que precisarem do auxilio emergencial.<\/p>\n<p style=\"text-align: justify;\">FONTE: Caixa Econ\u00f4mica Federal<\/p>\n","protected":false},"excerpt":{"rendered":"<p>1 &#8211; O QUE \u00c9.. O Aux\u00edlio Emergencial \u00e9 um benef\u00edcio financeiro destinado aos trabalhadores informais, microempreendedores individuais (MEI), aut\u00f4nomos e desempregados, e tem por objetivo fornecer prote\u00e7\u00e3o emergencial no per\u00edodo de enfrentamento \u00e0 crise causada pela pandemia do Coronav\u00edrus &#8211; COVID 19. 2 &#8211; QUEM TEM DIREITO AO AUXILIO.. Pode solicitar o benef\u00edcio o [&hellip;]<\/p>\n","protected":false},"author":6,"featured_media":0,"comment_status":"open","ping_status":"closed","sticky":false,"template":"","format":"standard","meta":{"_joinchat":[],"footnotes":""},"categories":[1],"tags":[],"class_list":["post-70189","post","type-post","status-publish","format-standard","hentry","category-sem-categoria"],"_links":{"self":[{"href":"http:\/\/folhadosudeste.com\/site\/index.php?rest_route=\/wp\/v2\/posts\/70189","targetHints":{"allow":["GET"]}}],"collection":[{"href":"http:\/\/folhadosudeste.com\/site\/index.php?rest_route=\/wp\/v2\/posts"}],"about":[{"href":"http:\/\/folhadosudeste.com\/site\/index.php?rest_route=\/wp\/v2\/types\/post"}],"author":[{"embeddable":true,"href":"http:\/\/folhadosudeste.com\/site\/index.php?rest_route=\/wp\/v2\/users\/6"}],"replies":[{"embeddable":true,"href":"http:\/\/folhadosudeste.com\/site\/index.php?rest_route=%2Fwp%2Fv2%2Fcomments&post=70189"}],"version-history":[{"count":1,"href":"http:\/\/folhadosudeste.com\/site\/index.php?rest_route=\/wp\/v2\/posts\/70189\/revisions"}],"predecessor-version":[{"id":70191,"href":"http:\/\/folhadosudeste.com\/site\/index.php?rest_route=\/wp\/v2\/posts\/70189\/revisions\/70191"}],"wp:attachment":[{"href":"http:\/\/folhadosudeste.com\/site\/index.php?rest_route=%2Fwp%2Fv2%2Fmedia&parent=70189"}],"wp:term":[{"taxonomy":"category","embeddable":true,"href":"http:\/\/folhadosudeste.com\/site\/index.php?rest_route=%2Fwp%2Fv2%2Fcategories&post=70189"},{"taxonomy":"post_tag","embeddable":true,"href":"http:\/\/folhadosudeste.com\/site\/index.php?rest_route=%2Fwp%2Fv2%2Ftags&post=70189"}],"curies":[{"name":"wp","href":"https:\/\/api.w.org\/{rel}","templated":true}]}}