{"id":70197,"date":"2020-04-07T16:26:13","date_gmt":"2020-04-07T16:26:13","guid":{"rendered":"http:\/\/folhadosudeste.com\/site\/?p=70197"},"modified":"2020-04-07T16:26:13","modified_gmt":"2020-04-07T16:26:13","slug":"mesmo-durante-quarentena-criancas-de-creches-municipais-recebem-alimentos-e-fraldas","status":"publish","type":"post","link":"http:\/\/folhadosudeste.com\/site\/?p=70197","title":{"rendered":"Mesmo durante quarentena, crian\u00e7as de creches municipais recebem alimentos e fraldas"},"content":{"rendered":"<p><a href=\"http:\/\/folhadosudeste.com\/site\/wp-content\/uploads\/2020\/04\/baby-105063_1920.jpg\"><img loading=\"lazy\" decoding=\"async\" class=\"alignnone size-full wp-image-70198\" src=\"http:\/\/folhadosudeste.com\/site\/wp-content\/uploads\/2020\/04\/baby-105063_1920.jpg\" alt=\"\" width=\"1920\" height=\"1440\" srcset=\"http:\/\/folhadosudeste.com\/site\/wp-content\/uploads\/2020\/04\/baby-105063_1920.jpg 1920w, http:\/\/folhadosudeste.com\/site\/wp-content\/uploads\/2020\/04\/baby-105063_1920-300x225.jpg 300w, http:\/\/folhadosudeste.com\/site\/wp-content\/uploads\/2020\/04\/baby-105063_1920-768x576.jpg 768w, http:\/\/folhadosudeste.com\/site\/wp-content\/uploads\/2020\/04\/baby-105063_1920-1024x768.jpg 1024w\" sizes=\"auto, (max-width: 1920px) 100vw, 1920px\" \/><\/a><\/p>\n<p style=\"text-align: justify;\"><i>A\u00e7\u00e3o promovida pela Prefeitura tem objetivo de permitir que fam\u00edlias enfrentem o per\u00edodo de restri\u00e7\u00f5es com mais tranquilidade<\/i><\/p>\n<p style=\"text-align: justify;\">Uma iniciativa da Prefeitura de Muria\u00e9, desenvolvida atrav\u00e9s da Secretaria Municipal de Educa\u00e7\u00e3o, vem ajudando fam\u00edlias com crian\u00e7as em creches a enfrentarem a quarentena com mais tranquilidade.<\/p>\n<p style=\"text-align: justify;\">Desde o in\u00edcio do per\u00edodo de restri\u00e7\u00f5es de atividades, h\u00e1 cerca de duas semanas, crian\u00e7as de at\u00e9 tr\u00eas anos de idade que est\u00e3o matriculadas nas creches p\u00fablicas do munic\u00edpio continuam recebendo kits de aux\u00edlio.<\/p>\n<p style=\"text-align: justify;\">Semanalmente, s\u00e3o oferecidas cerca de 500 sacolas, cada uma contendo 15 fraldas, tr\u00eas litros de leite, al\u00e9m de frutas e fontes de carboidrato e prote\u00edna.<\/p>\n<p style=\"text-align: justify;\">A a\u00e7\u00e3o tem o objetivo de permitir que as crian\u00e7as continuem tendo direito \u00e0 alimenta\u00e7\u00e3o e aos insumos mesmo durante o momento de atividades paralisadas em raz\u00e3o do combate ao coronav\u00edrus.<\/p>\n<p style=\"text-align: justify;\">A distribui\u00e7\u00e3o dos kits acontece sempre \u00e0s ter\u00e7as-feiras. A retirada pode ser feita pelos pais ou respons\u00e1veis pelos alunos nos seguintes locais:<\/p>\n<p style=\"text-align: justify;\">&#8211; Escola Municipal Jos\u00e9 Miguel Muahad (Barra) \u2013 atende tamb\u00e9m as creches do Safira e Napole\u00e3o \/ Vila Cavalier;<\/p>\n<p style=\"text-align: justify;\">&#8211; Escola Municipal Ionyr Bastos Dias (Padre Tiago) \u2013 atende tamb\u00e9m as creches Porto, Santa Terezinha e S\u00e3o Pedro;<\/p>\n<p style=\"text-align: justify;\">&#8211; Escola Municipal Maria Quit\u00e9ria Perez Schelb (Primavera \/ S\u00e3o Francisco) \u2013 atende tamb\u00e9m as creches do S\u00e3o Crist\u00f3v\u00e3o e Santo Ant\u00f4nio;<\/p>\n<p style=\"text-align: justify;\">&#8211; Escola Municipal Stella Fid\u00e9lis (Aeroporto \/ S\u00e3o Jos\u00e9) \u2013 atende apenas a demanda pr\u00f3pria;<\/p>\n<p style=\"text-align: justify;\">&#8211; Escola Municipal Valdivino dos Santos Mendes (Gaspar) \u2013 atende apenas a demanda pr\u00f3pria;<\/p>\n<p style=\"text-align: justify;\">&#8211; Escola Municipal Maria do Carmo Cerqueira Castro (Joan\u00f3p\u00f3lis \/ S\u00e3o Joaquim) \u2013 atende apenas a demanda pr\u00f3pria;<\/p>\n<p style=\"text-align: justify;\">&#8211; Escola Municipal Ermyro Teixeira Siqueira (Vermelho) \u2013 atende apenas a demanda pr\u00f3pria;<\/p>\n<p style=\"text-align: justify;\">&#8211; Escola Municipal Sylla de Ururahy Mac\u00eado (Pirapanema) \u2013 atende apenas a demanda pr\u00f3pria.<\/p>\n","protected":false},"excerpt":{"rendered":"<p>A\u00e7\u00e3o promovida pela Prefeitura tem objetivo de permitir que fam\u00edlias enfrentem o per\u00edodo de restri\u00e7\u00f5es com mais tranquilidade Uma iniciativa da Prefeitura de Muria\u00e9, desenvolvida atrav\u00e9s da Secretaria Municipal de Educa\u00e7\u00e3o, vem ajudando fam\u00edlias com crian\u00e7as em creches a enfrentarem a quarentena com mais tranquilidade. Desde o in\u00edcio do per\u00edodo de restri\u00e7\u00f5es de atividades, h\u00e1 [&hellip;]<\/p>\n","protected":false},"author":6,"featured_media":0,"comment_status":"open","ping_status":"closed","sticky":false,"template":"","format":"standard","meta":{"_joinchat":[],"footnotes":""},"categories":[1],"tags":[],"class_list":["post-70197","post","type-post","status-publish","format-standard","hentry","category-sem-categoria"],"_links":{"self":[{"href":"http:\/\/folhadosudeste.com\/site\/index.php?rest_route=\/wp\/v2\/posts\/70197","targetHints":{"allow":["GET"]}}],"collection":[{"href":"http:\/\/folhadosudeste.com\/site\/index.php?rest_route=\/wp\/v2\/posts"}],"about":[{"href":"http:\/\/folhadosudeste.com\/site\/index.php?rest_route=\/wp\/v2\/types\/post"}],"author":[{"embeddable":true,"href":"http:\/\/folhadosudeste.com\/site\/index.php?rest_route=\/wp\/v2\/users\/6"}],"replies":[{"embeddable":true,"href":"http:\/\/folhadosudeste.com\/site\/index.php?rest_route=%2Fwp%2Fv2%2Fcomments&post=70197"}],"version-history":[{"count":1,"href":"http:\/\/folhadosudeste.com\/site\/index.php?rest_route=\/wp\/v2\/posts\/70197\/revisions"}],"predecessor-version":[{"id":70199,"href":"http:\/\/folhadosudeste.com\/site\/index.php?rest_route=\/wp\/v2\/posts\/70197\/revisions\/70199"}],"wp:attachment":[{"href":"http:\/\/folhadosudeste.com\/site\/index.php?rest_route=%2Fwp%2Fv2%2Fmedia&parent=70197"}],"wp:term":[{"taxonomy":"category","embeddable":true,"href":"http:\/\/folhadosudeste.com\/site\/index.php?rest_route=%2Fwp%2Fv2%2Fcategories&post=70197"},{"taxonomy":"post_tag","embeddable":true,"href":"http:\/\/folhadosudeste.com\/site\/index.php?rest_route=%2Fwp%2Fv2%2Ftags&post=70197"}],"curies":[{"name":"wp","href":"https:\/\/api.w.org\/{rel}","templated":true}]}}