{"id":70203,"date":"2020-04-08T17:02:57","date_gmt":"2020-04-08T17:02:57","guid":{"rendered":"http:\/\/folhadosudeste.com\/site\/?p=70203"},"modified":"2020-04-08T17:03:31","modified_gmt":"2020-04-08T17:03:31","slug":"muriae-tem-mais-um-caso-confirmado-de-coronavirus-e-mais-seis-descartados","status":"publish","type":"post","link":"http:\/\/folhadosudeste.com\/site\/?p=70203","title":{"rendered":"Muria\u00e9 tem mais um caso confirmado de coronav\u00edrus e mais seis descartados"},"content":{"rendered":"<p><img decoding=\"async\" src=\"https:\/\/s2.glbimg.com\/CJl3uMQW9I2kA5wcDHXeZZxkw58=\/0x0:900x600\/984x0\/smart\/filters:strip_icc()\/i.s3.glbimg.com\/v1\/AUTH_59edd422c0c84a879bd37670ae4f538a\/internal_photos\/bs\/2018\/U\/q\/AIePPJTbqefLBy98XTew\/prefeitura-inicia-operacao-cidade-limpa-para-melhorar-limpeza-e-conservacao-urbana-em-muriae.jpg\" alt=\"Prefeitura registra novos casos de coronav\u00c3\u00adrus em investiga\u00c3\u00a7\u00c3\u00a3o em ...\"><\/p>\n<p style=\"text-align: justify;\">Casos suspeitos sobem para 118; um \u00f3bito est\u00e1 em investiga\u00e7\u00e3o<br \/>\n&nbsp;<br \/>\nMais um caso foi classificado como positivo para coronav\u00edrus e outros seis foram descartados, de acordo com boletim divulgado pela Funed. Com estes, a cidade totaliza cinco casos confirmados e 25 com resultado negativo.<br \/>\n&nbsp;<br \/>\nO caso foi confirmado por crit\u00e9rio cl\u00ednico epidemiol\u00f3gico. Trata-se de uma mulher de 30 anos, que apresentou quadro de s\u00edndrome gripal e hist\u00f3rico de contato domiciliar com caso confirmado laboratorialmente. A mulher n\u00e3o possui comorbidades e n\u00e3o precisou ser internada.<br \/>\n&nbsp;<br \/>\nJ\u00e1 os casos descartados se referem a uma mulher de 43 anos, residente na cidade, e a cinco pessoas do sexo masculino, sendo um homem de 37 anos, um homem de 42 anos, um beb\u00ea de 1 m\u00eas de vida, moradores de Muria\u00e9, al\u00e9m de um homem de 50 anos e de uma crian\u00e7a de 7 anos que n\u00e3o residem no munic\u00edpio.<br \/>\n&nbsp;<br \/>\nAl\u00e9m disso, um \u00f3bito est\u00e1 em investiga\u00e7\u00e3o por suspeita de coronav\u00edrus. A Prefeitura, atrav\u00e9s da Secretaria Municipal de Sa\u00fade (SMS), est\u00e1 no aguardo do resultado do exame de um idoso de 65 anos. Ele era residente de uma cidade pr\u00f3xima e tinha diabetes, hipertens\u00e3o e sequelas de Acidente Vascular Cerebral (AVC).<\/p>\n<p style=\"text-align: justify;\"><!--more-->&nbsp;<br \/>\nJ\u00e1 o n\u00famero de n\u00famero de notifica\u00e7\u00f5es ativas de coronav\u00edrus subiram para 118 nesta ter\u00e7a-feira (7). Destes casos suspeitos, 13 compreendem casos em investiga\u00e7\u00e3o e 105 s\u00e3o de casos em observa\u00e7\u00e3o, ou seja, aqueles casos leves de s\u00edndrome gripal monitorados pela Secretaria Municipal de Sa\u00fade.<br \/>\n&nbsp;<br \/>\nO monitoramento de casos em observa\u00e7\u00e3o se d\u00e1 a cada 48 horas por telefone, conforme preconiza o protocolo do Minist\u00e9rio da Sa\u00fade.<br \/>\n&nbsp;<br \/>\nOs 13 casos em investiga\u00e7\u00e3o est\u00e3o com amostras sendo analisadas pela Funed, o \u00fanico laborat\u00f3rio do SUS em Minas Gerais que est\u00e1 realizando testes de Covid-19. Os resultados t\u00eam previs\u00e3o de serem divulgados entre oito e dez dias \u00fateis.<br \/>\n&nbsp;<br \/>\nVale lembrar que, de acordo com normas t\u00e9cnicas da Secretaria de Estado de Sa\u00fade (SES), apenas os casos graves e hospitalizados de s\u00edndrome respirat\u00f3ria aguda grave t\u00eam as amostras analisadas. Por\u00e9m, em todos os casos, com ou sem coleta de material, os cuidados est\u00e3o sendo tomados como se fossem um caso positivo.<\/p>\n<p style=\"text-align: justify;\">Funcionamento de UBS&#8217;s &#8211; Em fun\u00e7\u00e3o do coronav\u00edrus, as Unidades B\u00e1sicas de Sa\u00fade (UBS&#8217;s) funcionar\u00e3o normalmente nesta quinta-feira (9). O recesso alusivo ao feriado da Semana Santa acontecer\u00e1 apenas na sexta-feira (10). As unidades estar\u00e3o abertas das 7h30min \u00e0s 17h.<\/p>\n","protected":false},"excerpt":{"rendered":"<p>Casos suspeitos sobem para 118; um \u00f3bito est\u00e1 em investiga\u00e7\u00e3o &nbsp; Mais um caso foi classificado como positivo para coronav\u00edrus e outros seis foram descartados, de acordo com boletim divulgado pela Funed. Com estes, a cidade totaliza cinco casos confirmados e 25 com resultado negativo. &nbsp; O caso foi confirmado por crit\u00e9rio cl\u00ednico epidemiol\u00f3gico. Trata-se [&hellip;]<\/p>\n","protected":false},"author":6,"featured_media":0,"comment_status":"open","ping_status":"closed","sticky":false,"template":"","format":"standard","meta":{"_joinchat":[],"footnotes":""},"categories":[1],"tags":[],"class_list":["post-70203","post","type-post","status-publish","format-standard","hentry","category-sem-categoria"],"_links":{"self":[{"href":"http:\/\/folhadosudeste.com\/site\/index.php?rest_route=\/wp\/v2\/posts\/70203","targetHints":{"allow":["GET"]}}],"collection":[{"href":"http:\/\/folhadosudeste.com\/site\/index.php?rest_route=\/wp\/v2\/posts"}],"about":[{"href":"http:\/\/folhadosudeste.com\/site\/index.php?rest_route=\/wp\/v2\/types\/post"}],"author":[{"embeddable":true,"href":"http:\/\/folhadosudeste.com\/site\/index.php?rest_route=\/wp\/v2\/users\/6"}],"replies":[{"embeddable":true,"href":"http:\/\/folhadosudeste.com\/site\/index.php?rest_route=%2Fwp%2Fv2%2Fcomments&post=70203"}],"version-history":[{"count":2,"href":"http:\/\/folhadosudeste.com\/site\/index.php?rest_route=\/wp\/v2\/posts\/70203\/revisions"}],"predecessor-version":[{"id":70205,"href":"http:\/\/folhadosudeste.com\/site\/index.php?rest_route=\/wp\/v2\/posts\/70203\/revisions\/70205"}],"wp:attachment":[{"href":"http:\/\/folhadosudeste.com\/site\/index.php?rest_route=%2Fwp%2Fv2%2Fmedia&parent=70203"}],"wp:term":[{"taxonomy":"category","embeddable":true,"href":"http:\/\/folhadosudeste.com\/site\/index.php?rest_route=%2Fwp%2Fv2%2Fcategories&post=70203"},{"taxonomy":"post_tag","embeddable":true,"href":"http:\/\/folhadosudeste.com\/site\/index.php?rest_route=%2Fwp%2Fv2%2Ftags&post=70203"}],"curies":[{"name":"wp","href":"https:\/\/api.w.org\/{rel}","templated":true}]}}