{"id":70206,"date":"2020-04-08T17:09:17","date_gmt":"2020-04-08T17:09:17","guid":{"rendered":"http:\/\/folhadosudeste.com\/site\/?p=70206"},"modified":"2020-04-08T17:09:17","modified_gmt":"2020-04-08T17:09:17","slug":"prefeitura-recebe-nova-remessa-de-vacinas-e-retoma-imunizacao-contra-a-gripe","status":"publish","type":"post","link":"http:\/\/folhadosudeste.com\/site\/?p=70206","title":{"rendered":"Prefeitura recebe nova remessa de vacinas e retoma imuniza\u00e7\u00e3o contra a gripe"},"content":{"rendered":"<p><a href=\"http:\/\/folhadosudeste.com\/site\/wp-content\/uploads\/2020\/04\/DSC_0001.jpg\"><img loading=\"lazy\" decoding=\"async\" class=\"alignnone size-full wp-image-70207\" src=\"http:\/\/folhadosudeste.com\/site\/wp-content\/uploads\/2020\/04\/DSC_0001.jpg\" alt=\"\" width=\"2048\" height=\"1356\" srcset=\"http:\/\/folhadosudeste.com\/site\/wp-content\/uploads\/2020\/04\/DSC_0001.jpg 2048w, http:\/\/folhadosudeste.com\/site\/wp-content\/uploads\/2020\/04\/DSC_0001-300x199.jpg 300w, http:\/\/folhadosudeste.com\/site\/wp-content\/uploads\/2020\/04\/DSC_0001-768x509.jpg 768w, http:\/\/folhadosudeste.com\/site\/wp-content\/uploads\/2020\/04\/DSC_0001-1024x678.jpg 1024w, http:\/\/folhadosudeste.com\/site\/wp-content\/uploads\/2020\/04\/DSC_0001-120x80.jpg 120w, http:\/\/folhadosudeste.com\/site\/wp-content\/uploads\/2020\/04\/DSC_0001-590x390.jpg 590w\" sizes=\"auto, (max-width: 2048px) 100vw, 2048px\" \/><\/a><\/p>\n<p style=\"text-align: justify;\">Doses s\u00e3o aplicadas das 8h \u00e0s 16h30min em todas as unidades de sa\u00fade<br \/>\n&nbsp;<br \/>\nA Prefeitura de Muria\u00e9 recebeu por parte do Minist\u00e9rio da Sa\u00fade mais uma remessa de doses e retoma, nesta ter\u00e7a-feira (7), a Campanha Nacional de Vacina\u00e7\u00e3o contra a Gripe. As vacinas s\u00e3o aplicadas das 8h \u00e0s 16h30min, em todas as unidades de sa\u00fade da cidade e distritos.<br \/>\n&nbsp;<br \/>\nCom a chegada da nova remessa, Muria\u00e9 contabiliza, at\u00e9 o momento, aproximadamente 14.600 doses para a primeira fase da imuniza\u00e7\u00e3o &#8211; 5 mil na primeira remessa, 3 mil na segunda, mais 3 mil na terceira (destinada aos idosos acamados) e agora mais 3.600 doses.<br \/>\n&nbsp;<br \/>\nNa primeira etapa, t\u00eam prioridade de vacina\u00e7\u00e3o as pessoas acima de 60 anos e trabalhadores da sa\u00fade. A campanha est\u00e1 programada para acontecer at\u00e9 22 de maio.<\/p>\n<p style=\"text-align: justify;\">Vale frisar que todos os grupos t\u00eam que apresentar comprovante no ato da vacina\u00e7\u00e3o \u2013 como, por exemplo, carteira de identidade, no caso dos idosos.<br \/>\n&nbsp;<br \/>\nO Governo Federal antecipou a campanha deste ano e as doses est\u00e3o sendo entregues de forma escalonada. A vacina n\u00e3o tem efic\u00e1cia contra o coronav\u00edrus, mas protege contra tr\u00eas tipos de v\u00edrus da gripe.<\/p>\n<p><!--more--><\/p>\n<p><a href=\"http:\/\/folhadosudeste.com\/site\/wp-content\/uploads\/2020\/04\/DSC_0004.jpg\"><img loading=\"lazy\" decoding=\"async\" class=\"alignnone size-full wp-image-70208\" src=\"http:\/\/folhadosudeste.com\/site\/wp-content\/uploads\/2020\/04\/DSC_0004.jpg\" alt=\"\" width=\"2048\" height=\"1356\" srcset=\"http:\/\/folhadosudeste.com\/site\/wp-content\/uploads\/2020\/04\/DSC_0004.jpg 2048w, http:\/\/folhadosudeste.com\/site\/wp-content\/uploads\/2020\/04\/DSC_0004-300x199.jpg 300w, http:\/\/folhadosudeste.com\/site\/wp-content\/uploads\/2020\/04\/DSC_0004-768x509.jpg 768w, http:\/\/folhadosudeste.com\/site\/wp-content\/uploads\/2020\/04\/DSC_0004-1024x678.jpg 1024w, http:\/\/folhadosudeste.com\/site\/wp-content\/uploads\/2020\/04\/DSC_0004-120x80.jpg 120w, http:\/\/folhadosudeste.com\/site\/wp-content\/uploads\/2020\/04\/DSC_0004-590x390.jpg 590w\" sizes=\"auto, (max-width: 2048px) 100vw, 2048px\" \/><\/a> <a href=\"http:\/\/folhadosudeste.com\/site\/wp-content\/uploads\/2020\/04\/DSC_0003.jpg\"><img loading=\"lazy\" decoding=\"async\" class=\"alignnone size-full wp-image-70209\" src=\"http:\/\/folhadosudeste.com\/site\/wp-content\/uploads\/2020\/04\/DSC_0003.jpg\" alt=\"\" width=\"2048\" height=\"1356\" srcset=\"http:\/\/folhadosudeste.com\/site\/wp-content\/uploads\/2020\/04\/DSC_0003.jpg 2048w, http:\/\/folhadosudeste.com\/site\/wp-content\/uploads\/2020\/04\/DSC_0003-300x199.jpg 300w, http:\/\/folhadosudeste.com\/site\/wp-content\/uploads\/2020\/04\/DSC_0003-768x509.jpg 768w, http:\/\/folhadosudeste.com\/site\/wp-content\/uploads\/2020\/04\/DSC_0003-1024x678.jpg 1024w, http:\/\/folhadosudeste.com\/site\/wp-content\/uploads\/2020\/04\/DSC_0003-120x80.jpg 120w, http:\/\/folhadosudeste.com\/site\/wp-content\/uploads\/2020\/04\/DSC_0003-590x390.jpg 590w\" sizes=\"auto, (max-width: 2048px) 100vw, 2048px\" \/><\/a><\/p>\n","protected":false},"excerpt":{"rendered":"<p>Doses s\u00e3o aplicadas das 8h \u00e0s 16h30min em todas as unidades de sa\u00fade &nbsp; A Prefeitura de Muria\u00e9 recebeu por parte do Minist\u00e9rio da Sa\u00fade mais uma remessa de doses e retoma, nesta ter\u00e7a-feira (7), a Campanha Nacional de Vacina\u00e7\u00e3o contra a Gripe. As vacinas s\u00e3o aplicadas das 8h \u00e0s 16h30min, em todas as unidades [&hellip;]<\/p>\n","protected":false},"author":6,"featured_media":0,"comment_status":"open","ping_status":"closed","sticky":false,"template":"","format":"standard","meta":{"_joinchat":[],"footnotes":""},"categories":[1],"tags":[],"class_list":["post-70206","post","type-post","status-publish","format-standard","hentry","category-sem-categoria"],"_links":{"self":[{"href":"http:\/\/folhadosudeste.com\/site\/index.php?rest_route=\/wp\/v2\/posts\/70206","targetHints":{"allow":["GET"]}}],"collection":[{"href":"http:\/\/folhadosudeste.com\/site\/index.php?rest_route=\/wp\/v2\/posts"}],"about":[{"href":"http:\/\/folhadosudeste.com\/site\/index.php?rest_route=\/wp\/v2\/types\/post"}],"author":[{"embeddable":true,"href":"http:\/\/folhadosudeste.com\/site\/index.php?rest_route=\/wp\/v2\/users\/6"}],"replies":[{"embeddable":true,"href":"http:\/\/folhadosudeste.com\/site\/index.php?rest_route=%2Fwp%2Fv2%2Fcomments&post=70206"}],"version-history":[{"count":1,"href":"http:\/\/folhadosudeste.com\/site\/index.php?rest_route=\/wp\/v2\/posts\/70206\/revisions"}],"predecessor-version":[{"id":70210,"href":"http:\/\/folhadosudeste.com\/site\/index.php?rest_route=\/wp\/v2\/posts\/70206\/revisions\/70210"}],"wp:attachment":[{"href":"http:\/\/folhadosudeste.com\/site\/index.php?rest_route=%2Fwp%2Fv2%2Fmedia&parent=70206"}],"wp:term":[{"taxonomy":"category","embeddable":true,"href":"http:\/\/folhadosudeste.com\/site\/index.php?rest_route=%2Fwp%2Fv2%2Fcategories&post=70206"},{"taxonomy":"post_tag","embeddable":true,"href":"http:\/\/folhadosudeste.com\/site\/index.php?rest_route=%2Fwp%2Fv2%2Ftags&post=70206"}],"curies":[{"name":"wp","href":"https:\/\/api.w.org\/{rel}","templated":true}]}}