{"id":70216,"date":"2020-04-08T17:21:06","date_gmt":"2020-04-08T17:21:06","guid":{"rendered":"http:\/\/folhadosudeste.com\/site\/?p=70216"},"modified":"2020-04-08T17:21:33","modified_gmt":"2020-04-08T17:21:33","slug":"prefeitura-de-muriae-trabalha-na-orientacao-de-pessoas-sobre-cadastro-do-auxilio-emergencial","status":"publish","type":"post","link":"http:\/\/folhadosudeste.com\/site\/?p=70216","title":{"rendered":"Prefeitura de Muria\u00e9 trabalha na orienta\u00e7\u00e3o de pessoas sobre cadastro do Aux\u00edlio Emergencial"},"content":{"rendered":"<p><a href=\"http:\/\/folhadosudeste.com\/site\/wp-content\/uploads\/2020\/04\/DSC_0022.jpg\"><img loading=\"lazy\" decoding=\"async\" class=\"alignnone size-full wp-image-70217\" src=\"http:\/\/folhadosudeste.com\/site\/wp-content\/uploads\/2020\/04\/DSC_0022.jpg\" alt=\"\" width=\"2048\" height=\"1356\" srcset=\"http:\/\/folhadosudeste.com\/site\/wp-content\/uploads\/2020\/04\/DSC_0022.jpg 2048w, http:\/\/folhadosudeste.com\/site\/wp-content\/uploads\/2020\/04\/DSC_0022-300x199.jpg 300w, http:\/\/folhadosudeste.com\/site\/wp-content\/uploads\/2020\/04\/DSC_0022-768x509.jpg 768w, http:\/\/folhadosudeste.com\/site\/wp-content\/uploads\/2020\/04\/DSC_0022-1024x678.jpg 1024w, http:\/\/folhadosudeste.com\/site\/wp-content\/uploads\/2020\/04\/DSC_0022-120x80.jpg 120w, http:\/\/folhadosudeste.com\/site\/wp-content\/uploads\/2020\/04\/DSC_0022-590x390.jpg 590w\" sizes=\"auto, (max-width: 2048px) 100vw, 2048px\" \/><\/a><\/p>\n<p style=\"text-align: justify;\">Os muriaeenses que t\u00eam direito ao Aux\u00edlio Emergencial de 600 reais j\u00e1 podem se cadastrar. O benef\u00edcio ser\u00e1 pago por at\u00e9 tr\u00eas meses a trabalhadores informais, desempregados, MEIs e contribuintes individuais do INSS que cumpram requisito de renda m\u00e9dia.<\/p>\n<p style=\"text-align: justify;\">A reportagem do Jornal Folha do Sudeste foi at\u00e9 a \u00danica \u2013 Unidade Integrada de Cidadania e A\u00e7\u00e3o (antigo SESI) onde falou com Gisele Assessora T\u00e9cnica da Secretaria de Desenvolvimento Social, a qual tentou de uma forma simples explicar para os muriaeenses a maneira que ir\u00e1 funcionar o aux\u00edlio emergencial. \u201cEstamos tentando diminuir o alvoro\u00e7o que se formou desde o momento que saiu a publica\u00e7\u00e3o sobre o Aux\u00edlio Emergencial e para isso pedimos que s\u00f3 se dirigiam \u00e0 \u00danica, pessoas que se enquadram dentro deste esquema e precisam de informa\u00e7\u00f5es\u201d.<\/p>\n<p><!--more--><\/p>\n<p style=\"text-align: justify;\">Gisele tamb\u00e9m frisou que as pessoas ao preencherem o aplicativo e j\u00e1 possuem o Cadastro \u00danico ir\u00e3o receber a mensagem que j\u00e1 est\u00e3o inscritas e automaticamente j\u00e1 foram selecionadas e os que n\u00e3o possuem o CAD \u00danico precisam se inscrever no site da Caixa. O pr\u00f3prio programa em um prazo de cinco dias j\u00e1 faz o cruzamento das informa\u00e7\u00f5es e atrav\u00e9s de mensagens direciona os trabalhadores para o poss\u00edvel recebimento. Os benefici\u00e1rios do Bolsa Fam\u00edlia ir\u00e3o receber o complemento do pagamento at\u00e9 o teto m\u00e1ximo de 600 reais, sem precisar de fazer cadastro, uma vez que j\u00e1 s\u00e3o cadastrados nos programas governamentais.<\/p>\n<p style=\"text-align: justify;\">Na fila para ser atendido o Sr. Jo\u00e3o Batista Ramos da Silva de 63 anos, morador do bairro Santa Terezinha tamb\u00e9m buscava informa\u00e7\u00f5es sobre o aux\u00edlio. \u201cEstou buscando informa\u00e7\u00f5es sobre essa ajuda do governo que muito ir\u00e1 contribuir com a gente nesse tempo dif\u00edcil de pandemia\u201d. Sem aposentadoria Sr. Jo\u00e3o Batista disse que vem lutando para manter suas obriga\u00e7\u00f5es em dia e espera se enquadrar neste aux\u00edlio, finalizando enalteceu o trabalho da \u00danica e dos profissionais na orienta\u00e7\u00e3o ao p\u00fablico.<\/p>\n<p><a href=\"http:\/\/folhadosudeste.com\/site\/wp-content\/uploads\/2020\/04\/DSC_0010.jpg\"><img loading=\"lazy\" decoding=\"async\" class=\"alignnone size-full wp-image-70218\" src=\"http:\/\/folhadosudeste.com\/site\/wp-content\/uploads\/2020\/04\/DSC_0010.jpg\" alt=\"\" width=\"2048\" height=\"1356\" srcset=\"http:\/\/folhadosudeste.com\/site\/wp-content\/uploads\/2020\/04\/DSC_0010.jpg 2048w, http:\/\/folhadosudeste.com\/site\/wp-content\/uploads\/2020\/04\/DSC_0010-300x199.jpg 300w, http:\/\/folhadosudeste.com\/site\/wp-content\/uploads\/2020\/04\/DSC_0010-768x509.jpg 768w, http:\/\/folhadosudeste.com\/site\/wp-content\/uploads\/2020\/04\/DSC_0010-1024x678.jpg 1024w, http:\/\/folhadosudeste.com\/site\/wp-content\/uploads\/2020\/04\/DSC_0010-120x80.jpg 120w, http:\/\/folhadosudeste.com\/site\/wp-content\/uploads\/2020\/04\/DSC_0010-590x390.jpg 590w\" sizes=\"auto, (max-width: 2048px) 100vw, 2048px\" \/><\/a> <a href=\"http:\/\/folhadosudeste.com\/site\/wp-content\/uploads\/2020\/04\/DSC_0013.jpg\"><img loading=\"lazy\" decoding=\"async\" class=\"alignnone size-full wp-image-70219\" src=\"http:\/\/folhadosudeste.com\/site\/wp-content\/uploads\/2020\/04\/DSC_0013.jpg\" alt=\"\" width=\"2048\" height=\"1356\" srcset=\"http:\/\/folhadosudeste.com\/site\/wp-content\/uploads\/2020\/04\/DSC_0013.jpg 2048w, http:\/\/folhadosudeste.com\/site\/wp-content\/uploads\/2020\/04\/DSC_0013-300x199.jpg 300w, http:\/\/folhadosudeste.com\/site\/wp-content\/uploads\/2020\/04\/DSC_0013-768x509.jpg 768w, http:\/\/folhadosudeste.com\/site\/wp-content\/uploads\/2020\/04\/DSC_0013-1024x678.jpg 1024w, http:\/\/folhadosudeste.com\/site\/wp-content\/uploads\/2020\/04\/DSC_0013-120x80.jpg 120w, http:\/\/folhadosudeste.com\/site\/wp-content\/uploads\/2020\/04\/DSC_0013-590x390.jpg 590w\" sizes=\"auto, (max-width: 2048px) 100vw, 2048px\" \/><\/a> <a href=\"http:\/\/folhadosudeste.com\/site\/wp-content\/uploads\/2020\/04\/DSC_0014.jpg\"><img loading=\"lazy\" decoding=\"async\" class=\"alignnone size-full wp-image-70220\" src=\"http:\/\/folhadosudeste.com\/site\/wp-content\/uploads\/2020\/04\/DSC_0014.jpg\" alt=\"\" width=\"2048\" height=\"1356\" srcset=\"http:\/\/folhadosudeste.com\/site\/wp-content\/uploads\/2020\/04\/DSC_0014.jpg 2048w, http:\/\/folhadosudeste.com\/site\/wp-content\/uploads\/2020\/04\/DSC_0014-300x199.jpg 300w, http:\/\/folhadosudeste.com\/site\/wp-content\/uploads\/2020\/04\/DSC_0014-768x509.jpg 768w, http:\/\/folhadosudeste.com\/site\/wp-content\/uploads\/2020\/04\/DSC_0014-1024x678.jpg 1024w, http:\/\/folhadosudeste.com\/site\/wp-content\/uploads\/2020\/04\/DSC_0014-120x80.jpg 120w, http:\/\/folhadosudeste.com\/site\/wp-content\/uploads\/2020\/04\/DSC_0014-590x390.jpg 590w\" sizes=\"auto, (max-width: 2048px) 100vw, 2048px\" \/><\/a> <a href=\"http:\/\/folhadosudeste.com\/site\/wp-content\/uploads\/2020\/04\/DSC_0017.jpg\"><img loading=\"lazy\" decoding=\"async\" class=\"alignnone size-full wp-image-70221\" src=\"http:\/\/folhadosudeste.com\/site\/wp-content\/uploads\/2020\/04\/DSC_0017.jpg\" alt=\"\" width=\"2048\" height=\"1356\" srcset=\"http:\/\/folhadosudeste.com\/site\/wp-content\/uploads\/2020\/04\/DSC_0017.jpg 2048w, http:\/\/folhadosudeste.com\/site\/wp-content\/uploads\/2020\/04\/DSC_0017-300x199.jpg 300w, http:\/\/folhadosudeste.com\/site\/wp-content\/uploads\/2020\/04\/DSC_0017-768x509.jpg 768w, http:\/\/folhadosudeste.com\/site\/wp-content\/uploads\/2020\/04\/DSC_0017-1024x678.jpg 1024w, http:\/\/folhadosudeste.com\/site\/wp-content\/uploads\/2020\/04\/DSC_0017-120x80.jpg 120w, http:\/\/folhadosudeste.com\/site\/wp-content\/uploads\/2020\/04\/DSC_0017-590x390.jpg 590w\" sizes=\"auto, (max-width: 2048px) 100vw, 2048px\" \/><\/a><\/p>\n","protected":false},"excerpt":{"rendered":"<p>Os muriaeenses que t\u00eam direito ao Aux\u00edlio Emergencial de 600 reais j\u00e1 podem se cadastrar. O benef\u00edcio ser\u00e1 pago por at\u00e9 tr\u00eas meses a trabalhadores informais, desempregados, MEIs e contribuintes individuais do INSS que cumpram requisito de renda m\u00e9dia. A reportagem do Jornal Folha do Sudeste foi at\u00e9 a \u00danica \u2013 Unidade Integrada de Cidadania [&hellip;]<\/p>\n","protected":false},"author":6,"featured_media":0,"comment_status":"open","ping_status":"closed","sticky":false,"template":"","format":"standard","meta":{"_joinchat":[],"footnotes":""},"categories":[1],"tags":[],"class_list":["post-70216","post","type-post","status-publish","format-standard","hentry","category-sem-categoria"],"_links":{"self":[{"href":"http:\/\/folhadosudeste.com\/site\/index.php?rest_route=\/wp\/v2\/posts\/70216","targetHints":{"allow":["GET"]}}],"collection":[{"href":"http:\/\/folhadosudeste.com\/site\/index.php?rest_route=\/wp\/v2\/posts"}],"about":[{"href":"http:\/\/folhadosudeste.com\/site\/index.php?rest_route=\/wp\/v2\/types\/post"}],"author":[{"embeddable":true,"href":"http:\/\/folhadosudeste.com\/site\/index.php?rest_route=\/wp\/v2\/users\/6"}],"replies":[{"embeddable":true,"href":"http:\/\/folhadosudeste.com\/site\/index.php?rest_route=%2Fwp%2Fv2%2Fcomments&post=70216"}],"version-history":[{"count":2,"href":"http:\/\/folhadosudeste.com\/site\/index.php?rest_route=\/wp\/v2\/posts\/70216\/revisions"}],"predecessor-version":[{"id":70223,"href":"http:\/\/folhadosudeste.com\/site\/index.php?rest_route=\/wp\/v2\/posts\/70216\/revisions\/70223"}],"wp:attachment":[{"href":"http:\/\/folhadosudeste.com\/site\/index.php?rest_route=%2Fwp%2Fv2%2Fmedia&parent=70216"}],"wp:term":[{"taxonomy":"category","embeddable":true,"href":"http:\/\/folhadosudeste.com\/site\/index.php?rest_route=%2Fwp%2Fv2%2Fcategories&post=70216"},{"taxonomy":"post_tag","embeddable":true,"href":"http:\/\/folhadosudeste.com\/site\/index.php?rest_route=%2Fwp%2Fv2%2Ftags&post=70216"}],"curies":[{"name":"wp","href":"https:\/\/api.w.org\/{rel}","templated":true}]}}