{"id":70294,"date":"2020-04-12T18:10:21","date_gmt":"2020-04-12T18:10:21","guid":{"rendered":"http:\/\/folhadosudeste.com\/site\/?p=70294"},"modified":"2020-04-12T18:10:21","modified_gmt":"2020-04-12T18:10:21","slug":"homem-morre-apos-acidente-no-perimetro-urbano-de-rosario-da-limeira","status":"publish","type":"post","link":"http:\/\/folhadosudeste.com\/site\/?p=70294","title":{"rendered":"Homem morre ap\u00f3s acidente no Per\u00edmetro Urbano de Ros\u00e1rio da Limeira"},"content":{"rendered":"<p><a href=\"http:\/\/folhadosudeste.com\/site\/wp-content\/uploads\/2020\/04\/limeira-independente.jpeg\"><img loading=\"lazy\" decoding=\"async\" class=\"alignnone size-full wp-image-70295\" src=\"http:\/\/folhadosudeste.com\/site\/wp-content\/uploads\/2020\/04\/limeira-independente.jpeg\" alt=\"\" width=\"620\" height=\"465\" srcset=\"http:\/\/folhadosudeste.com\/site\/wp-content\/uploads\/2020\/04\/limeira-independente.jpeg 620w, http:\/\/folhadosudeste.com\/site\/wp-content\/uploads\/2020\/04\/limeira-independente-300x225.jpeg 300w\" sizes=\"auto, (max-width: 620px) 100vw, 620px\" \/><\/a><\/p>\n<p>Um limeirense de 40 anos veio \u00e0 \u00f3bito no final da tarde deste s\u00e1bado (11\/04), ap\u00f3s se envolver em um acidente de tr\u00e2nsito na Avenida Vice-Prefeito Ant\u00f4nio Otaviano de Souza em Ros\u00e1rio da Limeira.<\/p>\n<p>O fato foi comunicado as autoridades por volta das 16 h e 40 min, envolvendo um ve\u00edculo Fiat\/Uno Sporting de cor branca, emplacado em Muria\u00e9, que seguia sentido ao munic\u00edpio de Ros\u00e1rio da Limeira e uma motocicleta Honda\/CG 150cc Titan de cor cinza, emplacada em Ros\u00e1rio da Limeira, que seguia em sentido oposto.<!--more--><\/p>\n<p>Segundo informa\u00e7\u00f5es, o carro estaria ocupado apenas com o motorista de 25 anos, que foi socorrido pelos profissionais de sa\u00fade do munic\u00edpio de Ros\u00e1rio da Limeira para o Hospital S\u00e3o Paulo em Muria\u00e9. J\u00e1 o condutor da motocicleta, identificado como David dos Reis Silva de 40 anos, n\u00e3o resistiu aos ferimentos vindo a falecer.<\/p>\n<p>A Pol\u00edcia Militar de Ros\u00e1rio da Limeira compareceu no local, realizando o acionamento da Per\u00edcia T\u00e9cnica da Pol\u00edcia Civil, que ir\u00e1 apurar as circunstancias do acidente.<\/p>\n<p><a href=\"http:\/\/folhadosudeste.com\/site\/wp-content\/uploads\/2020\/04\/Homem-morre-ap\u00f3s-acidente-no-Per\u00edmetro-Urbano-de-Ros\u00e1rio-da-Limeira-5.jpeg\"><img loading=\"lazy\" decoding=\"async\" class=\"alignnone size-full wp-image-70296\" src=\"http:\/\/folhadosudeste.com\/site\/wp-content\/uploads\/2020\/04\/Homem-morre-ap\u00f3s-acidente-no-Per\u00edmetro-Urbano-de-Ros\u00e1rio-da-Limeira-5.jpeg\" alt=\"\" width=\"620\" height=\"465\" srcset=\"http:\/\/folhadosudeste.com\/site\/wp-content\/uploads\/2020\/04\/Homem-morre-ap\u00f3s-acidente-no-Per\u00edmetro-Urbano-de-Ros\u00e1rio-da-Limeira-5.jpeg 620w, http:\/\/folhadosudeste.com\/site\/wp-content\/uploads\/2020\/04\/Homem-morre-ap\u00f3s-acidente-no-Per\u00edmetro-Urbano-de-Ros\u00e1rio-da-Limeira-5-300x225.jpeg 300w\" sizes=\"auto, (max-width: 620px) 100vw, 620px\" \/><\/a> <a href=\"http:\/\/folhadosudeste.com\/site\/wp-content\/uploads\/2020\/04\/Homem-morre-ap\u00f3s-acidente-no-Per\u00edmetro-Urbano-de-Ros\u00e1rio-da-Limeira-6.jpeg\"><img loading=\"lazy\" decoding=\"async\" class=\"alignnone size-full wp-image-70297\" src=\"http:\/\/folhadosudeste.com\/site\/wp-content\/uploads\/2020\/04\/Homem-morre-ap\u00f3s-acidente-no-Per\u00edmetro-Urbano-de-Ros\u00e1rio-da-Limeira-6.jpeg\" alt=\"\" width=\"620\" height=\"465\" srcset=\"http:\/\/folhadosudeste.com\/site\/wp-content\/uploads\/2020\/04\/Homem-morre-ap\u00f3s-acidente-no-Per\u00edmetro-Urbano-de-Ros\u00e1rio-da-Limeira-6.jpeg 620w, http:\/\/folhadosudeste.com\/site\/wp-content\/uploads\/2020\/04\/Homem-morre-ap\u00f3s-acidente-no-Per\u00edmetro-Urbano-de-Ros\u00e1rio-da-Limeira-6-300x225.jpeg 300w\" sizes=\"auto, (max-width: 620px) 100vw, 620px\" \/><\/a> <a href=\"http:\/\/folhadosudeste.com\/site\/wp-content\/uploads\/2020\/04\/Homem-morre-ap\u00f3s-acidente-no-Per\u00edmetro-Urbano-de-Ros\u00e1rio-da-Limeira-7.jpeg\"><img loading=\"lazy\" decoding=\"async\" class=\"alignnone size-full wp-image-70298\" src=\"http:\/\/folhadosudeste.com\/site\/wp-content\/uploads\/2020\/04\/Homem-morre-ap\u00f3s-acidente-no-Per\u00edmetro-Urbano-de-Ros\u00e1rio-da-Limeira-7.jpeg\" alt=\"\" width=\"620\" height=\"465\" srcset=\"http:\/\/folhadosudeste.com\/site\/wp-content\/uploads\/2020\/04\/Homem-morre-ap\u00f3s-acidente-no-Per\u00edmetro-Urbano-de-Ros\u00e1rio-da-Limeira-7.jpeg 620w, http:\/\/folhadosudeste.com\/site\/wp-content\/uploads\/2020\/04\/Homem-morre-ap\u00f3s-acidente-no-Per\u00edmetro-Urbano-de-Ros\u00e1rio-da-Limeira-7-300x225.jpeg 300w\" sizes=\"auto, (max-width: 620px) 100vw, 620px\" \/><\/a> <a href=\"http:\/\/folhadosudeste.com\/site\/wp-content\/uploads\/2020\/04\/Homem-morre-ap\u00f3s-acidente-no-Per\u00edmetro-Urbano-de-Ros\u00e1rio-da-Limeira-8.jpeg\"><img loading=\"lazy\" decoding=\"async\" class=\"alignnone size-full wp-image-70299\" src=\"http:\/\/folhadosudeste.com\/site\/wp-content\/uploads\/2020\/04\/Homem-morre-ap\u00f3s-acidente-no-Per\u00edmetro-Urbano-de-Ros\u00e1rio-da-Limeira-8.jpeg\" alt=\"\" width=\"620\" height=\"465\" srcset=\"http:\/\/folhadosudeste.com\/site\/wp-content\/uploads\/2020\/04\/Homem-morre-ap\u00f3s-acidente-no-Per\u00edmetro-Urbano-de-Ros\u00e1rio-da-Limeira-8.jpeg 620w, http:\/\/folhadosudeste.com\/site\/wp-content\/uploads\/2020\/04\/Homem-morre-ap\u00f3s-acidente-no-Per\u00edmetro-Urbano-de-Ros\u00e1rio-da-Limeira-8-300x225.jpeg 300w\" sizes=\"auto, (max-width: 620px) 100vw, 620px\" \/><\/a> <a href=\"http:\/\/folhadosudeste.com\/site\/wp-content\/uploads\/2020\/04\/limeira-22.jpeg\"><img loading=\"lazy\" decoding=\"async\" class=\"alignnone size-full wp-image-70300\" src=\"http:\/\/folhadosudeste.com\/site\/wp-content\/uploads\/2020\/04\/limeira-22.jpeg\" alt=\"\" width=\"620\" height=\"465\" srcset=\"http:\/\/folhadosudeste.com\/site\/wp-content\/uploads\/2020\/04\/limeira-22.jpeg 620w, http:\/\/folhadosudeste.com\/site\/wp-content\/uploads\/2020\/04\/limeira-22-300x225.jpeg 300w\" sizes=\"auto, (max-width: 620px) 100vw, 620px\" \/><\/a> <a href=\"http:\/\/folhadosudeste.com\/site\/wp-content\/uploads\/2020\/04\/limeira-folha.jpeg\"><img loading=\"lazy\" decoding=\"async\" class=\"alignnone size-full wp-image-70301\" src=\"http:\/\/folhadosudeste.com\/site\/wp-content\/uploads\/2020\/04\/limeira-folha.jpeg\" alt=\"\" width=\"620\" height=\"465\" srcset=\"http:\/\/folhadosudeste.com\/site\/wp-content\/uploads\/2020\/04\/limeira-folha.jpeg 620w, http:\/\/folhadosudeste.com\/site\/wp-content\/uploads\/2020\/04\/limeira-folha-300x225.jpeg 300w\" sizes=\"auto, (max-width: 620px) 100vw, 620px\" \/><\/a> <a href=\"http:\/\/folhadosudeste.com\/site\/wp-content\/uploads\/2020\/04\/Homem-morre-ap\u00f3s-acidente-no-Per\u00edmetro-Urbano-de-Ros\u00e1rio-da-Limeira-4.jpeg\"><img loading=\"lazy\" decoding=\"async\" class=\"alignnone size-full wp-image-70302\" src=\"http:\/\/folhadosudeste.com\/site\/wp-content\/uploads\/2020\/04\/Homem-morre-ap\u00f3s-acidente-no-Per\u00edmetro-Urbano-de-Ros\u00e1rio-da-Limeira-4.jpeg\" alt=\"\" width=\"620\" height=\"465\" srcset=\"http:\/\/folhadosudeste.com\/site\/wp-content\/uploads\/2020\/04\/Homem-morre-ap\u00f3s-acidente-no-Per\u00edmetro-Urbano-de-Ros\u00e1rio-da-Limeira-4.jpeg 620w, http:\/\/folhadosudeste.com\/site\/wp-content\/uploads\/2020\/04\/Homem-morre-ap\u00f3s-acidente-no-Per\u00edmetro-Urbano-de-Ros\u00e1rio-da-Limeira-4-300x225.jpeg 300w\" sizes=\"auto, (max-width: 620px) 100vw, 620px\" \/><\/a><\/p>\n<p>Mat\u00e9ria e Foto: Jornal Folha Independente&nbsp;<\/p>\n","protected":false},"excerpt":{"rendered":"<p>Um limeirense de 40 anos veio \u00e0 \u00f3bito no final da tarde deste s\u00e1bado (11\/04), ap\u00f3s se envolver em um acidente de tr\u00e2nsito na Avenida Vice-Prefeito Ant\u00f4nio Otaviano de Souza em Ros\u00e1rio da Limeira. O fato foi comunicado as autoridades por volta das 16 h e 40 min, envolvendo um ve\u00edculo Fiat\/Uno Sporting de cor [&hellip;]<\/p>\n","protected":false},"author":6,"featured_media":0,"comment_status":"open","ping_status":"closed","sticky":false,"template":"","format":"standard","meta":{"_joinchat":[],"footnotes":""},"categories":[1],"tags":[],"class_list":["post-70294","post","type-post","status-publish","format-standard","hentry","category-sem-categoria"],"_links":{"self":[{"href":"http:\/\/folhadosudeste.com\/site\/index.php?rest_route=\/wp\/v2\/posts\/70294","targetHints":{"allow":["GET"]}}],"collection":[{"href":"http:\/\/folhadosudeste.com\/site\/index.php?rest_route=\/wp\/v2\/posts"}],"about":[{"href":"http:\/\/folhadosudeste.com\/site\/index.php?rest_route=\/wp\/v2\/types\/post"}],"author":[{"embeddable":true,"href":"http:\/\/folhadosudeste.com\/site\/index.php?rest_route=\/wp\/v2\/users\/6"}],"replies":[{"embeddable":true,"href":"http:\/\/folhadosudeste.com\/site\/index.php?rest_route=%2Fwp%2Fv2%2Fcomments&post=70294"}],"version-history":[{"count":1,"href":"http:\/\/folhadosudeste.com\/site\/index.php?rest_route=\/wp\/v2\/posts\/70294\/revisions"}],"predecessor-version":[{"id":70303,"href":"http:\/\/folhadosudeste.com\/site\/index.php?rest_route=\/wp\/v2\/posts\/70294\/revisions\/70303"}],"wp:attachment":[{"href":"http:\/\/folhadosudeste.com\/site\/index.php?rest_route=%2Fwp%2Fv2%2Fmedia&parent=70294"}],"wp:term":[{"taxonomy":"category","embeddable":true,"href":"http:\/\/folhadosudeste.com\/site\/index.php?rest_route=%2Fwp%2Fv2%2Fcategories&post=70294"},{"taxonomy":"post_tag","embeddable":true,"href":"http:\/\/folhadosudeste.com\/site\/index.php?rest_route=%2Fwp%2Fv2%2Ftags&post=70294"}],"curies":[{"name":"wp","href":"https:\/\/api.w.org\/{rel}","templated":true}]}}