{"id":70312,"date":"2020-04-14T02:48:36","date_gmt":"2020-04-14T02:48:36","guid":{"rendered":"http:\/\/folhadosudeste.com\/site\/?p=70312"},"modified":"2020-04-14T02:48:55","modified_gmt":"2020-04-14T02:48:55","slug":"isolamento-social-em-minas-deve-ser-mantido-ate-junho-diz-secretario-de-saude","status":"publish","type":"post","link":"http:\/\/folhadosudeste.com\/site\/?p=70312","title":{"rendered":"Isolamento social em Minas deve ser mantido at\u00e9 junho, diz secret\u00e1rio de Sa\u00fade"},"content":{"rendered":"<p><img decoding=\"async\" src=\"https:\/\/www.otempo.com.br\/image\/contentid\/policy:1.2273733:1576283381\/Capturar.JPG?f=3x2&amp;w=930&amp;$p$f$w=2db7dca\" alt=\"Capturar.JPG\"><\/p>\n<p style=\"text-align: justify;\"><em>&#8216;N\u00e3o d\u00e1 para pensarmos em voltar a uma vida normal antes de junho. Algum grau de isolamento ser\u00e1 mantido, vamos ajustando conforme a evolu\u00e7\u00e3o da epidemia&#8217;, declarou Carlos Eduardo Amaral<\/em><\/p>\n<p style=\"text-align: justify;\">Minas Gerais deve manter o isolamento social at\u00e9 junho por causa da pandemia pelo novo coronav\u00edrus (Covid-19). A informa\u00e7\u00e3o \u00e9 do secret\u00e1rio de Estado de Sa\u00fade de Minas, Carlos Eduardo Amaral, em entrevista \u00e0 r\u00e1dio Itatiaia.<\/p>\n<p style=\"text-align: justify;\">O secret\u00e1rio afirmou que nos meses de maio e junho haver\u00e1 os maiores picos de transmiss\u00e3o da doen\u00e7a e, por isso, o isolamento se faz necess\u00e1rio. &#8220;N\u00e3o d\u00e1 para pensarmos em voltar a uma vida normal antes de junho. Algum grau de isolamento ser\u00e1 mantido, vamos ajustando conforme a evolu\u00e7\u00e3o da epidemia&#8221;, explicou.Segundo Amaral, a ideia \u00e9 evitar que muitas pessoas se contaminem ao mesmo tempo e sobrecarreguem o sistema de sa\u00fade. A doen\u00e7a ainda pode ficar por um ano em Minas. &#8220;\u00c9 de se esperar que neste inverno e no pr\u00f3ximo tenhamos casos. Claro que neste mais que no pr\u00f3ximo&#8221;, ressaltou.<\/p>\n<p><!--more--><\/p>\n<p style=\"text-align: justify;\">O secret\u00e1rio enfatizou ainda que, com o isolamento, o pico da doen\u00e7a caiu. \u201cNo in\u00edcio do isolamento, por volta do dia 22, tivemos um pico de 75%. Atualmente, estamos mantendo essa faixa de 55%, algumas cidades mais, outras menos. O isolamento \u00e9 importante; quanto maior o isolamento, menor transmiss\u00e3o do v\u00edrus entre as pessoas. Mas a ideia nossa \u00e9 que acima de 50% seja mantido&#8221;.<\/p>\n<p style=\"text-align: justify;\"><strong>Leitos<\/strong><\/p>\n<p style=\"text-align: justify;\">Amaral disse que, antes da pandemia, Minas tinha 11.625 leitos cl\u00ednicos e que passou a ter 12.625. J\u00e1 de Unidade de Tratamento Intensivo (UTI), o Estado tinha 2.013 leitos e agora passou a contar com mais 78 do Sistema \u00danico de S\u00e1ude (SUS) e 50 em hospitais da Funda\u00e7\u00e3o Hospitalar de Minas Gerais (Fhemig). A ideia \u00e9 que Minas tenha 2.000 leitos de UTI a mais.<\/p>\n<p style=\"text-align: justify;\">&#8220;Quinhentos e quarenta s\u00e3o leitos praticamente prontos, s\u00f3 falta financiamento, os outros ainda precisam de ajustes&#8221;, disse o secret\u00e1rio. Segundo Amaral, atualmente h\u00e1 877 leitos vagos de UTI. Os maiores d\u00e9ficits desse tipo de atendimento no Estado s\u00e3o no Leste, Norte e Nordeste.<\/p>\n<p style=\"text-align: justify;\">Amaral tamb\u00e9m afirmou que o hospital de campanha em constru\u00e7\u00e3o no Expominas, em Belo Horizonte, deve ficar pronto entre a pr\u00f3xima semana e a semana seguinte. <strong>Fonte: O Tempo<\/strong><\/p>\n","protected":false},"excerpt":{"rendered":"<p>&#8216;N\u00e3o d\u00e1 para pensarmos em voltar a uma vida normal antes de junho. Algum grau de isolamento ser\u00e1 mantido, vamos ajustando conforme a evolu\u00e7\u00e3o da epidemia&#8217;, declarou Carlos Eduardo Amaral Minas Gerais deve manter o isolamento social at\u00e9 junho por causa da pandemia pelo novo coronav\u00edrus (Covid-19). A informa\u00e7\u00e3o \u00e9 do secret\u00e1rio de Estado de [&hellip;]<\/p>\n","protected":false},"author":6,"featured_media":0,"comment_status":"open","ping_status":"closed","sticky":false,"template":"","format":"standard","meta":{"_joinchat":[],"footnotes":""},"categories":[1],"tags":[],"class_list":["post-70312","post","type-post","status-publish","format-standard","hentry","category-sem-categoria"],"_links":{"self":[{"href":"http:\/\/folhadosudeste.com\/site\/index.php?rest_route=\/wp\/v2\/posts\/70312","targetHints":{"allow":["GET"]}}],"collection":[{"href":"http:\/\/folhadosudeste.com\/site\/index.php?rest_route=\/wp\/v2\/posts"}],"about":[{"href":"http:\/\/folhadosudeste.com\/site\/index.php?rest_route=\/wp\/v2\/types\/post"}],"author":[{"embeddable":true,"href":"http:\/\/folhadosudeste.com\/site\/index.php?rest_route=\/wp\/v2\/users\/6"}],"replies":[{"embeddable":true,"href":"http:\/\/folhadosudeste.com\/site\/index.php?rest_route=%2Fwp%2Fv2%2Fcomments&post=70312"}],"version-history":[{"count":2,"href":"http:\/\/folhadosudeste.com\/site\/index.php?rest_route=\/wp\/v2\/posts\/70312\/revisions"}],"predecessor-version":[{"id":70314,"href":"http:\/\/folhadosudeste.com\/site\/index.php?rest_route=\/wp\/v2\/posts\/70312\/revisions\/70314"}],"wp:attachment":[{"href":"http:\/\/folhadosudeste.com\/site\/index.php?rest_route=%2Fwp%2Fv2%2Fmedia&parent=70312"}],"wp:term":[{"taxonomy":"category","embeddable":true,"href":"http:\/\/folhadosudeste.com\/site\/index.php?rest_route=%2Fwp%2Fv2%2Fcategories&post=70312"},{"taxonomy":"post_tag","embeddable":true,"href":"http:\/\/folhadosudeste.com\/site\/index.php?rest_route=%2Fwp%2Fv2%2Ftags&post=70312"}],"curies":[{"name":"wp","href":"https:\/\/api.w.org\/{rel}","templated":true}]}}