{"id":70337,"date":"2020-04-15T17:05:12","date_gmt":"2020-04-15T17:05:12","guid":{"rendered":"http:\/\/folhadosudeste.com\/site\/?p=70337"},"modified":"2020-04-15T17:05:12","modified_gmt":"2020-04-15T17:05:12","slug":"video-idoso-de-99-anos-veterano-da-2a-guerra-mundial-e-mais-velho-a-se-recuperar-da-covid-19-no-brasil","status":"publish","type":"post","link":"http:\/\/folhadosudeste.com\/site\/?p=70337","title":{"rendered":"V\u00cdDEO: idoso de 99 anos, veterano da 2\u00aa Guerra Mundial, \u00e9 mais velho a se recuperar da Covid-19 no Brasil"},"content":{"rendered":"<p><a href=\"http:\/\/folhadosudeste.com\/site\/wp-content\/uploads\/2020\/04\/1e5449e2-d332-4ecd-8340-9dbad9235383.jpeg\"><img loading=\"lazy\" decoding=\"async\" class=\"alignnone size-full wp-image-70338\" src=\"http:\/\/folhadosudeste.com\/site\/wp-content\/uploads\/2020\/04\/1e5449e2-d332-4ecd-8340-9dbad9235383.jpeg\" alt=\"\" width=\"800\" height=\"800\" srcset=\"http:\/\/folhadosudeste.com\/site\/wp-content\/uploads\/2020\/04\/1e5449e2-d332-4ecd-8340-9dbad9235383.jpeg 800w, http:\/\/folhadosudeste.com\/site\/wp-content\/uploads\/2020\/04\/1e5449e2-d332-4ecd-8340-9dbad9235383-150x150.jpeg 150w, http:\/\/folhadosudeste.com\/site\/wp-content\/uploads\/2020\/04\/1e5449e2-d332-4ecd-8340-9dbad9235383-300x300.jpeg 300w, http:\/\/folhadosudeste.com\/site\/wp-content\/uploads\/2020\/04\/1e5449e2-d332-4ecd-8340-9dbad9235383-768x768.jpeg 768w\" sizes=\"auto, (max-width: 800px) 100vw, 800px\" \/><\/a><\/p>\n<p style=\"text-align: justify;\"><em>Ermando Armelindo Piveta estava internado no Hospital das For\u00e7as Armadas, em Bras\u00edlia, desde 6 de abril. Ele recebeu alta nesta ter\u00e7a (14).<\/em><\/p>\n<p style=\"text-align: justify;\">Ermando Armelindo Piveta, de 99 anos, se tornou nesta ter\u00e7a-feira (14) a pessoa mais velha a se recuperar da Covid-19 no Brasil, segundo o Minist\u00e9rio da Sa\u00fade. Morador do Distrito Federal, ele estava internado no Hospital das For\u00e7as Armadas (HFA) desde 6 de abril e recebeu alta nesta tarde (veja v\u00eddeo acima).<\/p>\n<p style=\"text-align: justify;\">O idoso foi segundo tenente da For\u00e7a Expedicion\u00e1ria Brasileira (FEB) e chegou a atuar na 2\u00aa Guerra Mundial. No ano passado, foi reconhecido com a Medalha da Vit\u00f3ria, concedida pelo Minist\u00e9rio da Defesa a combatentes que atuaram no conflito. Segundo familiares, ainda falta um \u00faltimo exame para confirmar que Ermando n\u00e3o est\u00e1 mais infectado com o novo coronav\u00edrus. Mas os m\u00e9dicos afirmam que ele j\u00e1 est\u00e1 recuperado.<\/p>\n<p><!--more--><\/p>\n<p style=\"text-align: justify;\">&#8220;Agora \u00e9 ele continuar se recuperando em casa. E a gente continuar vivendo com ele, que \u00e9 um camarada muito bacana, e continuar tocando a vida. Espero que esse coronav\u00edrus passe logo e a gente volte a ter paz no nosso pa\u00eds&#8221;, afirmou a filha do veterano, Vivian Piveta, ap\u00f3s a alta do pai.<\/p>\n<p style=\"text-align: justify;\">J\u00e1 o antigo tenente da FEB comparou a luta contra a Covid-19 \u00e0 guerra. Emocionado, ele falou que &#8220;vencer esta batalha foi maior do que vencer a guerra&#8221;. Veja na entrevista acima, feita pelo Ex\u00e9rcito Brasileiro.<\/p>\n<p style=\"text-align: justify;\">Segundo o diretor-t\u00e9cnico do HFA, almirante Nestor Francisco Miranda J\u00fanior, o quadro inicial do paciente deixou os m\u00e9dicos inquietos, principalmente por conta da idade. Ele estava sendo acompanhado \u00e0 dist\u00e2ncia, mas ap\u00f3s sentir cansa\u00e7o e tosse, precisou ficar internado no hospital.<\/p>\n<p style=\"text-align: justify;\">&#8220;Foi bastante preocupante. Uma pessoa de 99 anos, internada com uma doen\u00e7a que a gente olha nos notici\u00e1rios e a mortalidade aumenta cada dia, nos preocupou muito&#8221;, afirma.Segundo o m\u00e9dico, Ermando foi internado no Centro de Terapia Intensiva (CTI), mas n\u00e3o precisou da ajuda de aparelhos para respirar. O almirante afirma que o paciente tem um &#8220;organismo muito forte&#8221;, mas que v\u00e1rios fatores podem ter&nbsp; ajudado na recupera\u00e7\u00e3o.<\/p>\n<p style=\"text-align: justify;\"><strong>Atua\u00e7\u00e3o na 2\u00aa Guerra<\/strong><br \/>\nSegundo as For\u00e7as Armadas, durante a 2\u00aa Guerra Mundial, Ermando partiu de Itu, em S\u00e3o Paulo, e foi at\u00e9 Dakar, a bordo do navio Almirante Alexandrino. No retorno, atuou nas a\u00e7\u00f5es de guarda da costa brasileira em cidades como Fernando de Noronha, Natal e Recife.<strong> Fonte: g1.globo.com<\/strong><\/p>\n","protected":false},"excerpt":{"rendered":"<p>Ermando Armelindo Piveta estava internado no Hospital das For\u00e7as Armadas, em Bras\u00edlia, desde 6 de abril. Ele recebeu alta nesta ter\u00e7a (14). Ermando Armelindo Piveta, de 99 anos, se tornou nesta ter\u00e7a-feira (14) a pessoa mais velha a se recuperar da Covid-19 no Brasil, segundo o Minist\u00e9rio da Sa\u00fade. Morador do Distrito Federal, ele estava [&hellip;]<\/p>\n","protected":false},"author":6,"featured_media":0,"comment_status":"open","ping_status":"closed","sticky":false,"template":"","format":"standard","meta":{"_joinchat":[],"footnotes":""},"categories":[1],"tags":[],"class_list":["post-70337","post","type-post","status-publish","format-standard","hentry","category-sem-categoria"],"_links":{"self":[{"href":"http:\/\/folhadosudeste.com\/site\/index.php?rest_route=\/wp\/v2\/posts\/70337","targetHints":{"allow":["GET"]}}],"collection":[{"href":"http:\/\/folhadosudeste.com\/site\/index.php?rest_route=\/wp\/v2\/posts"}],"about":[{"href":"http:\/\/folhadosudeste.com\/site\/index.php?rest_route=\/wp\/v2\/types\/post"}],"author":[{"embeddable":true,"href":"http:\/\/folhadosudeste.com\/site\/index.php?rest_route=\/wp\/v2\/users\/6"}],"replies":[{"embeddable":true,"href":"http:\/\/folhadosudeste.com\/site\/index.php?rest_route=%2Fwp%2Fv2%2Fcomments&post=70337"}],"version-history":[{"count":1,"href":"http:\/\/folhadosudeste.com\/site\/index.php?rest_route=\/wp\/v2\/posts\/70337\/revisions"}],"predecessor-version":[{"id":70339,"href":"http:\/\/folhadosudeste.com\/site\/index.php?rest_route=\/wp\/v2\/posts\/70337\/revisions\/70339"}],"wp:attachment":[{"href":"http:\/\/folhadosudeste.com\/site\/index.php?rest_route=%2Fwp%2Fv2%2Fmedia&parent=70337"}],"wp:term":[{"taxonomy":"category","embeddable":true,"href":"http:\/\/folhadosudeste.com\/site\/index.php?rest_route=%2Fwp%2Fv2%2Fcategories&post=70337"},{"taxonomy":"post_tag","embeddable":true,"href":"http:\/\/folhadosudeste.com\/site\/index.php?rest_route=%2Fwp%2Fv2%2Ftags&post=70337"}],"curies":[{"name":"wp","href":"https:\/\/api.w.org\/{rel}","templated":true}]}}