{"id":70347,"date":"2020-04-16T02:37:24","date_gmt":"2020-04-16T02:37:24","guid":{"rendered":"http:\/\/folhadosudeste.com\/site\/?p=70347"},"modified":"2020-04-16T02:37:24","modified_gmt":"2020-04-16T02:37:24","slug":"apos-imunizar-idosos-e-trabalhadores-da-saude-segunda-etapa-de-vacinacao-contra-gripe-comeca-nesta-quinta-feira","status":"publish","type":"post","link":"http:\/\/folhadosudeste.com\/site\/?p=70347","title":{"rendered":"AP\u00d3S IMUNIZAR IDOSOS E TRABALHADORES DA SA\u00daDE, SEGUNDA ETAPA DE VACINA\u00c7\u00c3O CONTRA GRIPE COME\u00c7A NESTA QUINTA-FEIRA"},"content":{"rendered":"<p style=\"text-align: justify;\"><em><a href=\"http:\/\/folhadosudeste.com\/site\/wp-content\/uploads\/2020\/04\/8700A360-9DAE-44E7-8AF8-37DD1FFFFA49.jpeg\"><img loading=\"lazy\" decoding=\"async\" class=\"alignnone size-full wp-image-70348\" src=\"http:\/\/folhadosudeste.com\/site\/wp-content\/uploads\/2020\/04\/8700A360-9DAE-44E7-8AF8-37DD1FFFFA49.jpeg\" alt=\"\" width=\"1280\" height=\"880\" srcset=\"http:\/\/folhadosudeste.com\/site\/wp-content\/uploads\/2020\/04\/8700A360-9DAE-44E7-8AF8-37DD1FFFFA49.jpeg 1280w, http:\/\/folhadosudeste.com\/site\/wp-content\/uploads\/2020\/04\/8700A360-9DAE-44E7-8AF8-37DD1FFFFA49-300x206.jpeg 300w, http:\/\/folhadosudeste.com\/site\/wp-content\/uploads\/2020\/04\/8700A360-9DAE-44E7-8AF8-37DD1FFFFA49-768x528.jpeg 768w, http:\/\/folhadosudeste.com\/site\/wp-content\/uploads\/2020\/04\/8700A360-9DAE-44E7-8AF8-37DD1FFFFA49-1024x704.jpeg 1024w, http:\/\/folhadosudeste.com\/site\/wp-content\/uploads\/2020\/04\/8700A360-9DAE-44E7-8AF8-37DD1FFFFA49-220x150.jpeg 220w\" sizes=\"auto, (max-width: 1280px) 100vw, 1280px\" \/><\/a><br \/>\nSegunda fase da campanha tem novo grupo priorit\u00e1rio, que inclui motoristas de coletivos e portu\u00e1rios; professores vir\u00e3o na terceira etapa<\/em><\/p>\n<p style=\"text-align: justify;\">Ap\u00f3s imunizar mais de 13 mil pessoas, entre idosos e trabalhadores da sa\u00fade em Muria\u00e9, a segunda fase da Campanha Nacional de Vacina\u00e7\u00e3o contra a Gripe come\u00e7a nesta quinta-feira (16).<\/p>\n<p style=\"text-align: justify;\">A principal novidade \u00e9 a inclus\u00e3o de caminhoneiros, motoristas de transportes coletivo e trabalhadores portu\u00e1rios ao grupo priorit\u00e1rio nesta fase, que ainda integra pacientes com doen\u00e7as cr\u00f4nicos, profissionais das for\u00e7as de seguran\u00e7a e salvamento, adolescentes e jovens de 12 a 21 anos sob medidas socioeducativas, popula\u00e7\u00e3o privada de liberdade, funcion\u00e1rios do sistema prisional, caminhoneiros, motoristas de transportes coletivo e trabalhadores portu\u00e1rios.<\/p>\n<p><!--more--><\/p>\n<p style=\"text-align: justify;\">Estas tr\u00eas categorias foram inclu\u00eddas por prestarem servi\u00e7os essenciais e, com isso, estarem mais expostas ao coronav\u00edrus. Os professores, que estavam inclu\u00eddos nesta segunda fase, ser\u00e3o vacinados somente a partir de 9 de maio, ou seja, na terceira etapa.<\/p>\n<p style=\"text-align: justify;\">As doses est\u00e3o aplicadas em todas as Unidades B\u00e1sicas de Sa\u00fade da cidade e distritos, de segunda a sexta-feira, das 8h \u00e0s 16h30min (exceto feriados). A meta \u00e9 imunizar 90% de todos os p\u00fablicos eleg\u00edveis.<\/p>\n<p style=\"text-align: justify;\">As vacinas chegam semanalmente a Muria\u00e9 e s\u00e3o distribu\u00eddas exclusivamente pelo Minist\u00e9rio da Sa\u00fade.<\/p>\n<p style=\"text-align: justify;\">Vale lembrar que todos os grupos t\u00eam que apresentar comprovante no ato da vacina\u00e7\u00e3o. A exce\u00e7\u00e3o se d\u00e1 para as gestantes. Al\u00e9m disso, mant\u00e9m-se a necessidade da prescri\u00e7\u00e3o m\u00e9dica para pessoas com doen\u00e7as cr\u00f4nicas, especificando o motivo da indica\u00e7\u00e3o da vacina.<\/p>\n<p style=\"text-align: justify;\">O Dia D, que seria realizado em 9 de maio, foi cancelado pela Secretaria de Estado de Sa\u00fade, a fim de se evitar aglomera\u00e7\u00f5es.<\/p>\n<p style=\"text-align: justify;\"><strong>Balan\u00e7o da primeira fase \u2013<\/strong>&nbsp;Na primeira etapa da campanha, foram vacinados 10.687 (81,04%) idosos e 2.535 (101,08%) de profissionais da \u00e1rea da sa\u00fade, totalizando 13.222 doses aplicadas. Idosos e trabalhadores da sa\u00fade que ainda n\u00e3o receberam o imunizante podem procurar uma UBS mais pr\u00f3xima, visto que as fases s\u00e3o cumulativas.<\/p>\n<p style=\"text-align: justify;\"><strong>P\u00fablico-alvo e fases da campanha \u2013<\/strong> Com a pandemia do Covid-19, o Minist\u00e9rio da Sa\u00fade criou estrat\u00e9gias e dividiu a vacina\u00e7\u00e3o da Influenza em tr\u00eas fases. O objetivo em n\u00e3o oferecer o imunizante para todos os grupos priorit\u00e1rios de uma \u00fanica vez \u00e9 evitar grandes aglomera\u00e7\u00f5es.<\/p>\n<blockquote>\n<p style=\"text-align: justify;\"><strong>Confira o quadro resumido:<\/strong><br \/>\n\u2013 <strong>1\u00aa fase<\/strong>: foram vacinados idosos e trabalhadores da \u00e1rea de sa\u00fade;<br \/>\n\u2013<strong> 2\u00aa fase (a partir de 16 de abril)<\/strong>: profissionais das for\u00e7as de seguran\u00e7a e salvamento, pacientes com doen\u00e7as cr\u00f4nicas, adolescentes e jovens de 12 a 21 anos sob medidas socioeducativas, popula\u00e7\u00e3o privada de liberdade, funcion\u00e1rios do sistema prisional, caminhoneiros, motoristas de transportes coletivo e trabalhadores portu\u00e1rios;<br \/>\n\u2013<strong> 3\u00aa fase (a partir de 9 de maio):<\/strong>professores de escolas p\u00fablicas e privadas, crian\u00e7as de 6 meses a menores de 6 anos, gestantes, pu\u00e9rperas (mulheres com 45 dias ap\u00f3s o parto), ind\u00edgenas, pessoas com defici\u00eancia (f\u00edsica, auditiva, visual, intelectual, mental e m\u00faltipla) e pessoas entre 55 e 59 anos.<\/p>\n<\/blockquote>\n","protected":false},"excerpt":{"rendered":"<p>Segunda fase da campanha tem novo grupo priorit\u00e1rio, que inclui motoristas de coletivos e portu\u00e1rios; professores vir\u00e3o na terceira etapa Ap\u00f3s imunizar mais de 13 mil pessoas, entre idosos e trabalhadores da sa\u00fade em Muria\u00e9, a segunda fase da Campanha Nacional de Vacina\u00e7\u00e3o contra a Gripe come\u00e7a nesta quinta-feira (16). A principal novidade \u00e9 a [&hellip;]<\/p>\n","protected":false},"author":6,"featured_media":0,"comment_status":"open","ping_status":"closed","sticky":false,"template":"","format":"standard","meta":{"_joinchat":[],"footnotes":""},"categories":[1],"tags":[],"class_list":["post-70347","post","type-post","status-publish","format-standard","hentry","category-sem-categoria"],"_links":{"self":[{"href":"http:\/\/folhadosudeste.com\/site\/index.php?rest_route=\/wp\/v2\/posts\/70347","targetHints":{"allow":["GET"]}}],"collection":[{"href":"http:\/\/folhadosudeste.com\/site\/index.php?rest_route=\/wp\/v2\/posts"}],"about":[{"href":"http:\/\/folhadosudeste.com\/site\/index.php?rest_route=\/wp\/v2\/types\/post"}],"author":[{"embeddable":true,"href":"http:\/\/folhadosudeste.com\/site\/index.php?rest_route=\/wp\/v2\/users\/6"}],"replies":[{"embeddable":true,"href":"http:\/\/folhadosudeste.com\/site\/index.php?rest_route=%2Fwp%2Fv2%2Fcomments&post=70347"}],"version-history":[{"count":1,"href":"http:\/\/folhadosudeste.com\/site\/index.php?rest_route=\/wp\/v2\/posts\/70347\/revisions"}],"predecessor-version":[{"id":70349,"href":"http:\/\/folhadosudeste.com\/site\/index.php?rest_route=\/wp\/v2\/posts\/70347\/revisions\/70349"}],"wp:attachment":[{"href":"http:\/\/folhadosudeste.com\/site\/index.php?rest_route=%2Fwp%2Fv2%2Fmedia&parent=70347"}],"wp:term":[{"taxonomy":"category","embeddable":true,"href":"http:\/\/folhadosudeste.com\/site\/index.php?rest_route=%2Fwp%2Fv2%2Fcategories&post=70347"},{"taxonomy":"post_tag","embeddable":true,"href":"http:\/\/folhadosudeste.com\/site\/index.php?rest_route=%2Fwp%2Fv2%2Ftags&post=70347"}],"curies":[{"name":"wp","href":"https:\/\/api.w.org\/{rel}","templated":true}]}}