{"id":70357,"date":"2020-04-16T19:38:49","date_gmt":"2020-04-16T19:38:49","guid":{"rendered":"http:\/\/folhadosudeste.com\/site\/?p=70357"},"modified":"2020-04-16T19:38:49","modified_gmt":"2020-04-16T19:38:49","slug":"muriaeenses-inscritos-no-cadunico-e-beneficiarios-do-bpc-terao-isencao-na-conta-de-luz","status":"publish","type":"post","link":"http:\/\/folhadosudeste.com\/site\/?p=70357","title":{"rendered":"Muriaeenses inscritos no Cad\u00danico e benefici\u00e1rios do BPC ter\u00e3o isen\u00e7\u00e3o na conta de luz"},"content":{"rendered":"<p><a href=\"http:\/\/folhadosudeste.com\/site\/wp-content\/uploads\/2020\/04\/Desconto-na-tarifa-de-energia-el\u00e9trica.jpg\"><img loading=\"lazy\" decoding=\"async\" class=\"alignnone size-full wp-image-70358\" src=\"http:\/\/folhadosudeste.com\/site\/wp-content\/uploads\/2020\/04\/Desconto-na-tarifa-de-energia-el\u00e9trica.jpg\" alt=\"\" width=\"800\" height=\"600\" srcset=\"http:\/\/folhadosudeste.com\/site\/wp-content\/uploads\/2020\/04\/Desconto-na-tarifa-de-energia-el\u00e9trica.jpg 800w, http:\/\/folhadosudeste.com\/site\/wp-content\/uploads\/2020\/04\/Desconto-na-tarifa-de-energia-el\u00e9trica-300x225.jpg 300w, http:\/\/folhadosudeste.com\/site\/wp-content\/uploads\/2020\/04\/Desconto-na-tarifa-de-energia-el\u00e9trica-768x576.jpg 768w\" sizes=\"auto, (max-width: 800px) 100vw, 800px\" \/><\/a><\/p>\n<p style=\"text-align: justify;\"><i>Medida vale por tr\u00eas meses e contempla inscritos na Tarifa Social de Energia El\u00e9trica; consumo mensal deve ser at\u00e9 220 kWh<\/i><\/p>\n<p style=\"text-align: justify;\">Os muriaeenses inscritos no Cadastro \u00danico para programas sociais do Governo Federal e contemplados pelo Benef\u00edcio de Presta\u00e7\u00e3o Continuada (BPC) ter\u00e3o isen\u00e7\u00e3o nas contas de luz por tr\u00eas meses \u2013 para tarifas que vencem entre 1\u00ba de abril a 30 de junho. Somente ter\u00e3o direito ao benef\u00edcio as fam\u00edlias j\u00e1 inscritas na Tarifa Social de Energia El\u00e9trica (TSEE).&nbsp;&nbsp;Al\u00e9m disso, \u00e9 necess\u00e1rio que o consumo de energia el\u00e9trica seja igual ou inferior a 220 kWh por m\u00eas.<\/p>\n<p style=\"text-align: justify;\">O desconto de 100% na tarifa de energia el\u00e9trica foi determinado pela Medida Provis\u00f3ria n\u00ba 950, de 8 de abril, que disp\u00f5e sobre medidas tempor\u00e1rias emergenciais para o setor el\u00e9trico durante o enfrentamento da pandemia de coronav\u00edrus. A iniciativa visa proteger esse p\u00fablico de mais baixa renda, que \u00e9 afetado pela crise econ\u00f4mica decorrente da Covid-19.<\/p>\n<p><!--more--><\/p>\n<p style=\"text-align: justify;\">O BPC garante a transfer\u00eancia mensal de um sal\u00e1rio m\u00ednimo \u00e0 pessoa idosa (65 anos ou mais) e \u00e0 pessoa com defici\u00eancia de qualquer idade. Esses benefici\u00e1rios tamb\u00e9m t\u00eam direito \u00e0 TSEE, na forma de um desconto na conta de luz que, em geral, varia de 10% a 65%, de acordo com o consumo mensal de cada fam\u00edlia, at\u00e9 o limite de 220 kWh. A Medida Provis\u00f3ria 950, contudo, garante a isen\u00e7\u00e3o total da tarifa por tr\u00eas meses para esse grupo.<\/p>\n<p style=\"text-align: justify;\">Para os inscritos no Cadastro \u00danico e benefici\u00e1rios do BPC que possuam a Tarifa Social de Energia El\u00e9trica, a medida ser\u00e1 realizada de forma autom\u00e1tica.<\/p>\n<p style=\"text-align: justify;\">Para o domic\u00edlio que ainda n\u00e3o esteja na Tarifa Social, a orienta\u00e7\u00e3o \u00e9 que um dos integrantes da fam\u00edlia entre em contato por telefone com a companhia de energia el\u00e9trica local que atenda a resid\u00eancia, evitando, assim, o deslocamento at\u00e9 os pontos de atendimento presencial.<\/p>\n<p style=\"text-align: justify;\">Ser\u00e1 necess\u00e1rio fornecer as seguintes informa\u00e7\u00f5es: nome do benefici\u00e1rio; n\u00famero do benef\u00edcio (NB); CPF e carteira de identidade, ou outro documento de identifica\u00e7\u00e3o oficial com foto; e c\u00f3digo da unidade consumidora a ser beneficiada, que consta na conta de luz. Na an\u00e1lise do requerimento da TSEE, a companhia el\u00e9trica verificar\u00e1 se o BPC est\u00e1 ativo e se o benefici\u00e1rio \u00e9 cliente residencial. A Tarifa Social ser\u00e1 aplicada para apenas uma resid\u00eancia, seja ela pr\u00f3pria ou alugada.<\/p>\n","protected":false},"excerpt":{"rendered":"<p>Medida vale por tr\u00eas meses e contempla inscritos na Tarifa Social de Energia El\u00e9trica; consumo mensal deve ser at\u00e9 220 kWh Os muriaeenses inscritos no Cadastro \u00danico para programas sociais do Governo Federal e contemplados pelo Benef\u00edcio de Presta\u00e7\u00e3o Continuada (BPC) ter\u00e3o isen\u00e7\u00e3o nas contas de luz por tr\u00eas meses \u2013 para tarifas que vencem [&hellip;]<\/p>\n","protected":false},"author":6,"featured_media":0,"comment_status":"open","ping_status":"closed","sticky":false,"template":"","format":"standard","meta":{"_joinchat":[],"footnotes":""},"categories":[1],"tags":[],"class_list":["post-70357","post","type-post","status-publish","format-standard","hentry","category-sem-categoria"],"_links":{"self":[{"href":"http:\/\/folhadosudeste.com\/site\/index.php?rest_route=\/wp\/v2\/posts\/70357","targetHints":{"allow":["GET"]}}],"collection":[{"href":"http:\/\/folhadosudeste.com\/site\/index.php?rest_route=\/wp\/v2\/posts"}],"about":[{"href":"http:\/\/folhadosudeste.com\/site\/index.php?rest_route=\/wp\/v2\/types\/post"}],"author":[{"embeddable":true,"href":"http:\/\/folhadosudeste.com\/site\/index.php?rest_route=\/wp\/v2\/users\/6"}],"replies":[{"embeddable":true,"href":"http:\/\/folhadosudeste.com\/site\/index.php?rest_route=%2Fwp%2Fv2%2Fcomments&post=70357"}],"version-history":[{"count":1,"href":"http:\/\/folhadosudeste.com\/site\/index.php?rest_route=\/wp\/v2\/posts\/70357\/revisions"}],"predecessor-version":[{"id":70359,"href":"http:\/\/folhadosudeste.com\/site\/index.php?rest_route=\/wp\/v2\/posts\/70357\/revisions\/70359"}],"wp:attachment":[{"href":"http:\/\/folhadosudeste.com\/site\/index.php?rest_route=%2Fwp%2Fv2%2Fmedia&parent=70357"}],"wp:term":[{"taxonomy":"category","embeddable":true,"href":"http:\/\/folhadosudeste.com\/site\/index.php?rest_route=%2Fwp%2Fv2%2Fcategories&post=70357"},{"taxonomy":"post_tag","embeddable":true,"href":"http:\/\/folhadosudeste.com\/site\/index.php?rest_route=%2Fwp%2Fv2%2Ftags&post=70357"}],"curies":[{"name":"wp","href":"https:\/\/api.w.org\/{rel}","templated":true}]}}