{"id":70361,"date":"2020-04-16T19:42:49","date_gmt":"2020-04-16T19:42:49","guid":{"rendered":"http:\/\/folhadosudeste.com\/site\/?p=70361"},"modified":"2020-04-16T19:42:49","modified_gmt":"2020-04-16T19:42:49","slug":"prefeitura-prorroga-recesso-escolar-em-muriae-ate-27-de-abril","status":"publish","type":"post","link":"http:\/\/folhadosudeste.com\/site\/?p=70361","title":{"rendered":"Prefeitura prorroga recesso escolar em Muria\u00e9 at\u00e9 27 de abril"},"content":{"rendered":"<p><img decoding=\"async\" src=\"https:\/\/www.campolargo.pr.gov.br\/wp-content\/uploads\/2019\/07\/Recesso-Escolar.jpg\" alt=\"Recesso Escolar - Prefeitura Municipal de Campo Largo\"><\/p>\n<p style=\"text-align: justify;\"><em>O per\u00edodo de recesso escolar na rede municipal de ensino de Muria\u00e9 foi prorrogado at\u00e9 o dia 27 de abril<\/em><\/p>\n<p style=\"text-align: justify;\">Assim, as aulas e atividades nas escolas municipais permanecem suspensas at\u00e9 aquela data, mantendo as diretrizes de distanciamento social para combater a dissemina\u00e7\u00e3o do coronav\u00edrus na cidade.<\/p>\n<p style=\"text-align: justify;\">O recesso escolar j\u00e1 havia sido determinado no dia 18 de mar\u00e7o, valendo inicialmente at\u00e9 13 de abril. A medida foi renovada na \u00faltima ter\u00e7a-feira (14), vigorando por mais duas semanas.<\/p>\n<p><!--more--><\/p>\n<p style=\"text-align: justify;\">Neste per\u00edodo, a Secretaria Municipal de Educa\u00e7\u00e3o vem trabalhando para definir qual ser\u00e1 a estrat\u00e9gia a ser tomada a partir de 28 de abril, ap\u00f3s o fim do novo per\u00edodo de recesso.<\/p>\n<p style=\"text-align: justify;\">As possibilidades v\u00eam sendo analisadas de forma criteriosa, uma vez que a rede municipal de ensino est\u00e1 presente em dezenas de bairros e distritos de Muria\u00e9, contemplando estudantes de diferentes realidades.<\/p>\n<p style=\"text-align: justify;\">O documento que regulamenta a prorroga\u00e7\u00e3o do recesso escolar em Muria\u00e9 \u00e9 a Portaria 59\/2020, da Secretaria Municipal de Educa\u00e7\u00e3o. Ela est\u00e1 dispon\u00edvel para consulta em&nbsp;<a href=\"http:\/\/www.diariomunicipal.com.br\/amm-mg\/\" target=\"_blank\" rel=\"noopener\" data-saferedirecturl=\"https:\/\/www.google.com\/url?q=http:\/\/www.diariomunicipal.com.br\/amm-mg\/&amp;source=gmail&amp;ust=1587150173823000&amp;usg=AFQjCNFFWk53mRQl3mK7jzeN9msq4Np-3g\">diariomunicipal.com.br\/amm-mg\/<\/a><wbr>, com o seguinte c\u00f3digo de verifica\u00e7\u00e3o: 4D10DC12.<\/p>\n","protected":false},"excerpt":{"rendered":"<p>O per\u00edodo de recesso escolar na rede municipal de ensino de Muria\u00e9 foi prorrogado at\u00e9 o dia 27 de abril Assim, as aulas e atividades nas escolas municipais permanecem suspensas at\u00e9 aquela data, mantendo as diretrizes de distanciamento social para combater a dissemina\u00e7\u00e3o do coronav\u00edrus na cidade. O recesso escolar j\u00e1 havia sido determinado no [&hellip;]<\/p>\n","protected":false},"author":6,"featured_media":0,"comment_status":"open","ping_status":"closed","sticky":false,"template":"","format":"standard","meta":{"_joinchat":[],"footnotes":""},"categories":[1],"tags":[],"class_list":["post-70361","post","type-post","status-publish","format-standard","hentry","category-sem-categoria"],"_links":{"self":[{"href":"http:\/\/folhadosudeste.com\/site\/index.php?rest_route=\/wp\/v2\/posts\/70361","targetHints":{"allow":["GET"]}}],"collection":[{"href":"http:\/\/folhadosudeste.com\/site\/index.php?rest_route=\/wp\/v2\/posts"}],"about":[{"href":"http:\/\/folhadosudeste.com\/site\/index.php?rest_route=\/wp\/v2\/types\/post"}],"author":[{"embeddable":true,"href":"http:\/\/folhadosudeste.com\/site\/index.php?rest_route=\/wp\/v2\/users\/6"}],"replies":[{"embeddable":true,"href":"http:\/\/folhadosudeste.com\/site\/index.php?rest_route=%2Fwp%2Fv2%2Fcomments&post=70361"}],"version-history":[{"count":1,"href":"http:\/\/folhadosudeste.com\/site\/index.php?rest_route=\/wp\/v2\/posts\/70361\/revisions"}],"predecessor-version":[{"id":70362,"href":"http:\/\/folhadosudeste.com\/site\/index.php?rest_route=\/wp\/v2\/posts\/70361\/revisions\/70362"}],"wp:attachment":[{"href":"http:\/\/folhadosudeste.com\/site\/index.php?rest_route=%2Fwp%2Fv2%2Fmedia&parent=70361"}],"wp:term":[{"taxonomy":"category","embeddable":true,"href":"http:\/\/folhadosudeste.com\/site\/index.php?rest_route=%2Fwp%2Fv2%2Fcategories&post=70361"},{"taxonomy":"post_tag","embeddable":true,"href":"http:\/\/folhadosudeste.com\/site\/index.php?rest_route=%2Fwp%2Fv2%2Ftags&post=70361"}],"curies":[{"name":"wp","href":"https:\/\/api.w.org\/{rel}","templated":true}]}}