{"id":70365,"date":"2020-04-17T02:26:06","date_gmt":"2020-04-17T02:26:06","guid":{"rendered":"http:\/\/folhadosudeste.com\/site\/?p=70365"},"modified":"2020-04-17T02:26:06","modified_gmt":"2020-04-17T02:26:06","slug":"comite-gestor-flexibiliza-funcionamento-de-alguns-setores-do-comercio","status":"publish","type":"post","link":"http:\/\/folhadosudeste.com\/site\/?p=70365","title":{"rendered":"COMIT\u00ca GESTOR FLEXIBILIZA FUNCIONAMENTO DE ALGUNS SETORES DO COM\u00c9RCIO"},"content":{"rendered":"<p><a href=\"http:\/\/folhadosudeste.com\/site\/wp-content\/uploads\/2020\/04\/GREGO.png\"><img loading=\"lazy\" decoding=\"async\" class=\"alignnone size-full wp-image-70366\" src=\"http:\/\/folhadosudeste.com\/site\/wp-content\/uploads\/2020\/04\/GREGO.png\" alt=\"\" width=\"931\" height=\"357\" srcset=\"http:\/\/folhadosudeste.com\/site\/wp-content\/uploads\/2020\/04\/GREGO.png 931w, http:\/\/folhadosudeste.com\/site\/wp-content\/uploads\/2020\/04\/GREGO-300x115.png 300w, http:\/\/folhadosudeste.com\/site\/wp-content\/uploads\/2020\/04\/GREGO-768x294.png 768w\" sizes=\"auto, (max-width: 931px) 100vw, 931px\" \/><\/a><\/p>\n<p style=\"text-align: justify;\"><em>A partir de segunda-feira, poder\u00e3o funcionar com restri\u00e7\u00f5es \u00f3ticas, lojas de inform\u00e1tica e de armamentos, concession\u00e1rias, sal\u00f5es de beleza e barbearias<\/em><\/p>\n<p style=\"text-align: justify;\">Ap\u00f3s reuni\u00e3o nesta quinta-feira (16), o Comit\u00ea Gestor de Enfrentamento ao Coronav\u00edrus definiu novas regras, permitindo o funcionamento para alguns setores do com\u00e9rcio. A partir de segunda-feira (20), poder\u00e3o funcionar, por\u00e9m com restri\u00e7\u00f5es, \u00f3ticas, concession\u00e1rias de ve\u00edculos, sal\u00f5es de beleza e de est\u00e9tica, barbearias e lojas de inform\u00e1tica e de armamentos (por estarem ligadas \u00e0 \u00e1rea de seguran\u00e7a p\u00fablica).<\/p>\n<p style=\"text-align: justify;\">Entre as altera\u00e7\u00f5es, est\u00e1 a obrigatoriedade do uso de m\u00e1scaras pelo consumidor. Tamb\u00e9m \u00e9 obrigat\u00f3rio que todos os funcion\u00e1rios de empresas fa\u00e7am uso da m\u00e1scara, cabendo ao propriet\u00e1rio do estabelecimento fornecer o produto a seus colaboradores, assim como fiscalizar o uso por parte do cliente.<\/p>\n<p style=\"text-align: justify;\">Al\u00e9m disso, ser\u00e1 permitida a perman\u00eancia de uma pessoa por 10m\u00b2 de \u00e1rea \u00fatil dentro do estabelecimento comercial.<\/p>\n<p style=\"text-align: justify;\">Essas novas restri\u00e7\u00f5es tamb\u00e9m valem para com\u00e9rcios que j\u00e1 est\u00e3o autorizados a funcionar, como supermercados, padarias, farm\u00e1cias, entre outros.<\/p>\n<p style=\"text-align: justify;\">Barbearias, sal\u00f5es de beleza e est\u00e9tica ter\u00e3o que atender a outros dois quesitos: s\u00f3 poder\u00e3o funcionar mediante hor\u00e1rio agendado e com atendimento individualizado.<\/p>\n<p style=\"text-align: justify;\">As regras detalhadas ser\u00e3o divulgadas nesta sexta-feira (16), com a publica\u00e7\u00e3o do decreto.<\/p>\n<p style=\"text-align: justify;\">A flexibiliza\u00e7\u00e3o de funcionamento destes setores segue diretrizes do Minist\u00e9rio da Sa\u00fade, para se fazer a transi\u00e7\u00e3o do Distanciamento Social Ampliado (DSA) para Distanciamento Social Seletivo (DSS), em que apenas os grupos de maior risco ficam isolados, como idosos, pessoas com doen\u00e7as cr\u00f4nicas e imunodeprimidos, por exemplo.<\/p>\n<p style=\"text-align: justify;\">Tamb\u00e9m a partir de segunda-feira, a Prefeitura vai disponibilizar um aplicativo de Ouvidoria, para den\u00fancias, informa\u00e7\u00f5es, dentre outros servi\u00e7os.<\/p>\n<p style=\"text-align: justify;\">Testes r\u00e1pidos \u2013 Tamb\u00e9m ficou definido na reuni\u00e3o do Comit\u00ea que, para otimizar as an\u00e1lises de casos suspeitos de Covid-19, a Prefeitura vai solicitar, j\u00e1 nesta sexta-feira, testes r\u00e1pidos de coronav\u00edrus ao Minist\u00e9rio da Sa\u00fade e \u00e0 Secretaria de Estado de Sa\u00fade.<\/p>\n<p style=\"text-align: justify;\">Interna\u00e7\u00f5es \u2013 Atualmente, h\u00e1 duas pessoas internadas com suspeita de coronav\u00edrus em Muria\u00e9.<\/p>\n<p style=\"text-align: justify;\">Dos 81 leitos de UTI existentes em hospitais da cidade, 44 est\u00e3o localizados no Hospital S\u00e3o Paulo.<\/p>\n<p style=\"text-align: justify;\">Pacientes que fazem uso de respirador compreendem 37%.<\/p>\n<p><strong>ASSISTA O V\u00cdDEO NA \u00cdNTEGRA:<\/strong><\/p>\n<p>https:\/\/www.facebook.com\/gregomuriae\/videos\/1855788777889214\/<\/p>\n","protected":false},"excerpt":{"rendered":"<p>A partir de segunda-feira, poder\u00e3o funcionar com restri\u00e7\u00f5es \u00f3ticas, lojas de inform\u00e1tica e de armamentos, concession\u00e1rias, sal\u00f5es de beleza e barbearias Ap\u00f3s reuni\u00e3o nesta quinta-feira (16), o Comit\u00ea Gestor de Enfrentamento ao Coronav\u00edrus definiu novas regras, permitindo o funcionamento para alguns setores do com\u00e9rcio. A partir de segunda-feira (20), poder\u00e3o funcionar, por\u00e9m com restri\u00e7\u00f5es, \u00f3ticas, [&hellip;]<\/p>\n","protected":false},"author":6,"featured_media":0,"comment_status":"open","ping_status":"closed","sticky":false,"template":"","format":"standard","meta":{"_joinchat":[],"footnotes":""},"categories":[1],"tags":[],"class_list":["post-70365","post","type-post","status-publish","format-standard","hentry","category-sem-categoria"],"_links":{"self":[{"href":"http:\/\/folhadosudeste.com\/site\/index.php?rest_route=\/wp\/v2\/posts\/70365","targetHints":{"allow":["GET"]}}],"collection":[{"href":"http:\/\/folhadosudeste.com\/site\/index.php?rest_route=\/wp\/v2\/posts"}],"about":[{"href":"http:\/\/folhadosudeste.com\/site\/index.php?rest_route=\/wp\/v2\/types\/post"}],"author":[{"embeddable":true,"href":"http:\/\/folhadosudeste.com\/site\/index.php?rest_route=\/wp\/v2\/users\/6"}],"replies":[{"embeddable":true,"href":"http:\/\/folhadosudeste.com\/site\/index.php?rest_route=%2Fwp%2Fv2%2Fcomments&post=70365"}],"version-history":[{"count":1,"href":"http:\/\/folhadosudeste.com\/site\/index.php?rest_route=\/wp\/v2\/posts\/70365\/revisions"}],"predecessor-version":[{"id":70367,"href":"http:\/\/folhadosudeste.com\/site\/index.php?rest_route=\/wp\/v2\/posts\/70365\/revisions\/70367"}],"wp:attachment":[{"href":"http:\/\/folhadosudeste.com\/site\/index.php?rest_route=%2Fwp%2Fv2%2Fmedia&parent=70365"}],"wp:term":[{"taxonomy":"category","embeddable":true,"href":"http:\/\/folhadosudeste.com\/site\/index.php?rest_route=%2Fwp%2Fv2%2Fcategories&post=70365"},{"taxonomy":"post_tag","embeddable":true,"href":"http:\/\/folhadosudeste.com\/site\/index.php?rest_route=%2Fwp%2Fv2%2Ftags&post=70365"}],"curies":[{"name":"wp","href":"https:\/\/api.w.org\/{rel}","templated":true}]}}