{"id":70374,"date":"2020-04-18T00:53:48","date_gmt":"2020-04-18T00:53:48","guid":{"rendered":"http:\/\/folhadosudeste.com\/site\/?p=70374"},"modified":"2020-04-18T00:53:48","modified_gmt":"2020-04-18T00:53:48","slug":"para-64-bolsonaro-agiu-mal-ao-demitir-mandetta-diz-datafolha","status":"publish","type":"post","link":"http:\/\/folhadosudeste.com\/site\/?p=70374","title":{"rendered":"Para 64%, Bolsonaro &#8216;agiu mal&#8217; ao demitir Mandetta, diz Datafolha"},"content":{"rendered":"<p><img decoding=\"async\" src=\"https:\/\/ichef.bbci.co.uk\/news\/976\/cpsprodpb\/10D50\/production\/_111644986_coletiva_saude_mandetta_0406201683.jpg\" alt=\"Mandetta \u00e9 demitido do Minist\u00e9rio da Sa\u00fade ap\u00f3s um m\u00eas de conflito ...\"><\/p>\n<p style=\"text-align: justify;\"><em>Pesquisa foi divulgada nesta sexta (17), um dia ap\u00f3s presidente ter demitido ministro da Sa\u00fade. Para 25%, Bolsonaro &#8216;agiu bem&#8217;. Margem de erro \u00e9 de tr\u00eas pontos percentuais.<\/em><\/p>\n<p style=\"text-align: justify;\">Pesquisa do instituto Datafolha publicada nesta sexta-feira (17) pelo site do jornal &#8220;Folha de S.Paulo&#8221; revela os seguintes percentuais de aprova\u00e7\u00e3o e rejei\u00e7\u00e3o \u00e0 demiss\u00e3o de Luiz Henrique Mandetta do Minist\u00e9rio da Sa\u00fade:<\/p>\n<p style=\"text-align: justify;\">&#8216;Presidente agiu mal&#8217;: 64%<br \/>\n&#8216;Presidente agiu bem&#8217;: 25%<br \/>\n&#8216;N\u00e3o sabe&#8217;: 11%<br \/>\nConforme a &#8220;Folha&#8221;, o instituto ouviu 1.606 pessoas por telefone, e a margem de erro \u00e9 de tr\u00eas pontos percentuais para mais ou para menos.<\/p>\n<p><!--more--><\/p>\n<p style=\"text-align: justify;\">A demiss\u00e3o foi anunciada nesta quinta (16), por Mandetta, em uma rede social. Em seguida, o presidente Jair Bolsonaro fez um pronunciamento no Pal\u00e1cio do Planalto no qual anunciou o oncologista Nelson Teich como novo ministro.<\/p>\n<p style=\"text-align: justify;\">No pronunciamento, Bolsonaro comparou a demiss\u00e3o de Mandetta a um &#8220;div\u00f3rcio consensual&#8221;. Na sequ\u00eancia, Teich tamb\u00e9m fez um pronunciamento no qual disse ter &#8220;alinhamento total&#8221; com o presidente da Rep\u00fablica.<\/p>\n<p style=\"text-align: justify;\">Ainda de acordo com o Datafolha, os entrevistados tamb\u00e9m deram as seguintes respostas sobre:<\/p>\n<p style=\"text-align: justify;\">&#8220;Avalia\u00e7\u00e3o do desempenho de Bolsonaro em rela\u00e7\u00e3o ao surto de coronav\u00edrus&#8221;:<\/p>\n<p style=\"text-align: justify;\">&#8216;\u00d3timo\/bom&#8217;: 36%<br \/>\n&#8216;Regular&#8217;: 23%<br \/>\n&#8216;Ruim\/p\u00e9ssimo&#8217;: 38%<br \/>\n&#8216;N\u00e3o sabe&#8217;: 3%<br \/>\n&#8220;A condu\u00e7\u00e3o da emerg\u00eancia sanit\u00e1ria pelo Minist\u00e9rio da Sa\u00fade sem Mandetta ir\u00e1&#8221;:<\/p>\n<p style=\"text-align: justify;\">&#8216;Melhorar&#8217;: 32%<br \/>\n&#8216;Piorar&#8217;: 36%<\/p>\n<p style=\"text-align: justify;\">Diverg\u00eancias de Bolsonaro e Mandetta<br \/>\nNas \u00faltimas semanas, Mandetta e Bolsonaro passaram a divergir publicamente sobre algumas medidas de combate ao coronav\u00edrus, como o isolamento social.<\/p>\n<p style=\"text-align: justify;\">Enquanto Mandetta defende o isolamento, assim como orientam a Organiza\u00e7\u00e3o Mundial de Sa\u00fade (OMS) e os especialistas, Bolsonaro pede a &#8220;volta \u00e0 normalidade&#8221;, o fim do &#8220;confinamento em massa&#8221; e a reabertura do com\u00e9rcio, de lot\u00e9ricas e de igrejas.<\/p>\n<p style=\"text-align: justify;\">Desde que come\u00e7aram as diverg\u00eancias, Mandetta passou a dizer, quando questionado se deixaria o cargo, que &#8220;m\u00e9dico n\u00e3o abandona o paciente&#8221;. Bolsonaro, por sua vez, passou a dizer que &#8220;m\u00e9dico n\u00e3o abandona o paciente, mas o paciente pode trocar de m\u00e9dico&#8221;.<\/p>\n<p style=\"text-align: justify;\">Al\u00e9m disso, Bolsonaro foi a um ato na Esplanada dos Minist\u00e9rios a favor do governo, passou a sair para ir a padarias e a farm\u00e1cias em Bras\u00edlia e passou a cumprimentar grupos de pessoas, gerando aglomera\u00e7\u00f5es e contrariando as orienta\u00e7\u00f5es das autoridades de sa\u00fade.<\/p>\n<p style=\"text-align: justify;\">Em uma entrevista ao Fant\u00e1stico, no \u00faltimo domingo (12), Mandetta chegou a dizer que o brasileiro &#8220;n\u00e3o sabe se escuta o ministro ou o presidente&#8221;.<\/p>\n","protected":false},"excerpt":{"rendered":"<p>Pesquisa foi divulgada nesta sexta (17), um dia ap\u00f3s presidente ter demitido ministro da Sa\u00fade. Para 25%, Bolsonaro &#8216;agiu bem&#8217;. Margem de erro \u00e9 de tr\u00eas pontos percentuais. Pesquisa do instituto Datafolha publicada nesta sexta-feira (17) pelo site do jornal &#8220;Folha de S.Paulo&#8221; revela os seguintes percentuais de aprova\u00e7\u00e3o e rejei\u00e7\u00e3o \u00e0 demiss\u00e3o de Luiz [&hellip;]<\/p>\n","protected":false},"author":6,"featured_media":0,"comment_status":"open","ping_status":"closed","sticky":false,"template":"","format":"standard","meta":{"_joinchat":[],"footnotes":""},"categories":[1],"tags":[],"class_list":["post-70374","post","type-post","status-publish","format-standard","hentry","category-sem-categoria"],"_links":{"self":[{"href":"http:\/\/folhadosudeste.com\/site\/index.php?rest_route=\/wp\/v2\/posts\/70374","targetHints":{"allow":["GET"]}}],"collection":[{"href":"http:\/\/folhadosudeste.com\/site\/index.php?rest_route=\/wp\/v2\/posts"}],"about":[{"href":"http:\/\/folhadosudeste.com\/site\/index.php?rest_route=\/wp\/v2\/types\/post"}],"author":[{"embeddable":true,"href":"http:\/\/folhadosudeste.com\/site\/index.php?rest_route=\/wp\/v2\/users\/6"}],"replies":[{"embeddable":true,"href":"http:\/\/folhadosudeste.com\/site\/index.php?rest_route=%2Fwp%2Fv2%2Fcomments&post=70374"}],"version-history":[{"count":1,"href":"http:\/\/folhadosudeste.com\/site\/index.php?rest_route=\/wp\/v2\/posts\/70374\/revisions"}],"predecessor-version":[{"id":70375,"href":"http:\/\/folhadosudeste.com\/site\/index.php?rest_route=\/wp\/v2\/posts\/70374\/revisions\/70375"}],"wp:attachment":[{"href":"http:\/\/folhadosudeste.com\/site\/index.php?rest_route=%2Fwp%2Fv2%2Fmedia&parent=70374"}],"wp:term":[{"taxonomy":"category","embeddable":true,"href":"http:\/\/folhadosudeste.com\/site\/index.php?rest_route=%2Fwp%2Fv2%2Fcategories&post=70374"},{"taxonomy":"post_tag","embeddable":true,"href":"http:\/\/folhadosudeste.com\/site\/index.php?rest_route=%2Fwp%2Fv2%2Ftags&post=70374"}],"curies":[{"name":"wp","href":"https:\/\/api.w.org\/{rel}","templated":true}]}}