{"id":70376,"date":"2020-04-18T16:26:18","date_gmt":"2020-04-18T16:26:18","guid":{"rendered":"http:\/\/folhadosudeste.com\/site\/?p=70376"},"modified":"2020-04-18T16:26:18","modified_gmt":"2020-04-18T16:26:18","slug":"prefeitura-suspende-rescisao-e-mantem-contratos-ativos-ate-30-de-abril","status":"publish","type":"post","link":"http:\/\/folhadosudeste.com\/site\/?p=70376","title":{"rendered":"Prefeitura suspende rescis\u00e3o e mant\u00e9m contratos ativos at\u00e9 30 de abril"},"content":{"rendered":"<p><a href=\"http:\/\/folhadosudeste.com\/site\/wp-content\/uploads\/2020\/04\/sabado.jpg\"><img loading=\"lazy\" decoding=\"async\" class=\"alignnone size-full wp-image-70377\" src=\"http:\/\/folhadosudeste.com\/site\/wp-content\/uploads\/2020\/04\/sabado.jpg\" alt=\"\" width=\"1264\" height=\"670\" srcset=\"http:\/\/folhadosudeste.com\/site\/wp-content\/uploads\/2020\/04\/sabado.jpg 1264w, http:\/\/folhadosudeste.com\/site\/wp-content\/uploads\/2020\/04\/sabado-300x159.jpg 300w, http:\/\/folhadosudeste.com\/site\/wp-content\/uploads\/2020\/04\/sabado-768x407.jpg 768w, http:\/\/folhadosudeste.com\/site\/wp-content\/uploads\/2020\/04\/sabado-1024x543.jpg 1024w\" sizes=\"auto, (max-width: 1264px) 100vw, 1264px\" \/><\/a><\/p>\n<p style=\"text-align: justify;\">A Prefeitura de Muria\u00e9 informa que vai manter ativos at\u00e9 o dia 30 de abril todos os 388 contratos de profissionais da Educa\u00e7\u00e3o que foram rescindidos. O mesmo procedimento tamb\u00e9m vale para os 245 estagi\u00e1rios que tiveram contratos suspensos.<\/p>\n<p style=\"text-align: justify;\">A decis\u00e3o tem a finalidade de reduzir os impactos financeiros na vida das pessoas durante o per\u00edodo de crise provocada pela pandemia de covid-19.<\/p>\n<p style=\"text-align: justify;\">Em transmiss\u00e3o ao vivo no Facebook neste s\u00e1bado (18), o prefeito Grego admitiu que a comunica\u00e7\u00e3o pr\u00e9via sobre a rescis\u00e3o dos contratos n\u00e3o foi satisfat\u00f3ria e pediu desculpas pelo modo como ocorreu.<\/p>\n<p><!--more--><\/p>\n<p style=\"text-align: justify;\">\u201cQuem erra, n\u00e3o deve ter medo de voltar atr\u00e1s. E eu n\u00e3o tenho compromisso com erros\u201d, disse.<\/p>\n<p style=\"text-align: justify;\">O prefeito explicou ainda que os cortes s\u00e3o necess\u00e1rios em raz\u00e3o da queda de 70% na arrecada\u00e7\u00e3o do munic\u00edpio. Mas disse que existe uma esperan\u00e7a.<\/p>\n<p style=\"text-align: justify;\">\u201cO projeto que foi aprovado na C\u00e2mara dos Deputados, autorizando o Governo Federal a repor para os munic\u00edpios as diferen\u00e7as na arrecada\u00e7\u00e3o, \u00e9 a nossa luz no fim do t\u00fanel. Esta ser\u00e1 a \u00fanica maneira das prefeituras continuarem honrando seus compromissos, porque n\u00e3o basta ter apenas boa vontade. \u00c9 preciso ter recursos\u201d, afirmou.<\/p>\n<p style=\"text-align: justify;\">Compromisso &#8211; O prefeito de Muria\u00e9 assumiu um compromisso com os profissionais da Educa\u00e7\u00e3o que foram aprovados no \u00faltimo concurso p\u00fablico da Prefeitura.<\/p>\n<p style=\"text-align: justify;\">De acordo com Grego, todos que passaram dentro do n\u00famero de vagas ser\u00e3o nomeados e efetivados j\u00e1 no primeiro dia de retorno das aulas, independente de quando isso v\u00e1 ocorrer.<\/p>\n<p style=\"text-align: justify;\">Grego abre m\u00e3o do pr\u00f3prio sal\u00e1rio &#8211; como nova medida de economia, o prefeito afirmou tamb\u00e9m que, durante todo o per\u00edodo de conten\u00e7\u00e3o de despesas em raz\u00e3o do combate ao coronav\u00edrus, abrir\u00e1 m\u00e3o integralmente do recebimento do seu sal\u00e1rio.<\/p>\n<p style=\"text-align: justify;\">Seus vencimentos mensais ficar\u00e3o \u00e0 disposi\u00e7\u00e3o da Prefeitura para serem aplicados nas \u00e1reas essenciais do momento (Sa\u00fade e Desenvolvimento Social), a exemplo do que vem ocorrendo com todas as demais economias que j\u00e1 come\u00e7aram a ser feitas.<\/p>\n","protected":false},"excerpt":{"rendered":"<p>A Prefeitura de Muria\u00e9 informa que vai manter ativos at\u00e9 o dia 30 de abril todos os 388 contratos de profissionais da Educa\u00e7\u00e3o que foram rescindidos. O mesmo procedimento tamb\u00e9m vale para os 245 estagi\u00e1rios que tiveram contratos suspensos. A decis\u00e3o tem a finalidade de reduzir os impactos financeiros na vida das pessoas durante o [&hellip;]<\/p>\n","protected":false},"author":6,"featured_media":0,"comment_status":"open","ping_status":"closed","sticky":false,"template":"","format":"standard","meta":{"_joinchat":[],"footnotes":""},"categories":[1],"tags":[],"class_list":["post-70376","post","type-post","status-publish","format-standard","hentry","category-sem-categoria"],"_links":{"self":[{"href":"http:\/\/folhadosudeste.com\/site\/index.php?rest_route=\/wp\/v2\/posts\/70376","targetHints":{"allow":["GET"]}}],"collection":[{"href":"http:\/\/folhadosudeste.com\/site\/index.php?rest_route=\/wp\/v2\/posts"}],"about":[{"href":"http:\/\/folhadosudeste.com\/site\/index.php?rest_route=\/wp\/v2\/types\/post"}],"author":[{"embeddable":true,"href":"http:\/\/folhadosudeste.com\/site\/index.php?rest_route=\/wp\/v2\/users\/6"}],"replies":[{"embeddable":true,"href":"http:\/\/folhadosudeste.com\/site\/index.php?rest_route=%2Fwp%2Fv2%2Fcomments&post=70376"}],"version-history":[{"count":1,"href":"http:\/\/folhadosudeste.com\/site\/index.php?rest_route=\/wp\/v2\/posts\/70376\/revisions"}],"predecessor-version":[{"id":70378,"href":"http:\/\/folhadosudeste.com\/site\/index.php?rest_route=\/wp\/v2\/posts\/70376\/revisions\/70378"}],"wp:attachment":[{"href":"http:\/\/folhadosudeste.com\/site\/index.php?rest_route=%2Fwp%2Fv2%2Fmedia&parent=70376"}],"wp:term":[{"taxonomy":"category","embeddable":true,"href":"http:\/\/folhadosudeste.com\/site\/index.php?rest_route=%2Fwp%2Fv2%2Fcategories&post=70376"},{"taxonomy":"post_tag","embeddable":true,"href":"http:\/\/folhadosudeste.com\/site\/index.php?rest_route=%2Fwp%2Fv2%2Ftags&post=70376"}],"curies":[{"name":"wp","href":"https:\/\/api.w.org\/{rel}","templated":true}]}}