{"id":70397,"date":"2020-04-21T18:14:07","date_gmt":"2020-04-21T18:14:07","guid":{"rendered":"http:\/\/folhadosudeste.com\/site\/?p=70397"},"modified":"2020-04-21T18:14:07","modified_gmt":"2020-04-21T18:14:07","slug":"transito-na-barra-tera-mao-dupla-em-duas-ruas-a-partir-desta-quarta","status":"publish","type":"post","link":"http:\/\/folhadosudeste.com\/site\/?p=70397","title":{"rendered":"Tr\u00e2nsito na Barra ter\u00e1 m\u00e3o dupla em duas ruas a partir desta quarta"},"content":{"rendered":"<figure style=\"width: 707px\" class=\"wp-caption alignnone\"><img loading=\"lazy\" decoding=\"async\" src=\"http:\/\/www.silvanalves.com.br\/portal\/wp-content\/uploads\/2020\/04\/DSC_0001_707x471-1.jpg\" alt=\"\" width=\"707\" height=\"471\"><figcaption class=\"wp-caption-text\">Foto Silvan Alves<\/figcaption><\/figure>\n<p style=\"text-align: justify;\">A Barra ter\u00e1 uma importante altera\u00e7\u00e3o no tr\u00e2nsito a partir desta quarta-feira, dia 22 de abril. Em raz\u00e3o de obras na Avenida Monteiro de Castro, as ruas Benedito Valadares e L\u00eddio Bandeira de Melo ter\u00e3o tr\u00e1fego em m\u00e3o dupla.<\/p>\n<p style=\"text-align: justify;\">A mudan\u00e7a vale para o trecho situado entre o sem\u00e1foro (esquina com rua Oswaldo Cruz) e a pra\u00e7a Coronel Tib\u00farcio (popularmente conhecida como \u201cpracinha da Barra\u201d).<\/p>\n<p style=\"text-align: justify;\">Com isso, ser\u00e1 proibido estacionar no novo sentido Barra-Dornelas. A Prefeitura de Muria\u00e9, atrav\u00e9s do Departamento Municipal de Transportes e Tr\u00e2nsito, j\u00e1 est\u00e1 trabalhando na sinaliza\u00e7\u00e3o da via.<\/p>\n<p style=\"text-align: justify;\">A altera\u00e7\u00e3o no tr\u00e2nsito \u00e9 tempor\u00e1ria e se justifica pelo bloqueio de parte da Avenida Monteiro de Castro para obras de drenagem pluvial, necess\u00e1rias para acabar com o antigo problema de alagamento que ocorre em v\u00e1rias ruas da Barra em dias de temporais.<\/p>\n<p style=\"text-align: justify;\">Vale lembrar que, devido a essas interven\u00e7\u00f5es, o tr\u00e2nsito do Centro para a Barra est\u00e1 fluindo pela beira-rio, na avenida Francisco Carlos Machado (conhecida tamb\u00e9m como \u201cprolongamento da JK\u201d).<\/p>\n","protected":false},"excerpt":{"rendered":"<p>A Barra ter\u00e1 uma importante altera\u00e7\u00e3o no tr\u00e2nsito a partir desta quarta-feira, dia 22 de abril. Em raz\u00e3o de obras na Avenida Monteiro de Castro, as ruas Benedito Valadares e L\u00eddio Bandeira de Melo ter\u00e3o tr\u00e1fego em m\u00e3o dupla. A mudan\u00e7a vale para o trecho situado entre o sem\u00e1foro (esquina com rua Oswaldo Cruz) e [&hellip;]<\/p>\n","protected":false},"author":6,"featured_media":0,"comment_status":"open","ping_status":"closed","sticky":false,"template":"","format":"standard","meta":{"_joinchat":[],"footnotes":""},"categories":[1],"tags":[],"class_list":["post-70397","post","type-post","status-publish","format-standard","hentry","category-sem-categoria"],"_links":{"self":[{"href":"http:\/\/folhadosudeste.com\/site\/index.php?rest_route=\/wp\/v2\/posts\/70397","targetHints":{"allow":["GET"]}}],"collection":[{"href":"http:\/\/folhadosudeste.com\/site\/index.php?rest_route=\/wp\/v2\/posts"}],"about":[{"href":"http:\/\/folhadosudeste.com\/site\/index.php?rest_route=\/wp\/v2\/types\/post"}],"author":[{"embeddable":true,"href":"http:\/\/folhadosudeste.com\/site\/index.php?rest_route=\/wp\/v2\/users\/6"}],"replies":[{"embeddable":true,"href":"http:\/\/folhadosudeste.com\/site\/index.php?rest_route=%2Fwp%2Fv2%2Fcomments&post=70397"}],"version-history":[{"count":1,"href":"http:\/\/folhadosudeste.com\/site\/index.php?rest_route=\/wp\/v2\/posts\/70397\/revisions"}],"predecessor-version":[{"id":70398,"href":"http:\/\/folhadosudeste.com\/site\/index.php?rest_route=\/wp\/v2\/posts\/70397\/revisions\/70398"}],"wp:attachment":[{"href":"http:\/\/folhadosudeste.com\/site\/index.php?rest_route=%2Fwp%2Fv2%2Fmedia&parent=70397"}],"wp:term":[{"taxonomy":"category","embeddable":true,"href":"http:\/\/folhadosudeste.com\/site\/index.php?rest_route=%2Fwp%2Fv2%2Fcategories&post=70397"},{"taxonomy":"post_tag","embeddable":true,"href":"http:\/\/folhadosudeste.com\/site\/index.php?rest_route=%2Fwp%2Fv2%2Ftags&post=70397"}],"curies":[{"name":"wp","href":"https:\/\/api.w.org\/{rel}","templated":true}]}}