{"id":70401,"date":"2020-04-22T13:32:07","date_gmt":"2020-04-22T13:32:07","guid":{"rendered":"http:\/\/folhadosudeste.com\/site\/?p=70401"},"modified":"2020-04-22T13:32:07","modified_gmt":"2020-04-22T13:32:07","slug":"sobe-para-oito-o-numero-de-casos-positivos-de-coronavirus-em-muriae","status":"publish","type":"post","link":"http:\/\/folhadosudeste.com\/site\/?p=70401","title":{"rendered":"SOBE PARA OITO O N\u00daMERO DE CASOS POSITIVOS DE CORONAV\u00cdRUS EM MURIA\u00c9"},"content":{"rendered":"<p style=\"text-align: justify;\"><em><del><a href=\"http:\/\/folhadosudeste.com\/site\/wp-content\/uploads\/2020\/04\/271709BC-78B2-4428-8D41-968E743EE604.jpeg\"><img loading=\"lazy\" decoding=\"async\" class=\"alignnone size-full wp-image-70402\" src=\"http:\/\/folhadosudeste.com\/site\/wp-content\/uploads\/2020\/04\/271709BC-78B2-4428-8D41-968E743EE604.jpeg\" alt=\"\" width=\"1081\" height=\"1081\" srcset=\"http:\/\/folhadosudeste.com\/site\/wp-content\/uploads\/2020\/04\/271709BC-78B2-4428-8D41-968E743EE604.jpeg 1081w, http:\/\/folhadosudeste.com\/site\/wp-content\/uploads\/2020\/04\/271709BC-78B2-4428-8D41-968E743EE604-150x150.jpeg 150w, http:\/\/folhadosudeste.com\/site\/wp-content\/uploads\/2020\/04\/271709BC-78B2-4428-8D41-968E743EE604-300x300.jpeg 300w, http:\/\/folhadosudeste.com\/site\/wp-content\/uploads\/2020\/04\/271709BC-78B2-4428-8D41-968E743EE604-768x768.jpeg 768w, http:\/\/folhadosudeste.com\/site\/wp-content\/uploads\/2020\/04\/271709BC-78B2-4428-8D41-968E743EE604-1024x1024.jpeg 1024w\" sizes=\"auto, (max-width: 1081px) 100vw, 1081px\" \/><\/a><\/del><br \/>\nAl\u00e9m disso, mais dois exames testaram negativo, totalizando 49 casos descartados na cidade<\/em><\/p>\n<p style=\"text-align: justify;\">Chegou a oito o n\u00famero de casos confirmados de coronav\u00edrus em Muria\u00e9 \u2013 dois a mais do que domingo (19). Os exames que testaram positivo s\u00e3o de um idoso de 66 anos, com resid\u00eancia fora do munic\u00edpio, e uma jovem de 20 anos, moradora da cidade.<\/p>\n<p><!--more--><\/p>\n<p style=\"text-align: justify;\">Embora assintom\u00e1tico, o idoso est\u00e1 sendo monitorado, por se encontrar em tratamento hospitalar no munic\u00edpio onde realizou alguns exames de rotina que confirmaram a suspeita.<\/p>\n<p style=\"text-align: justify;\">A Funed tamb\u00e9m liberou mais dois resultados de amostras, as quais testaram negativo para covid-19. Um exame se refere a um beb\u00ea de 5 meses, e o outro \u00e9 de uma crian\u00e7a do sexo feminino de 5 anos, ambos residentes em Muria\u00e9. Com isso, o n\u00famero de casos descartados subiu para 49.<\/p>\n<p style=\"text-align: justify;\">J\u00e1 o n\u00famero de casos suspeitos de coronav\u00edrus diminuiu para 54 nesta ter\u00e7a-feira (21). Destas notifica\u00e7\u00f5es, tr\u00eas se referem a casos em investiga\u00e7\u00e3o, com amostras sendo analisadas pela Funed, e 51 est\u00e3o em observa\u00e7\u00e3o, ou seja, aqueles casos leves de s\u00edndrome gripal monitorados pela Secretaria Municipal de Sa\u00fade (SMS).<\/p>\n<p style=\"text-align: justify;\">Ao todo, 110 pacientes tiveram monitoramento encerrado por parte da SMS. N\u00e3o h\u00e1 \u00f3bito registrado na cidade tendo o coronav\u00edrus como causa.<\/p>\n<p style=\"text-align: justify;\">Os tr\u00eas casos em investiga\u00e7\u00e3o est\u00e3o com amostras sendo analisadas pela Funed, o \u00fanico laborat\u00f3rio do SUS em Minas Gerais que est\u00e1 realizando testes de Covid-19. Os resultados t\u00eam previs\u00e3o de serem divulgados entre oito e dez dias \u00fateis. J\u00e1 o monitoramento dos 51 casos em observa\u00e7\u00e3o est\u00e1 sendo feito a cada 48 horas por telefone, conforme preconiza o protocolo do Minist\u00e9rio da Sa\u00fade.<\/p>\n<p style=\"text-align: justify;\">Vale lembrar que, de acordo com normas t\u00e9cnicas da Secretaria de Estado de Sa\u00fade, apenas os casos graves e hospitalizados de s\u00edndrome respirat\u00f3ria aguda grave t\u00eam as amostras analisadas. Por\u00e9m, em todos os casos, com ou sem coleta de material, os cuidados est\u00e3o sendo tomados como se fossem um caso positivo.<\/p>\n","protected":false},"excerpt":{"rendered":"<p>Al\u00e9m disso, mais dois exames testaram negativo, totalizando 49 casos descartados na cidade Chegou a oito o n\u00famero de casos confirmados de coronav\u00edrus em Muria\u00e9 \u2013 dois a mais do que domingo (19). Os exames que testaram positivo s\u00e3o de um idoso de 66 anos, com resid\u00eancia fora do munic\u00edpio, e uma jovem de 20 [&hellip;]<\/p>\n","protected":false},"author":6,"featured_media":0,"comment_status":"open","ping_status":"closed","sticky":false,"template":"","format":"standard","meta":{"_joinchat":[],"footnotes":""},"categories":[1],"tags":[],"class_list":["post-70401","post","type-post","status-publish","format-standard","hentry","category-sem-categoria"],"_links":{"self":[{"href":"http:\/\/folhadosudeste.com\/site\/index.php?rest_route=\/wp\/v2\/posts\/70401","targetHints":{"allow":["GET"]}}],"collection":[{"href":"http:\/\/folhadosudeste.com\/site\/index.php?rest_route=\/wp\/v2\/posts"}],"about":[{"href":"http:\/\/folhadosudeste.com\/site\/index.php?rest_route=\/wp\/v2\/types\/post"}],"author":[{"embeddable":true,"href":"http:\/\/folhadosudeste.com\/site\/index.php?rest_route=\/wp\/v2\/users\/6"}],"replies":[{"embeddable":true,"href":"http:\/\/folhadosudeste.com\/site\/index.php?rest_route=%2Fwp%2Fv2%2Fcomments&post=70401"}],"version-history":[{"count":1,"href":"http:\/\/folhadosudeste.com\/site\/index.php?rest_route=\/wp\/v2\/posts\/70401\/revisions"}],"predecessor-version":[{"id":70403,"href":"http:\/\/folhadosudeste.com\/site\/index.php?rest_route=\/wp\/v2\/posts\/70401\/revisions\/70403"}],"wp:attachment":[{"href":"http:\/\/folhadosudeste.com\/site\/index.php?rest_route=%2Fwp%2Fv2%2Fmedia&parent=70401"}],"wp:term":[{"taxonomy":"category","embeddable":true,"href":"http:\/\/folhadosudeste.com\/site\/index.php?rest_route=%2Fwp%2Fv2%2Fcategories&post=70401"},{"taxonomy":"post_tag","embeddable":true,"href":"http:\/\/folhadosudeste.com\/site\/index.php?rest_route=%2Fwp%2Fv2%2Ftags&post=70401"}],"curies":[{"name":"wp","href":"https:\/\/api.w.org\/{rel}","templated":true}]}}