{"id":70416,"date":"2020-04-25T00:19:38","date_gmt":"2020-04-25T00:19:38","guid":{"rendered":"http:\/\/folhadosudeste.com\/site\/?p=70416"},"modified":"2020-04-25T00:19:38","modified_gmt":"2020-04-25T00:19:38","slug":"ex-juiz-sergio-moro-anuncia-demissao-do-ministerio-da-justica-e-deixa-o-governo-bolsonaro","status":"publish","type":"post","link":"http:\/\/folhadosudeste.com\/site\/?p=70416","title":{"rendered":"Ex-juiz Sergio Moro anuncia demiss\u00e3o do Minist\u00e9rio da Justi\u00e7a e deixa o governo Bolsonaro"},"content":{"rendered":"<p><img decoding=\"async\" src=\"https:\/\/www.cartacapital.com.br\/wp-content\/uploads\/2019\/10\/Sergio-Moro-Foto-Isaac-Amorim-MJSP.png\" alt=\"Sergio Moro far\u00e1 pronunciamento ap\u00f3s exonera\u00e7\u00e3o do diretor-geral ...\"><\/p>\n<p style=\"text-align: justify;\"><em>Ex-juiz respons\u00e1vel por processos da Lava Jato, ele deixou a fun\u00e7\u00e3o em 2018 para assumir como ministro da Justi\u00e7a. \u00c9 a nona vez que um ministro deixa o cargo no governo Bolsonaro<\/em><\/p>\n<div class=\"mc-column content-text active-extra-styles \" style=\"text-align: justify;\" data-block-type=\"unstyled\" data-block-weight=\"36\" data-block-id=\"2\">\n<p class=\"content-text__container \" data-track-category=\"Link no Texto\" data-track-links=\"\">O ministro da Justi\u00e7a e Seguran\u00e7a P\u00fablica,&nbsp;<a href=\"https:\/\/g1.globo.com\/tudo-sobre\/sergio-moro\/https:\/\/g1.globo.com\/tudo-sobre\/sergio-moro\/\">Sergio Moro<\/a>, anunciou a demiss\u00e3o nesta sexta-feira (24). O ex-juiz federal deixa a pasta ap\u00f3s um ano e quatro meses no primeiro escal\u00e3o do governo do presidente&nbsp;<a href=\"https:\/\/g1.globo.com\/politica\/politico\/jair-bolsonaro\/\">Jair Bolsonaro<\/a>.<\/p>\n<\/div>\n<div class=\"wall protected-content\">\n<div class=\"mc-column content-text active-extra-styles \" style=\"text-align: justify;\" data-block-type=\"unstyled\" data-block-weight=\"33\" data-block-id=\"4\">\n<p class=\"content-text__container \" data-track-category=\"Link no Texto\" data-track-links=\"\">A demiss\u00e3o foi motivada pela decis\u00e3o de Bolsonaro de trocar o diretor-geral da&nbsp;<a href=\"https:\/\/g1.globo.com\/tudo-sobre\/policia-federal\/\">Pol\u00edcia Federal<\/a>, Maur\u00edcio Valeixo, indicado para o posto pelo agora ex-ministro. A Pol\u00edcia Federal \u00e9 vinculada \u00e0 pasta da Justi\u00e7a.<\/p>\n<\/div>\n<div class=\"mc-column content-text active-extra-styles \" style=\"text-align: justify;\" data-block-type=\"unstyled\" data-block-weight=\"65\" data-block-id=\"5\">\n<p class=\"content-text__container \" data-track-category=\"Link no Texto\" data-track-links=\"\">Com a sa\u00edda de Moro, \u00e9 a nona vez que um ministro deixa o cargo no governo Bolsonaro &#8211; desses, seis sa\u00edram do governo e tr\u00eas continuaram (Onyx Lorenzoni saiu da Casa Civil e foi para a Cidadania; Floriano Peixoto saiu da Secretaria Geral e foi para a presid\u00eancia dos Correios; e Gustavo Canuto deixou o Desenvolvimento Regional e foi para a presid\u00eancia da Dataprev).<\/p>\n<\/div>\n<\/div>\n<p><!--more--><\/p>\n<div class=\"mc-column content-text active-extra-styles \" style=\"text-align: justify;\" data-block-type=\"unstyled\" data-block-weight=\"36\" data-block-id=\"2\">\n<h2 class=\"content-text__container \" data-track-category=\"Link no Texto\">Resumo<\/h2>\n<\/div>\n<div class=\"wall protected-content\">\n<div class=\"mc-column content-text active-extra-styles \" style=\"text-align: justify;\" data-block-type=\"unstyled\" data-block-weight=\"7\" data-block-id=\"7\">\n<p class=\"content-text__container \" data-track-category=\"Link no Texto\" data-track-links=\"\">Em resumo, Moro afirmou no pronunciamento que:<\/p>\n<\/div>\n<div class=\"mc-column content-text active-extra-styles\" style=\"text-align: justify;\" data-block-type=\"raw\" data-block-weight=\"120\" data-block-id=\"8\">\n<ul class=\"content-unordered-list\">\n<li>foi surpreendido pela publica\u00e7\u00e3o no &#8220;Di\u00e1rio Oficial&#8221; da demiss\u00e3o do diretor-geral da Pol\u00edcia Federal;<\/li>\n<li>que o presidente Jair Bolsonaro n\u00e3o apresentou um motivo espec\u00edfico para demitir Mauricio Valeixo;<\/li>\n<li>que a demiss\u00e3o de Valeixo n\u00e3o foi feita &#8220;a pedido&#8221;, conforme publicou o &#8220;Di\u00e1rio Oficial&#8221; e nem ele, Moro, assinou a demiss\u00e3o, embora o nome do ent\u00e3o ministro apare\u00e7a na publica\u00e7\u00e3o;<\/li>\n<li>que Bolsonaro admitiu que a mudan\u00e7a \u00e9 uma interfer\u00eancia pol\u00edtica porque pretende ter na PF algu\u00e9m que lhe d\u00ea informa\u00e7\u00f5es sobre investiga\u00e7\u00f5es e inqu\u00e9ritos em andamento no Supremo Tribunal Federal; para Moro, isso n\u00e3o \u00e9 atribui\u00e7\u00e3o da PF;<\/li>\n<li>que ao assumir o posto de ministro, depois de deixar 22 anos de magistratura, Bolsonaro havia prometido &#8220;carta-branca&#8221; para escolher e nomear auxiliares.&nbsp;<\/li>\n<\/ul>\n<\/div>\n<div class=\"mc-column content-text active-extra-styles\" style=\"text-align: justify;\" data-block-type=\"raw\" data-block-weight=\"2\" data-block-id=\"10\">\n<div class=\"content-intertitle\">\n<h2>Sem motivo<\/h2>\n<\/div>\n<\/div>\n<div class=\"mc-column content-text active-extra-styles \" style=\"text-align: justify;\" data-block-type=\"unstyled\" data-block-weight=\"40\" data-block-id=\"11\">\n<p class=\"content-text__container \" data-track-category=\"Link no Texto\" data-track-links=\"\">Ao anunciar a demiss\u00e3o, em pronunciamento na manh\u00e3 desta sexta-feira no Minist\u00e9rio da Justi\u00e7a, Moro afirmou que disse para Bolsonaro que n\u00e3o se opunha \u00e0 troca de comando na PF, desde que o presidente lhe apresentasse uma raz\u00e3o para isso.<\/p>\n<\/div>\n<div class=\"mc-column content-text active-extra-styles \" style=\"text-align: justify;\" data-block-type=\"unstyled\" data-block-weight=\"24\" data-block-id=\"12\">\n<p class=\"content-text__container \" data-track-category=\"Link no Texto\" data-track-links=\"\">&#8220;Presidente, eu n\u00e3o tenho nenhum problema em troca do diretor, mas eu preciso de uma causa, [como, por exemplo], um erro grave&#8221;, disse Moro.<\/p>\n<\/div>\n<div class=\"mc-column content-text active-extra-styles \" style=\"text-align: justify;\" data-block-type=\"unstyled\" data-block-weight=\"36\" data-block-id=\"13\">\n<p class=\"content-text__container \" data-track-category=\"Link no Texto\" data-track-links=\"\">Moro disse ainda que o problema n\u00e3o \u00e9 a troca em si, mas o motivo pelo qual Bolsonaro tomou a atitude. Segundo o agora ex-ministro, Bolsonaro quer &#8220;colher&#8221; informa\u00e7\u00f5es dentro da PF, como relat\u00f3rios de intelig\u00eancia.<\/p>\n<\/div>\n<div class=\"mc-column content-text active-extra-styles\" style=\"text-align: justify;\" data-block-type=\"raw\" data-block-weight=\"54\" data-block-id=\"14\">\n<blockquote class=\"content-blockquote theme-border-color-primary-before\"><p>&#8220;O presidente me disse mais de uma vez, expressamente, que ele queria ter uma pessoa do contato pessoal dele, que ele pudesse ligar, que ele pudesse colher informa\u00e7\u00f5es, que ele pudesse colher relat\u00f3rios de intelig\u00eancia, seja diretor, seja superintendente. E realmente n\u00e3o \u00e9 o papel da Pol\u00edcia Federal prestar esse tipo de informa\u00e7\u00e3o&#8221;, declarou.<\/p><\/blockquote>\n<blockquote>\n<p style=\"text-align: justify;\">Segundo Sergio Moro, a autonomia da Pol\u00edcia Federal &#8220;\u00e9 um valor fundamental que temos que preservar dentro de um estado de direito\u201d.<\/p>\n<p style=\"text-align: justify;\">De acordo com o relato de Moro, ele disse a Bolsonaro que a troca de comando na PF seria uma interfer\u00eancia pol\u00edtica na corpora\u00e7\u00e3o. O agora ex-ministro afirmou que o presidente admitiu isso.<\/p>\n<p style=\"text-align: justify;\">&#8220;Falei para o presidente que seria uma interfer\u00eancia pol\u00edtica. Ele disse que seria mesmo&#8221;, revelou Moro.<br \/>\nMoro contou que Bolsonaro vem tentando trocar o comando da PF desde o ano passado.<\/p>\n<p style=\"text-align: justify;\">&#8220;A partir do segundo semestre [de 2019] passou a haver uma insist\u00eancia do presidente na troca do comando da PF.&#8221;<\/p>\n<p style=\"text-align: justify;\">Moro afirmou que sai do minist\u00e9rio para preservar a pr\u00f3pria biografia e para n\u00e3o contradizer o compromisso que assumiu com Bolsonaro: de que o governo seria firme no combate \u00e0 corrup\u00e7\u00e3o.<\/p>\n<p style=\"text-align: justify;\">&#8220;Tenho que preservar minha biografia, mas acima de tudo tenho que preservar o compromisso com o presidente de que ser\u00edamos firmes no combate \u00e0 corrup\u00e7\u00e3o, a autonomia da PF contra interfer\u00eancias pol\u00edticas&#8221;, declarou.<\/p>\n<p>&#8216;N\u00e3o assinei exonera\u00e7\u00e3o&#8217;<br \/>\nMoro afirmou ainda que ao contr\u00e1rio do que aparece no &#8220;Di\u00e1rio Oficial&#8221;, ele n\u00e3o assinou a exonera\u00e7\u00e3o de Valeixo, nem o diretor-geral da PF pediu para sair.<\/p>\n<p>Na publica\u00e7\u00e3o, consta a assinatura do ent\u00e3o ministro e a informa\u00e7\u00e3o de que Valeixo saiu &#8220;a pedido&#8221;.<\/p>\n<p>&#8220;Eu n\u00e3o assinei esse decreto e em nenhum momento o diretor da PF apresentou um pedido oficial de exonera\u00e7\u00e3o&#8221;, disse.<br \/>\nSegundo Moro, a Secretaria de Comunica\u00e7\u00e3o da Presid\u00eancia (Secom) mentiu ao dizer em uma rede social que a exonera\u00e7\u00e3o foi &#8220;a pedido&#8221;.<\/p>\n<p>&#8220;Fato \u00e9 que n\u00e3o existe nenhum pedido que foi feito de maneira formal. Sinceramente, fui surpreendido, achei que isso foi ofensivo. Vi depois que a Secom confirmou que houve essa exonera\u00e7\u00e3o a pedido, mas isso de fato n\u00e3o \u00e9 verdadeiro&#8221;, afirmou.<\/p>\n<p>Ele disse ainda que, esse fato, demonstrou que Bolsonaro queria v\u00ea-lo fora do governo.<\/p>\n<p>&#8220;Para mim esse \u00faltimo ato \u00e9 uma sinaliza\u00e7\u00e3o de que o presidente me quer realmente fora do cargo.&#8221;<\/p>\n<p>Em outro momento do an\u00fancio, Moro disse que Bolsonaro manifestou preocupa\u00e7\u00e3o com inqu\u00e9ritos em andamento no Supremo Tribunal Federal (STF).<\/p>\n<p>Ele n\u00e3o especificou sobre o que s\u00e3o as investiga\u00e7\u00f5es. De acordo com Moro, a troca na PF seria &#8220;oportuna&#8221; para Bolsonaro por causa desses inqu\u00e9ritos.<\/p>\n<p>&#8220;Presidente tamb\u00e9m me informou que tinha preocupa\u00e7\u00e3o com inqu\u00e9ritos em curso no Supremo Tribunal Federal e que a troca tamb\u00e9m seria oportuna da Pol\u00edcia Federal por esse motivo. Tamb\u00e9m n\u00e3o \u00e9 uma raz\u00e3o que justifique a substitui\u00e7\u00e3o, \u00e9 at\u00e9 algo que gera uma grande preocupa\u00e7\u00e3o&#8221;, disse Moro.<\/p><\/blockquote>\n<\/div>\n<\/div>\n<p><!--more--><\/p>\n<p><!--more--><\/p>\n<p><!--more--><\/p>\n<p><!--more--><\/p>\n<p><!--more--><\/p>\n","protected":false},"excerpt":{"rendered":"<p>Ex-juiz respons\u00e1vel por processos da Lava Jato, ele deixou a fun\u00e7\u00e3o em 2018 para assumir como ministro da Justi\u00e7a. \u00c9 a nona vez que um ministro deixa o cargo no governo Bolsonaro O ministro da Justi\u00e7a e Seguran\u00e7a P\u00fablica,&nbsp;Sergio Moro, anunciou a demiss\u00e3o nesta sexta-feira (24). O ex-juiz federal deixa a pasta ap\u00f3s um ano [&hellip;]<\/p>\n","protected":false},"author":6,"featured_media":0,"comment_status":"open","ping_status":"closed","sticky":false,"template":"","format":"standard","meta":{"_joinchat":[],"footnotes":""},"categories":[1],"tags":[],"class_list":["post-70416","post","type-post","status-publish","format-standard","hentry","category-sem-categoria"],"_links":{"self":[{"href":"http:\/\/folhadosudeste.com\/site\/index.php?rest_route=\/wp\/v2\/posts\/70416","targetHints":{"allow":["GET"]}}],"collection":[{"href":"http:\/\/folhadosudeste.com\/site\/index.php?rest_route=\/wp\/v2\/posts"}],"about":[{"href":"http:\/\/folhadosudeste.com\/site\/index.php?rest_route=\/wp\/v2\/types\/post"}],"author":[{"embeddable":true,"href":"http:\/\/folhadosudeste.com\/site\/index.php?rest_route=\/wp\/v2\/users\/6"}],"replies":[{"embeddable":true,"href":"http:\/\/folhadosudeste.com\/site\/index.php?rest_route=%2Fwp%2Fv2%2Fcomments&post=70416"}],"version-history":[{"count":1,"href":"http:\/\/folhadosudeste.com\/site\/index.php?rest_route=\/wp\/v2\/posts\/70416\/revisions"}],"predecessor-version":[{"id":70417,"href":"http:\/\/folhadosudeste.com\/site\/index.php?rest_route=\/wp\/v2\/posts\/70416\/revisions\/70417"}],"wp:attachment":[{"href":"http:\/\/folhadosudeste.com\/site\/index.php?rest_route=%2Fwp%2Fv2%2Fmedia&parent=70416"}],"wp:term":[{"taxonomy":"category","embeddable":true,"href":"http:\/\/folhadosudeste.com\/site\/index.php?rest_route=%2Fwp%2Fv2%2Fcategories&post=70416"},{"taxonomy":"post_tag","embeddable":true,"href":"http:\/\/folhadosudeste.com\/site\/index.php?rest_route=%2Fwp%2Fv2%2Ftags&post=70416"}],"curies":[{"name":"wp","href":"https:\/\/api.w.org\/{rel}","templated":true}]}}