{"id":70424,"date":"2020-04-27T17:12:25","date_gmt":"2020-04-27T17:12:25","guid":{"rendered":"http:\/\/folhadosudeste.com\/site\/?p=70424"},"modified":"2020-04-27T17:12:25","modified_gmt":"2020-04-27T17:12:25","slug":"saiba-como-o-comite-gestor-prepara-muriae-para-combater-o-coronavirus-parte-1","status":"publish","type":"post","link":"http:\/\/folhadosudeste.com\/site\/?p=70424","title":{"rendered":"Saiba como o Comit\u00ea Gestor prepara Muria\u00e9 para combater o coronav\u00edrus &#8211; Parte 1"},"content":{"rendered":"<div style=\"text-align: justify;\">H\u00e1 um m\u00eas adotando medidas de restri\u00e7\u00e3o para evitar a forma\u00e7\u00e3o de aglomera\u00e7\u00f5es de pessoas no com\u00e9rcio e nas ruas, a Prefeitura de Muria\u00e9 vem trabalhando para organizar o sistema de sa\u00fade para enfrentar o novo coronav\u00edrus e a doen\u00e7a covid-19.<\/div>\n<div style=\"text-align: justify;\">&nbsp;<\/div>\n<div style=\"text-align: justify;\">A Secretaria Municipal de Sa\u00fade montou tr\u00eas tipos de estrat\u00e9gias: pr\u00e1ticas, administrativas e emergenciais. Nesta primeira parte, voc\u00ea vai conhecer as diretrizes do primeiro tipo \u2013 ou seja, aquelas que j\u00e1 est\u00e3o sendo executadas na cidade para combater a nova doen\u00e7a e, assim, evitar o colapso do sistema. Confira:<\/div>\n<div style=\"text-align: justify;\">&nbsp;<\/div>\n<div style=\"text-align: justify;\"><strong>Estrat\u00e9gia Pr\u00e1tica #1: Pronto-socorro Exclusivo<\/strong><\/div>\n<div style=\"text-align: justify;\">A primeira medida foi criada pela Secretaria Municipal de Sa\u00fade ainda em mar\u00e7o: a abertura de uma ala, no pronto-socorro do Hospital S\u00e3o Paulo, exclusiva para atendimento a pacientes com suspeita de covid-19 e com funcionamento 24h.<\/div>\n<div style=\"text-align: justify;\">&nbsp;<\/div>\n<div style=\"text-align: justify;\"><strong>Estrat\u00e9gia Pr\u00e1tica #2: Confer\u00eancia da Infraestrutura<\/strong><\/div>\n<div style=\"text-align: justify;\">Somados, os quatro hospitais de Muria\u00e9 possuem 81 UTIs e 81 aparelhos respiradores \u2013 ou seja, um respirador para cada unidade de terapia intensiva.<\/div>\n<p><!--more--><\/p>\n<div style=\"text-align: justify;\">Os leitos de UTI se dividem da seguinte forma: 62 para pacientes adultos; seis para crian\u00e7as; outros seis para rec\u00e9m-nascidos; al\u00e9m de sete unidades de isolamento.<\/div>\n<div style=\"text-align: justify;\">&nbsp;<\/div>\n<div style=\"text-align: justify;\">Em rela\u00e7\u00e3o aos leitos comuns, s\u00e3o 530 no total \u2013 355 para atendimento cl\u00ednico e 175 para pacientes que passaram por cirurgia.<\/div>\n<div style=\"text-align: justify;\">&nbsp;<\/div>\n<div style=\"text-align: justify;\"><strong>Estrat\u00e9gia Pr\u00e1tica #3: Monitoramento Di\u00e1rio<\/strong><\/div>\n<div style=\"text-align: justify;\">A Secretaria Municipal de Sa\u00fade monitora diariamente o percentual de ocupa\u00e7\u00e3o das UTIs em Muria\u00e9.<\/div>\n<div style=\"text-align: justify;\">&nbsp;<\/div>\n<div style=\"text-align: justify;\">No \u00faltimo domingo, dia 26 de abril, das 81 unidades de terapia intensiva, 64 estavam ocupadas. Desde total, quatro pacientes t\u00eam suspeita da nova doen\u00e7a.<\/div>\n<div style=\"text-align: justify;\">&nbsp;<\/div>\n<div style=\"text-align: justify;\">O n\u00famero de entuba\u00e7\u00f5es (ou seja, de pacientes que est\u00e3o utilizando respiradores) tamb\u00e9m \u00e9 monitorado. Das 64 pessoas internadas em UTIs de Muria\u00e9, 27 estavam fazendo uso do equipamento naquela data.<\/div>\n<div style=\"text-align: justify;\">&nbsp;<\/div>\n<div style=\"text-align: justify;\"><strong>Estrat\u00e9gia Pr\u00e1tica #4: Acompanhamento de Pacientes<\/strong><\/div>\n<div style=\"text-align: justify;\">Para pacientes n\u00e3o internados, mas que est\u00e3o em isolamento domiciliar, o acompanhamento \u00e9 feito diariamente por telefone. No domingo (26), Muria\u00e9 tinha oito casos confirmados (um em tratamento e sete j\u00e1 curados), quatro aguardando resultados de exame e outros 55 em observa\u00e7\u00e3o.<\/div>\n","protected":false},"excerpt":{"rendered":"<p>H\u00e1 um m\u00eas adotando medidas de restri\u00e7\u00e3o para evitar a forma\u00e7\u00e3o de aglomera\u00e7\u00f5es de pessoas no com\u00e9rcio e nas ruas, a Prefeitura de Muria\u00e9 vem trabalhando para organizar o sistema de sa\u00fade para enfrentar o novo coronav\u00edrus e a doen\u00e7a covid-19. &nbsp; A Secretaria Municipal de Sa\u00fade montou tr\u00eas tipos de estrat\u00e9gias: pr\u00e1ticas, administrativas e [&hellip;]<\/p>\n","protected":false},"author":6,"featured_media":0,"comment_status":"open","ping_status":"closed","sticky":false,"template":"","format":"standard","meta":{"_joinchat":[],"footnotes":""},"categories":[1],"tags":[],"class_list":["post-70424","post","type-post","status-publish","format-standard","hentry","category-sem-categoria"],"_links":{"self":[{"href":"http:\/\/folhadosudeste.com\/site\/index.php?rest_route=\/wp\/v2\/posts\/70424","targetHints":{"allow":["GET"]}}],"collection":[{"href":"http:\/\/folhadosudeste.com\/site\/index.php?rest_route=\/wp\/v2\/posts"}],"about":[{"href":"http:\/\/folhadosudeste.com\/site\/index.php?rest_route=\/wp\/v2\/types\/post"}],"author":[{"embeddable":true,"href":"http:\/\/folhadosudeste.com\/site\/index.php?rest_route=\/wp\/v2\/users\/6"}],"replies":[{"embeddable":true,"href":"http:\/\/folhadosudeste.com\/site\/index.php?rest_route=%2Fwp%2Fv2%2Fcomments&post=70424"}],"version-history":[{"count":1,"href":"http:\/\/folhadosudeste.com\/site\/index.php?rest_route=\/wp\/v2\/posts\/70424\/revisions"}],"predecessor-version":[{"id":70425,"href":"http:\/\/folhadosudeste.com\/site\/index.php?rest_route=\/wp\/v2\/posts\/70424\/revisions\/70425"}],"wp:attachment":[{"href":"http:\/\/folhadosudeste.com\/site\/index.php?rest_route=%2Fwp%2Fv2%2Fmedia&parent=70424"}],"wp:term":[{"taxonomy":"category","embeddable":true,"href":"http:\/\/folhadosudeste.com\/site\/index.php?rest_route=%2Fwp%2Fv2%2Fcategories&post=70424"},{"taxonomy":"post_tag","embeddable":true,"href":"http:\/\/folhadosudeste.com\/site\/index.php?rest_route=%2Fwp%2Fv2%2Ftags&post=70424"}],"curies":[{"name":"wp","href":"https:\/\/api.w.org\/{rel}","templated":true}]}}