{"id":70444,"date":"2020-04-29T20:46:26","date_gmt":"2020-04-29T20:46:26","guid":{"rendered":"http:\/\/folhadosudeste.com\/site\/?p=70444"},"modified":"2020-04-29T20:46:26","modified_gmt":"2020-04-29T20:46:26","slug":"flexibilizacao-do-isolamento-social-preocupa-deputados","status":"publish","type":"post","link":"http:\/\/folhadosudeste.com\/site\/?p=70444","title":{"rendered":"Flexibiliza\u00e7\u00e3o do isolamento social preocupa deputados"},"content":{"rendered":"<figure style=\"width: 640px\" class=\"wp-caption alignnone\"><img loading=\"lazy\" decoding=\"async\" src=\"https:\/\/mediaserver.almg.gov.br\/acervo\/512\/600\/1512600.jpg?__scale=w:664,h:50\" alt=\"Secret\u00e1rio de Sa\u00fade apresentou o plano Minas Consciente, que estabelece protocolos para a abertura da atividade econ\u00f4mica em Minas\" width=\"640\" height=\"427\"><figcaption class=\"wp-caption-text\">Secret\u00e1rio de Sa\u00fade apresentou o plano Minas Consciente, que estabelece protocolos para a abertura da atividade econ\u00f4mica em Minas &#8211; Foto:Sarah Torres<\/figcaption><\/figure>\n<h5 style=\"text-align: justify;\">Parlamentares questionam secret\u00e1rio sobre poss\u00edvel risco de aumento de casos de Covid-19 com reabertura do com\u00e9rcio.<\/h5>\n<p style=\"text-align: justify;\">O temor de um&nbsp;<strong>aumento de casos de Covid-19<\/strong>&nbsp;no Estado a partir da&nbsp;<strong>flexibiliza\u00e7\u00e3o do isolamento<\/strong>&nbsp;<strong>social<\/strong>&nbsp;e a&nbsp;<strong>demanda por equipamentos de prote\u00e7\u00e3o individual (EPIs)<\/strong>&nbsp;para profissionais de sa\u00fade, bem como&nbsp;por&nbsp;<strong>leitos e respiradores<\/strong>&nbsp;para os pacientes, foram algumas das preocupa\u00e7\u00f5es manifestadas pelos deputados durante o debate sobre o programa&nbsp;<a title=\"ir para programa\" href=\"https:\/\/www.mg.gov.br\/minasconsciente\/entenda-o-programa\" target=\"_blank\" rel=\"noopener\" data-saferedirecturl=\"https:\/\/www.google.com\/url?q=https:\/\/www.mg.gov.br\/minasconsciente\/entenda-o-programa&amp;source=gmail&amp;ust=1588279459256000&amp;usg=AFQjCNEZsQ6LhSBwoFnOXvlmX2IrYRXjGg\"><strong>&#8220;Minas Consciente&#8221;<\/strong><\/a>, que trata da&nbsp;<strong>reabertura gradual de estabelecimentos comerciais<\/strong>&nbsp;em Minas Gerais.<\/p>\n<p style=\"text-align: justify;\">Conduzido pelo presidente da Assembleia Legislativa de Minas Gerais (ALMG), deputado Agostinho Patrus (PV), o&nbsp;encontro foi realizado na manh\u00e3 desta quarta-feira (29\/4\/20), no Plen\u00e1rio, com a participa\u00e7\u00e3o presencial do secret\u00e1rio de Estado de Sa\u00fade, Carlos Eduardo Amaral, do presidente da Comiss\u00e3o de Sa\u00fade, deputado Carlos Pimenta (PDT), e da&nbsp;<strong>presidente do Comit\u00ea Permanente de Acompanhamento das A\u00e7\u00f5es de Preven\u00e7\u00e3o e Enfrentamento do Novo Coronav\u00edrus, da UFMG<\/strong>, a professora e pediatra Cristina Alvim.<\/p>\n<p><!--more--><\/p>\n<p style=\"text-align: justify;\">Em seu pronunciamento, Carlos Pimenta admitiu que, a despeito do cuidado demonstrado pelo governo, a abertura do com\u00e9rcio causa preocupa\u00e7\u00e3o, sobretudo em algumas regi\u00f5es do Estado com&nbsp;<strong>alta densidade demogr\u00e1fica ou<\/strong>&nbsp;<strong>pr\u00f3ximas&nbsp;a S\u00e3o Paulo e ao Rio de Janeiro<\/strong>, uma vez que&nbsp;eles apresentam os&nbsp;mais altos \u00edndices de contamina\u00e7\u00e3o pelo coronav\u00edrus.<\/p>\n<p style=\"text-align: justify;\">O parlamentar tamb\u00e9m apresentou os principais questionamentos dos membros efetivos da comiss\u00e3o, como o&nbsp;<strong>aporte de recursos para hospitais da rede estadual<\/strong>&nbsp;e a necessidade de se&nbsp;<strong>aumentar o n\u00famero de testes<\/strong>&nbsp;da doen\u00e7a. O secret\u00e1rio reconheceu que o temor pela reabertura do com\u00e9rcio \u00e9 um desafio. \u201c\u00c9 uma decis\u00e3o dif\u00edcil, que tem que ser tratada com muita transpar\u00eancia e rigor t\u00e9cnico.&nbsp;\u00c9 preciso encontrar o equil\u00edbrio entre os riscos econ\u00f4micos e sanit\u00e1rios\u201d, disse.<\/p>\n","protected":false},"excerpt":{"rendered":"<p>Parlamentares questionam secret\u00e1rio sobre poss\u00edvel risco de aumento de casos de Covid-19 com reabertura do com\u00e9rcio. O temor de um&nbsp;aumento de casos de Covid-19&nbsp;no Estado a partir da&nbsp;flexibiliza\u00e7\u00e3o do isolamento&nbsp;social&nbsp;e a&nbsp;demanda por equipamentos de prote\u00e7\u00e3o individual (EPIs)&nbsp;para profissionais de sa\u00fade, bem como&nbsp;por&nbsp;leitos e respiradores&nbsp;para os pacientes, foram algumas das preocupa\u00e7\u00f5es manifestadas pelos deputados durante o [&hellip;]<\/p>\n","protected":false},"author":6,"featured_media":0,"comment_status":"open","ping_status":"closed","sticky":false,"template":"","format":"standard","meta":{"_joinchat":[],"footnotes":""},"categories":[1],"tags":[],"class_list":["post-70444","post","type-post","status-publish","format-standard","hentry","category-sem-categoria"],"_links":{"self":[{"href":"http:\/\/folhadosudeste.com\/site\/index.php?rest_route=\/wp\/v2\/posts\/70444","targetHints":{"allow":["GET"]}}],"collection":[{"href":"http:\/\/folhadosudeste.com\/site\/index.php?rest_route=\/wp\/v2\/posts"}],"about":[{"href":"http:\/\/folhadosudeste.com\/site\/index.php?rest_route=\/wp\/v2\/types\/post"}],"author":[{"embeddable":true,"href":"http:\/\/folhadosudeste.com\/site\/index.php?rest_route=\/wp\/v2\/users\/6"}],"replies":[{"embeddable":true,"href":"http:\/\/folhadosudeste.com\/site\/index.php?rest_route=%2Fwp%2Fv2%2Fcomments&post=70444"}],"version-history":[{"count":1,"href":"http:\/\/folhadosudeste.com\/site\/index.php?rest_route=\/wp\/v2\/posts\/70444\/revisions"}],"predecessor-version":[{"id":70445,"href":"http:\/\/folhadosudeste.com\/site\/index.php?rest_route=\/wp\/v2\/posts\/70444\/revisions\/70445"}],"wp:attachment":[{"href":"http:\/\/folhadosudeste.com\/site\/index.php?rest_route=%2Fwp%2Fv2%2Fmedia&parent=70444"}],"wp:term":[{"taxonomy":"category","embeddable":true,"href":"http:\/\/folhadosudeste.com\/site\/index.php?rest_route=%2Fwp%2Fv2%2Fcategories&post=70444"},{"taxonomy":"post_tag","embeddable":true,"href":"http:\/\/folhadosudeste.com\/site\/index.php?rest_route=%2Fwp%2Fv2%2Ftags&post=70444"}],"curies":[{"name":"wp","href":"https:\/\/api.w.org\/{rel}","templated":true}]}}