{"id":70446,"date":"2020-04-29T20:49:13","date_gmt":"2020-04-29T20:49:13","guid":{"rendered":"http:\/\/folhadosudeste.com\/site\/?p=70446"},"modified":"2020-04-29T20:49:13","modified_gmt":"2020-04-29T20:49:13","slug":"energisa-realiza-festival-de-lives-com-shows-espetaculos-de-danca-e-filmes","status":"publish","type":"post","link":"http:\/\/folhadosudeste.com\/site\/?p=70446","title":{"rendered":"Energisa realiza festival de lives com shows, espet\u00e1culos de dan\u00e7a e filmes"},"content":{"rendered":"<ul style=\"font-weight: 400;\">\n<li style=\"text-align: justify;\"><strong>Festival Fique em Cena promove transmiss\u00f5es ao vivo de 1 a 8 de maio para arrecadar recursos para m\u00fasicos locais&nbsp;<\/strong><\/li>\n<li style=\"text-align: justify;\"><strong>Evento conta ainda com shows de Emmerson Nogueira e Otto, espet\u00e1culo do Grupo Corpo e exibi\u00e7\u00e3o de filme com Lilia Cabral<\/strong><\/li>\n<\/ul>\n<p style=\"font-weight: 400; text-align: justify;\">O Grupo Energisa promove entre os dias 1 e 8 de maio o Festival Fique em Cena, que vai transmitir apresenta\u00e7\u00f5es musicais de bandas e artistas brasileiros ao vivo pelo seu canal no&nbsp;<em>You Tube<\/em>. O evento faz parte do Movimento Energia do Bem, liderado pela empresa, e tem um canal de doa\u00e7\u00f5es para que os espectadores contribuam financeiramente com os artistas locais da Zona da Mata mineira, Jo\u00e3o Pessoa (PB) e Nova Friburgo (RJ) que precisaram interromper os concertos nas Usinas Culturais da empresa por causa das medidas de combate \u00e0 Covid-19. Na descri\u00e7\u00e3o de cada transmiss\u00e3o, haver\u00e1 um&nbsp;<em>link<\/em>&nbsp;para a plataforma de financiamento coletivo da Evo\u00e9, onde o p\u00fablico poder\u00e1 efetuar as doa\u00e7\u00f5es.<\/p>\n<p><!--more--><\/p>\n<p style=\"font-weight: 400; text-align: justify;\">Ao longo do Festival, a plataforma digital&nbsp;<a href=\"http:\/\/www.poloaudiovisual.tv\/\" data-saferedirecturl=\"https:\/\/www.google.com\/url?hl=pt-BR&amp;q=http:\/\/www.poloaudiovisual.tv&amp;source=gmail&amp;ust=1588279656620000&amp;usg=AFQjCNE9q9u3oq2nUgk-vOz0t0ekwaVIHg\">www.poloaudiovisual.tv<\/a>&nbsp;ter\u00e1 em destaque o espet\u00e1culo \u201cDan\u00e7a Sinf\u00f4nica\u201d, do Grupo Corpo, Marco Ant\u00f4nio Guimar\u00e3es e da Orquestra Sinf\u00f4nica de Minas Gerais; os concertos da Orquestra Ouro Preto \u201cQuem perguntou por mim\u201d, em homenagem a Fernando Brant, e \u201cValencianas\u201d, com Alceu Valen\u00e7a; e a exibi\u00e7\u00e3o do longa-metragem \u201cMaria do Carit\u00f3\u201d, protagonizado pela atriz Lilia Cabral. J\u00e1 no encerramento do evento, no dia 8 de maio, o p\u00fablico poder\u00e1 contar com uma programa\u00e7\u00e3o especial com apresenta\u00e7\u00f5es ao vivo de Emmerson Nogueira, Otto, Dudu Lima, Aline Calixto, Sandra da Portela e Pereira da Viola.<\/p>\n<p style=\"font-weight: 400; text-align: justify;\">Daniele Salom\u00e3o, vice-presidente de Gente e Gest\u00e3o do Grupo Energisa, explica que o evento fortalece o meio art\u00edstico e o p\u00fablico. \u201cCom as medidas de isolamento social para evitar a propaga\u00e7\u00e3o do novo coronav\u00edrus, os shows programados para as nossas Usinas Culturais precisaram ser cancelados ou adiados. Os artistas tamb\u00e9m ficaram sem o seu p\u00fablico, ent\u00e3o investimos nesse canal de aproxima\u00e7\u00e3o que vai permitir que as pessoas assistam aos shows de casa e ainda possam ajudar os m\u00fasicos das suas regi\u00f5es\u201d, conta a executiva.<\/p>\n<p style=\"font-weight: 400; text-align: justify;\"><strong>Movimento Energia do Bem<\/strong><strong>&nbsp;<\/strong><\/p>\n<p style=\"font-weight: 400; text-align: justify;\">O Fique em Cena integra o Movimento Energia do Bem, liderado pela Energisa junto com 13 parceiros para viabilizar a\u00e7\u00f5es emergenciais que ajudem a superar a crise humanit\u00e1ria provocada pela pandemia nos 11 estados onde atua. As iniciativas incluem doa\u00e7\u00e3o e manuten\u00e7\u00e3o de ventiladores pulmonares, obras el\u00e9tricas em unidades p\u00fablicas de sa\u00fade e a capta\u00e7\u00e3o de recursos para assist\u00eancia a idosos. Tamb\u00e9m foi criado o portal Energia do Bem, com informa\u00e7\u00f5es confi\u00e1veis sobre a doen\u00e7a e conte\u00fado para reduzir os impactos do isolamento social, como a mostra Cine Fique em Casa, que funciona na plataforma&nbsp;<a href=\"http:\/\/www.poloaudiovisual.tv\/\" data-saferedirecturl=\"https:\/\/www.google.com\/url?hl=pt-BR&amp;q=http:\/\/www.poloaudiovisual.tv&amp;source=gmail&amp;ust=1588279656620000&amp;usg=AFQjCNE9q9u3oq2nUgk-vOz0t0ekwaVIHg\">www.poloaudiovisual.tv<\/a>. Trata-se de um servi\u00e7o de streaming gratuito com filmes nacionais produzidos no Polo Audiovisual da Zona da Mata (MG) e em outras regi\u00f5es do pa\u00eds, todos patrocinados pela Energisa. O canal \u00e9 fruto de uma parceria com o Instituto F\u00e1brica do Futuro e a empresa Samba Tech e possui um cat\u00e1logo de 45 t\u00edtulos, entre longas, curtas, s\u00e9ries, videoclipes e podcasts.<u>&nbsp;<\/u><\/p>\n<p style=\"font-weight: 400; text-align: justify;\"><u>Veja a programa\u00e7\u00e3o dos 3 primeiros dias do Festival (agenda dos pr\u00f3ximos dias em fechamento)<\/u>:<\/p>\n<p style=\"font-weight: 400; text-align: justify;\"><strong>1\/05 (sexta) \u2013 A partir de 19h<\/strong><\/p>\n<ul style=\"font-weight: 400; text-align: justify;\">\n<li>C\u00e1tia de Fran\u00e7a (PB)<\/li>\n<li>Leo Viramundo (RJ)<\/li>\n<li>Surfa (MG)<\/li>\n<li>Cabru\u00eara (PB)<\/li>\n<li>Pereira da Viola (MG)<\/li>\n<\/ul>\n<p style=\"font-weight: 400; text-align: justify;\"><strong>2\/05 (s\u00e1bado) \u2013 A partir de 18h30<\/strong><\/p>\n<ul style=\"font-weight: 400; text-align: justify;\">\n<li>Caru de Souza (RJ)<\/li>\n<li>Rodrigo D&#8217;S\u00e1 &amp; Os Serafins(MG)<\/li>\n<li>Totonho (PB)<\/li>\n<li>Renato Barushi (MG)<\/li>\n<li>Wister (PB)<\/li>\n<li>Nathalia Bellar (PB)<\/li>\n<\/ul>\n<p style=\"font-weight: 400; text-align: justify;\"><strong>3\/05 (domingo) \u2013 A partir de 18h30<\/strong><\/p>\n<table style=\"font-weight: 400;\" width=\"656\">\n<tbody>\n<tr>\n<td width=\"656\">\n<ul>\n<li>Sandra da Portela (RJ)<\/li>\n<\/ul>\n<\/td>\n<\/tr>\n<tr>\n<td width=\"656\">\n<ul>\n<li>Roger Resende (MG)<\/li>\n<\/ul>\n<\/td>\n<\/tr>\n<tr>\n<td width=\"656\">\n<ul>\n<li>Carol Ferraz (MG)<\/li>\n<\/ul>\n<\/td>\n<\/tr>\n<tr>\n<td width=\"656\">\n<ul>\n<li>Luana Flores (PB)<\/li>\n<\/ul>\n<\/td>\n<\/tr>\n<tr>\n<td width=\"656\">\n<ul>\n<li>Os Gonzagas (PB)<\/li>\n<\/ul>\n<\/td>\n<\/tr>\n<tr>\n<td width=\"656\">\n<ul>\n<li>Poliana Rezende (PB)<\/li>\n<\/ul>\n<\/td>\n<\/tr>\n<\/tbody>\n<\/table>\n<p style=\"font-weight: 400; text-align: justify;\"><strong>&nbsp;<\/strong><\/p>\n<ul style=\"font-weight: 400; text-align: justify;\">\n<li><strong>Transmiss\u00f5es:&nbsp;<\/strong><u><a href=\"http:\/\/www.youtube.com\/energisaoficial\" data-saferedirecturl=\"https:\/\/www.google.com\/url?hl=pt-BR&amp;q=http:\/\/www.youtube.com\/energisaoficial&amp;source=gmail&amp;ust=1588279656620000&amp;usg=AFQjCNGM5EoeCt_oZWEOr69TL27I8GmOxw\">www.youtube.com\/energisaoficial<\/a>&nbsp;&nbsp;<strong>&nbsp;<\/strong><\/u><\/li>\n<li><strong>Doa\u00e7\u00f5es:&nbsp;<\/strong><a href=\"http:\/\/www.evoe.cc\/festivalfiqueemcasa\" data-saferedirecturl=\"https:\/\/www.google.com\/url?hl=pt-BR&amp;q=http:\/\/www.evoe.cc\/festivalfiqueemcasa&amp;source=gmail&amp;ust=1588279656620000&amp;usg=AFQjCNGSz1APC2SmOncK8gEHSKpwD-BvQQ\">www.evoe.cc\/festivalfiqueemcasa<\/a>&nbsp;&nbsp;<\/li>\n<li><strong>Movimento Energia do Bem:&nbsp;<\/strong><a href=\"http:\/\/www.movimentoenergiadobem.com.br\/\" data-saferedirecturl=\"https:\/\/www.google.com\/url?hl=pt-BR&amp;q=http:\/\/www.movimentoenergiadobem.com.br&amp;source=gmail&amp;ust=1588279656620000&amp;usg=AFQjCNHrwTbXLbWg3__cYF0Wpa0fdGJE1g\">www.movimentoenergiadobem.com.br<\/a>&nbsp;<strong>&nbsp;<\/strong><\/li>\n<li><strong>Polo Audiovisual<\/strong>:&nbsp;<a href=\"http:\/\/www.poloaudiovisual.tv\/\" data-saferedirecturl=\"https:\/\/www.google.com\/url?hl=pt-BR&amp;q=http:\/\/www.poloaudiovisual.tv&amp;source=gmail&amp;ust=1588279656620000&amp;usg=AFQjCNE9q9u3oq2nUgk-vOz0t0ekwaVIHg\">www.poloaudiovisual.tv<\/a><strong>&nbsp;<\/strong><\/li>\n<\/ul>\n<p style=\"font-weight: 400; text-align: justify;\"><strong><em>Sobre a Energisa<\/em><\/strong><em>&nbsp;<\/em><\/p>\n<p style=\"font-weight: 400; text-align: justify;\"><em>Com 115 anos de hist\u00f3ria, o Grupo Energisa \u00e9 o 5\u00ba maior em distribui\u00e7\u00e3o de energia el\u00e9trica. Uma das primeiras empresas a abrir capital no Brasil, a companhia controla 11 distribuidoras em Minas Gerais, Para\u00edba, Rio de Janeiro, Sergipe, Mato Grosso, Mato Grosso do Sul, Tocantins, S\u00e3o Paulo, Paran\u00e1, Rond\u00f4nia e Acre. Com receita l\u00edquida anual de R$ 16,9 bilh\u00f5es (ano 2019), o Grupo atende a 7,8 milh\u00f5es de clientes (o que representa uma popula\u00e7\u00e3o atendida de quase 20 milh\u00f5es de pessoas) em 862 munic\u00edpios de todas as regi\u00f5es do Brasil, al\u00e9m de gerar aproximadamente 19 mil empregos diretos e indiretos.<\/em><em>&nbsp;<\/em><\/p>\n<p style=\"font-weight: 400; text-align: justify;\"><em>Com a miss\u00e3o de transformar energia em conforto, desenvolvimento e oportunidades de forma sustent\u00e1vel, respons\u00e1vel e \u00e9tica, a Energisa atua com um portf\u00f3lio diversificado que engloba distribui\u00e7\u00e3o, gera\u00e7\u00e3o, transmiss\u00e3o, servi\u00e7os para o setor el\u00e9trico (Energisa Solu\u00e7\u00f5es), servi\u00e7os especializados de Call Center (Multi Energisa), comercializa\u00e7\u00e3o de energia (Energisa Comercializadora) e solu\u00e7\u00f5es em energias renov\u00e1veis (Alsol).<\/em><\/p>\n","protected":false},"excerpt":{"rendered":"<p>Festival Fique em Cena promove transmiss\u00f5es ao vivo de 1 a 8 de maio para arrecadar recursos para m\u00fasicos locais&nbsp; Evento conta ainda com shows de Emmerson Nogueira e Otto, espet\u00e1culo do Grupo Corpo e exibi\u00e7\u00e3o de filme com Lilia Cabral O Grupo Energisa promove entre os dias 1 e 8 de maio o Festival [&hellip;]<\/p>\n","protected":false},"author":6,"featured_media":0,"comment_status":"open","ping_status":"closed","sticky":false,"template":"","format":"standard","meta":{"_joinchat":[],"footnotes":""},"categories":[1],"tags":[],"class_list":["post-70446","post","type-post","status-publish","format-standard","hentry","category-sem-categoria"],"_links":{"self":[{"href":"http:\/\/folhadosudeste.com\/site\/index.php?rest_route=\/wp\/v2\/posts\/70446","targetHints":{"allow":["GET"]}}],"collection":[{"href":"http:\/\/folhadosudeste.com\/site\/index.php?rest_route=\/wp\/v2\/posts"}],"about":[{"href":"http:\/\/folhadosudeste.com\/site\/index.php?rest_route=\/wp\/v2\/types\/post"}],"author":[{"embeddable":true,"href":"http:\/\/folhadosudeste.com\/site\/index.php?rest_route=\/wp\/v2\/users\/6"}],"replies":[{"embeddable":true,"href":"http:\/\/folhadosudeste.com\/site\/index.php?rest_route=%2Fwp%2Fv2%2Fcomments&post=70446"}],"version-history":[{"count":1,"href":"http:\/\/folhadosudeste.com\/site\/index.php?rest_route=\/wp\/v2\/posts\/70446\/revisions"}],"predecessor-version":[{"id":70447,"href":"http:\/\/folhadosudeste.com\/site\/index.php?rest_route=\/wp\/v2\/posts\/70446\/revisions\/70447"}],"wp:attachment":[{"href":"http:\/\/folhadosudeste.com\/site\/index.php?rest_route=%2Fwp%2Fv2%2Fmedia&parent=70446"}],"wp:term":[{"taxonomy":"category","embeddable":true,"href":"http:\/\/folhadosudeste.com\/site\/index.php?rest_route=%2Fwp%2Fv2%2Fcategories&post=70446"},{"taxonomy":"post_tag","embeddable":true,"href":"http:\/\/folhadosudeste.com\/site\/index.php?rest_route=%2Fwp%2Fv2%2Ftags&post=70446"}],"curies":[{"name":"wp","href":"https:\/\/api.w.org\/{rel}","templated":true}]}}