{"id":70448,"date":"2020-04-29T20:51:52","date_gmt":"2020-04-29T20:51:52","guid":{"rendered":"http:\/\/folhadosudeste.com\/site\/?p=70448"},"modified":"2020-04-29T20:52:33","modified_gmt":"2020-04-29T20:52:33","slug":"funcionamento-da-prefeitura-de-muriae-para-o-feriado-do-dia-do-trabalhador","status":"publish","type":"post","link":"http:\/\/folhadosudeste.com\/site\/?p=70448","title":{"rendered":"Funcionamento da Prefeitura de Muria\u00e9 para o feriado do Dia do Trabalhador"},"content":{"rendered":"<p><a href=\"http:\/\/folhadosudeste.com\/site\/wp-content\/uploads\/2020\/04\/Muria\u00e9-02.jpg\"><img loading=\"lazy\" decoding=\"async\" class=\"alignnone size-full wp-image-70449\" src=\"http:\/\/folhadosudeste.com\/site\/wp-content\/uploads\/2020\/04\/Muria\u00e9-02.jpg\" alt=\"\" width=\"2048\" height=\"1152\" srcset=\"http:\/\/folhadosudeste.com\/site\/wp-content\/uploads\/2020\/04\/Muria\u00e9-02.jpg 2048w, http:\/\/folhadosudeste.com\/site\/wp-content\/uploads\/2020\/04\/Muria\u00e9-02-300x169.jpg 300w, http:\/\/folhadosudeste.com\/site\/wp-content\/uploads\/2020\/04\/Muria\u00e9-02-768x432.jpg 768w, http:\/\/folhadosudeste.com\/site\/wp-content\/uploads\/2020\/04\/Muria\u00e9-02-1024x576.jpg 1024w\" sizes=\"auto, (max-width: 2048px) 100vw, 2048px\" \/><\/a><\/p>\n<p style=\"text-align: justify;\"><i>Expediente acontecer\u00e1 at\u00e9 \u00e0s 18h desta quinta-feira (30); funcionamento normal retorna na segunda-feira (4), \u00e0s 12h<u><\/u><u><\/u><\/i>&nbsp;<u><\/u><u><\/u><\/p>\n<p style=\"text-align: justify;\">Devido ao feriado do Dia do Trabalhador (1\u00b0 de maio), haver\u00e1 expediente na Prefeitura de Muria\u00e9 at\u00e9 \u00e0s 18h desta quinta-feira (30). O funcionamento retorna na pr\u00f3xima segunda-feira (4).<u><\/u><u><\/u>&nbsp;<u><\/u><u><\/u><\/p>\n<p style=\"text-align: justify;\">Vale frisar que, para conter despesas para o enfrentamento ao coronav\u00edrus, a Prefeitura est\u00e1 com expediente em turno \u00fanico, das 12h \u00e0s 18h.<u><\/u><u><\/u>&nbsp;<u><\/u><u><\/u><\/p>\n<p><!--more--><\/p>\n<p style=\"text-align: justify;\">Servi\u00e7os considerados essenciais \u00e0 popula\u00e7\u00e3o, como urg\u00eancia e emerg\u00eancia, funcionar\u00e3o normalmente durante o feriado:<u><\/u><u><\/u><\/p>\n<p style=\"text-align: justify;\">\u2013 Coleta de lixo, limpeza urbana e reparos: quaisquer emerg\u00eancia, a popula\u00e7\u00e3o pode entrar em contato com o Departamento Municipal de Saneamento Urbano (Demsur) pelo n\u00famero 115.<u><\/u><u><\/u>&nbsp;<u><\/u><u><\/u><\/p>\n<p style=\"text-align: justify;\">\u2013 Defesa Civil: a Defesa Civil funciona em esquema de plant\u00e3o e pode ser acionada pelo n\u00famero 98826-9846.<u><\/u><u><\/u>&nbsp;<u><\/u><u><\/u><\/p>\n<p style=\"text-align: justify;\">\u2013 Casa Acolhedora: para acolhimento de fam\u00edlias e pessoas em situa\u00e7\u00e3o de rua.<u><\/u><u><\/u><u><\/u>&nbsp;<u><\/u><\/p>\n<p style=\"text-align: justify;\">&#8211; Abordagem Social e Centro Pop: servi\u00e7os podem ser contatados pelos telefones 3728-3877 (Centro Pop) e 98831-6240 (plant\u00e3o).<u><\/u><u><\/u><\/p>\n<p style=\"text-align: justify;\"><em><strong>Foto: Arquivo Prefeitura de Muria\u00e9<\/strong><\/em><\/p>\n","protected":false},"excerpt":{"rendered":"<p>Expediente acontecer\u00e1 at\u00e9 \u00e0s 18h desta quinta-feira (30); funcionamento normal retorna na segunda-feira (4), \u00e0s 12h&nbsp; Devido ao feriado do Dia do Trabalhador (1\u00b0 de maio), haver\u00e1 expediente na Prefeitura de Muria\u00e9 at\u00e9 \u00e0s 18h desta quinta-feira (30). O funcionamento retorna na pr\u00f3xima segunda-feira (4).&nbsp; Vale frisar que, para conter despesas para o enfrentamento ao [&hellip;]<\/p>\n","protected":false},"author":6,"featured_media":0,"comment_status":"open","ping_status":"closed","sticky":false,"template":"","format":"standard","meta":{"_joinchat":[],"footnotes":""},"categories":[1],"tags":[],"class_list":["post-70448","post","type-post","status-publish","format-standard","hentry","category-sem-categoria"],"_links":{"self":[{"href":"http:\/\/folhadosudeste.com\/site\/index.php?rest_route=\/wp\/v2\/posts\/70448","targetHints":{"allow":["GET"]}}],"collection":[{"href":"http:\/\/folhadosudeste.com\/site\/index.php?rest_route=\/wp\/v2\/posts"}],"about":[{"href":"http:\/\/folhadosudeste.com\/site\/index.php?rest_route=\/wp\/v2\/types\/post"}],"author":[{"embeddable":true,"href":"http:\/\/folhadosudeste.com\/site\/index.php?rest_route=\/wp\/v2\/users\/6"}],"replies":[{"embeddable":true,"href":"http:\/\/folhadosudeste.com\/site\/index.php?rest_route=%2Fwp%2Fv2%2Fcomments&post=70448"}],"version-history":[{"count":2,"href":"http:\/\/folhadosudeste.com\/site\/index.php?rest_route=\/wp\/v2\/posts\/70448\/revisions"}],"predecessor-version":[{"id":70451,"href":"http:\/\/folhadosudeste.com\/site\/index.php?rest_route=\/wp\/v2\/posts\/70448\/revisions\/70451"}],"wp:attachment":[{"href":"http:\/\/folhadosudeste.com\/site\/index.php?rest_route=%2Fwp%2Fv2%2Fmedia&parent=70448"}],"wp:term":[{"taxonomy":"category","embeddable":true,"href":"http:\/\/folhadosudeste.com\/site\/index.php?rest_route=%2Fwp%2Fv2%2Fcategories&post=70448"},{"taxonomy":"post_tag","embeddable":true,"href":"http:\/\/folhadosudeste.com\/site\/index.php?rest_route=%2Fwp%2Fv2%2Ftags&post=70448"}],"curies":[{"name":"wp","href":"https:\/\/api.w.org\/{rel}","templated":true}]}}