{"id":70470,"date":"2020-04-29T21:18:24","date_gmt":"2020-04-29T21:18:24","guid":{"rendered":"http:\/\/folhadosudeste.com\/site\/?p=70470"},"modified":"2020-04-29T21:18:24","modified_gmt":"2020-04-29T21:18:24","slug":"com-mais-tres-positivos-sobe-para-11-numero-de-casos-confirmados-de-coronavirus","status":"publish","type":"post","link":"http:\/\/folhadosudeste.com\/site\/?p=70470","title":{"rendered":"COM MAIS TR\u00caS POSITIVOS, SOBE PARA 11 N\u00daMERO DE CASOS CONFIRMADOS DE CORONAV\u00cdRUS"},"content":{"rendered":"<p><a href=\"http:\/\/folhadosudeste.com\/site\/wp-content\/uploads\/2020\/04\/INFORMA\u00c7\u00d5ES-OFICIAIS.png\"><img loading=\"lazy\" decoding=\"async\" class=\"alignnone size-full wp-image-70472\" src=\"http:\/\/folhadosudeste.com\/site\/wp-content\/uploads\/2020\/04\/INFORMA\u00c7\u00d5ES-OFICIAIS.png\" alt=\"\" width=\"2048\" height=\"666\" srcset=\"http:\/\/folhadosudeste.com\/site\/wp-content\/uploads\/2020\/04\/INFORMA\u00c7\u00d5ES-OFICIAIS.png 2048w, http:\/\/folhadosudeste.com\/site\/wp-content\/uploads\/2020\/04\/INFORMA\u00c7\u00d5ES-OFICIAIS-300x98.png 300w, http:\/\/folhadosudeste.com\/site\/wp-content\/uploads\/2020\/04\/INFORMA\u00c7\u00d5ES-OFICIAIS-768x250.png 768w, http:\/\/folhadosudeste.com\/site\/wp-content\/uploads\/2020\/04\/INFORMA\u00c7\u00d5ES-OFICIAIS-1024x333.png 1024w\" sizes=\"auto, (max-width: 2048px) 100vw, 2048px\" \/><\/a><\/p>\n<!--[if lt IE 9]><script>document.createElement('audio');<\/script><![endif]-->\n<audio class=\"wp-audio-shortcode\" id=\"audio-70470-1\" preload=\"none\" style=\"width: 100%;\" controls=\"controls\"><source type=\"audio\/mpeg\" src=\"http:\/\/folhadosudeste.com\/site\/wp-content\/uploads\/2020\/04\/Recording_1588171559643.mp3?_=1\" \/><a href=\"http:\/\/folhadosudeste.com\/site\/wp-content\/uploads\/2020\/04\/Recording_1588171559643.mp3\">http:\/\/folhadosudeste.com\/site\/wp-content\/uploads\/2020\/04\/Recording_1588171559643.mp3<\/a><\/audio>\n<p style=\"text-align: justify;\"><em>N\u00e3o h\u00e1 \u00f3bito registrado por covid-19 em Muria\u00e9. Casos suspeitos diminuem para 48<\/em><\/p>\n<p style=\"text-align: justify;\">Muria\u00e9 possui mais tr\u00eas casos positivos de coronav\u00edrus, fazendo com que o n\u00famero de casos confirmados suba para 11 na cidade. As amostras s\u00e3o de uma mulher de 31 anos e de um homem de 49 anos, ambos residentes na cidade. O paciente do sexo masculino realizou o teste de forma particular e est\u00e1 totalmente assintom\u00e1tico. A paciente de 31 anos est\u00e1 sendo monitorada.<\/p>\n<p style=\"text-align: justify;\">O terceiro caso se refere a um profissional de sa\u00fade muriaeense que atua como m\u00e9dico no Rio de Janeiro. H\u00e1 oito dias ele iniciou com sintomas gripais e, desde ent\u00e3o, foi afastado da fun\u00e7\u00e3o e tentava fazer o teste na rede particular daquele estado. Como n\u00e3o conseguiu fazer o exame no Rio devido \u00e0 alta demanda, veio para Muria\u00e9, onde permanece em isolamento domiciliar e sendo monitorado pela Aten\u00e7\u00e3o B\u00e1sica, assim como sua fam\u00edlia. Aqui na cidade, colheu amostra em laborat\u00f3rio particular, a qual testou positivo.<\/p>\n<p><!--more--><\/p>\n<p style=\"text-align: justify;\">J\u00e1 o n\u00famero de casos suspeitos teve uma queda de ontem para hoje. Nesta ter\u00e7a-feira (28), a cidade possui tr\u00eas casos em investiga\u00e7\u00e3o (todos de Muria\u00e9), com amostras sendo analisadas pela Funed, e 45 em observa\u00e7\u00e3o, ou seja, casos leves de s\u00edndrome gripal monitorados pela Secretaria Municipal de Sa\u00fade \u2013 ou seja, um total de 48 notifica\u00e7\u00f5es ativas, tr\u00eas a menos do que nesta segunda-feira, quando eram contabilizadas 51.<\/p>\n<p style=\"text-align: justify;\">Os tr\u00eas casos em investiga\u00e7\u00e3o est\u00e3o com amostras sendo avaliadas pela Funed, o \u00fanico laborat\u00f3rio do SUS em Minas Gerais que est\u00e1 realizando testes de covid-19. Os resultados t\u00eam previs\u00e3o de serem divulgados entre oito e dez dias \u00fateis. J\u00e1 o monitoramento dos 45 casos em observa\u00e7\u00e3o est\u00e1 sendo feito a cada 48 horas por telefone, conforme preconiza o protocolo do Minist\u00e9rio da Sa\u00fade.<\/p>\n<p style=\"text-align: justify;\">Importante frisar que, de acordo com normas t\u00e9cnicas da Secretaria de Estado de Sa\u00fade, apenas os casos graves e hospitalizados de s\u00edndrome respirat\u00f3ria aguda grave t\u00eam as amostras analisadas. Por\u00e9m, em todos os casos, com ou sem coleta de material, os cuidados est\u00e3o sendo tomados como se fossem um caso positivo.<\/p>\n<p style=\"text-align: justify;\">Dos 11 casos confirmados, oito j\u00e1 tiveram alta por cura. Ao todo, 142 pacientes tiveram monitoramento encerrado por parte da SMS. Al\u00e9m disso, n\u00e3o h\u00e1 \u00f3bito registrado no munic\u00edpio tendo o covid-19 como causa.<\/p>\n","protected":false},"excerpt":{"rendered":"<p>N\u00e3o h\u00e1 \u00f3bito registrado por covid-19 em Muria\u00e9. Casos suspeitos diminuem para 48 Muria\u00e9 possui mais tr\u00eas casos positivos de coronav\u00edrus, fazendo com que o n\u00famero de casos confirmados suba para 11 na cidade. As amostras s\u00e3o de uma mulher de 31 anos e de um homem de 49 anos, ambos residentes na cidade. O [&hellip;]<\/p>\n","protected":false},"author":6,"featured_media":0,"comment_status":"open","ping_status":"closed","sticky":false,"template":"","format":"standard","meta":{"_joinchat":[],"footnotes":""},"categories":[1],"tags":[],"class_list":["post-70470","post","type-post","status-publish","format-standard","hentry","category-sem-categoria"],"_links":{"self":[{"href":"http:\/\/folhadosudeste.com\/site\/index.php?rest_route=\/wp\/v2\/posts\/70470","targetHints":{"allow":["GET"]}}],"collection":[{"href":"http:\/\/folhadosudeste.com\/site\/index.php?rest_route=\/wp\/v2\/posts"}],"about":[{"href":"http:\/\/folhadosudeste.com\/site\/index.php?rest_route=\/wp\/v2\/types\/post"}],"author":[{"embeddable":true,"href":"http:\/\/folhadosudeste.com\/site\/index.php?rest_route=\/wp\/v2\/users\/6"}],"replies":[{"embeddable":true,"href":"http:\/\/folhadosudeste.com\/site\/index.php?rest_route=%2Fwp%2Fv2%2Fcomments&post=70470"}],"version-history":[{"count":1,"href":"http:\/\/folhadosudeste.com\/site\/index.php?rest_route=\/wp\/v2\/posts\/70470\/revisions"}],"predecessor-version":[{"id":70473,"href":"http:\/\/folhadosudeste.com\/site\/index.php?rest_route=\/wp\/v2\/posts\/70470\/revisions\/70473"}],"wp:attachment":[{"href":"http:\/\/folhadosudeste.com\/site\/index.php?rest_route=%2Fwp%2Fv2%2Fmedia&parent=70470"}],"wp:term":[{"taxonomy":"category","embeddable":true,"href":"http:\/\/folhadosudeste.com\/site\/index.php?rest_route=%2Fwp%2Fv2%2Fcategories&post=70470"},{"taxonomy":"post_tag","embeddable":true,"href":"http:\/\/folhadosudeste.com\/site\/index.php?rest_route=%2Fwp%2Fv2%2Ftags&post=70470"}],"curies":[{"name":"wp","href":"https:\/\/api.w.org\/{rel}","templated":true}]}}