{"id":70485,"date":"2020-04-30T17:13:21","date_gmt":"2020-04-30T17:13:21","guid":{"rendered":"http:\/\/folhadosudeste.com\/site\/?p=70485"},"modified":"2020-04-30T17:13:21","modified_gmt":"2020-04-30T17:13:21","slug":"muriae-tem-campanha-de-conscientizacao-antes-de-reabertura-do-comercio","status":"publish","type":"post","link":"http:\/\/folhadosudeste.com\/site\/?p=70485","title":{"rendered":"MURIA\u00c9 TEM CAMPANHA DE CONSCIENTIZA\u00c7\u00c3O ANTES DE REABERTURA DO COM\u00c9RCIO"},"content":{"rendered":"<p><a href=\"http:\/\/folhadosudeste.com\/site\/wp-content\/uploads\/2020\/04\/conscientiza\u00e7\u00e3o.png\"><img loading=\"lazy\" decoding=\"async\" class=\"alignnone size-full wp-image-70486\" src=\"http:\/\/folhadosudeste.com\/site\/wp-content\/uploads\/2020\/04\/conscientiza\u00e7\u00e3o.png\" alt=\"\" width=\"930\" height=\"391\" srcset=\"http:\/\/folhadosudeste.com\/site\/wp-content\/uploads\/2020\/04\/conscientiza\u00e7\u00e3o.png 930w, http:\/\/folhadosudeste.com\/site\/wp-content\/uploads\/2020\/04\/conscientiza\u00e7\u00e3o-300x126.png 300w, http:\/\/folhadosudeste.com\/site\/wp-content\/uploads\/2020\/04\/conscientiza\u00e7\u00e3o-768x323.png 768w\" sizes=\"auto, (max-width: 930px) 100vw, 930px\" \/><\/a><\/p>\n<p style=\"text-align: justify;\">A Prefeitura de Muria\u00e9 iniciou nesta quinta-feira, dia 30 de abril, a campanha \u201cMuria\u00e9 Mais Consciente \u2013 Todos Contra o Coronav\u00edrus\u201d.<\/p>\n<p style=\"text-align: justify;\">A iniciativa consiste na conscientiza\u00e7\u00e3o de lojistas e consumidores para a transi\u00e7\u00e3o do distanciamento social ampliado para o seletivo, considerado mais brando. A retomada das atividades comerciais j\u00e1 foi autorizada pelo comit\u00ea gestor da covid-19 e come\u00e7ar\u00e1 a valer no pr\u00f3ximo s\u00e1bado, dia 2 de maio.<\/p>\n<p><!--more--><\/p>\n<p style=\"text-align: justify;\">Para desenvolver a campanha, funcion\u00e1rios devidamente uniformizados e protegidos com equipamentos individuais est\u00e3o nas ruas. As equipes de trabalho levam orienta\u00e7\u00f5es sobre como cada um pode fazer sua parte na luta contra o coronav\u00edrus.<\/p>\n<p style=\"text-align: justify;\">Tamb\u00e9m est\u00e3o sendo disponibilizados cartazes aos lojistas, para serem afixados na entrada de cada estabelecimento, contendo avisos e orienta\u00e7\u00f5es aos propriet\u00e1rios, funcion\u00e1rios e clientes.<\/p>\n<p style=\"text-align: justify;\">Vale lembrar que, de acordo com a lei estadual n\u00famero 23.636\/2020, \u00e9 obrigat\u00f3rio o uso de m\u00e1scaras no interior de todos os locais em funcionamento. Os comerciantes tamb\u00e9m devem disponibilizar \u00e1lcool 70% gratuitamente na entrada do estabelecimento.<\/p>\n<p style=\"text-align: justify;\">\u201cCom esta a\u00e7\u00e3o, queremos avan\u00e7ar na retomada econ\u00f4mica em Muria\u00e9, mas sem abrir m\u00e3o do cuidado com a sa\u00fade das pessoas\u201d, pontua o prefeito Grego, que \u00e9 tamb\u00e9m presidente do comit\u00ea gestor. \u201cMas, para todos que puderem, a principal recomenda\u00e7\u00e3o continua sendo a de ficar em casa\u201d, acrescenta.<\/p>\n","protected":false},"excerpt":{"rendered":"<p>A Prefeitura de Muria\u00e9 iniciou nesta quinta-feira, dia 30 de abril, a campanha \u201cMuria\u00e9 Mais Consciente \u2013 Todos Contra o Coronav\u00edrus\u201d. A iniciativa consiste na conscientiza\u00e7\u00e3o de lojistas e consumidores para a transi\u00e7\u00e3o do distanciamento social ampliado para o seletivo, considerado mais brando. A retomada das atividades comerciais j\u00e1 foi autorizada pelo comit\u00ea gestor da [&hellip;]<\/p>\n","protected":false},"author":6,"featured_media":0,"comment_status":"open","ping_status":"closed","sticky":false,"template":"","format":"standard","meta":{"_joinchat":[],"footnotes":""},"categories":[1],"tags":[],"class_list":["post-70485","post","type-post","status-publish","format-standard","hentry","category-sem-categoria"],"_links":{"self":[{"href":"http:\/\/folhadosudeste.com\/site\/index.php?rest_route=\/wp\/v2\/posts\/70485","targetHints":{"allow":["GET"]}}],"collection":[{"href":"http:\/\/folhadosudeste.com\/site\/index.php?rest_route=\/wp\/v2\/posts"}],"about":[{"href":"http:\/\/folhadosudeste.com\/site\/index.php?rest_route=\/wp\/v2\/types\/post"}],"author":[{"embeddable":true,"href":"http:\/\/folhadosudeste.com\/site\/index.php?rest_route=\/wp\/v2\/users\/6"}],"replies":[{"embeddable":true,"href":"http:\/\/folhadosudeste.com\/site\/index.php?rest_route=%2Fwp%2Fv2%2Fcomments&post=70485"}],"version-history":[{"count":1,"href":"http:\/\/folhadosudeste.com\/site\/index.php?rest_route=\/wp\/v2\/posts\/70485\/revisions"}],"predecessor-version":[{"id":70487,"href":"http:\/\/folhadosudeste.com\/site\/index.php?rest_route=\/wp\/v2\/posts\/70485\/revisions\/70487"}],"wp:attachment":[{"href":"http:\/\/folhadosudeste.com\/site\/index.php?rest_route=%2Fwp%2Fv2%2Fmedia&parent=70485"}],"wp:term":[{"taxonomy":"category","embeddable":true,"href":"http:\/\/folhadosudeste.com\/site\/index.php?rest_route=%2Fwp%2Fv2%2Fcategories&post=70485"},{"taxonomy":"post_tag","embeddable":true,"href":"http:\/\/folhadosudeste.com\/site\/index.php?rest_route=%2Fwp%2Fv2%2Ftags&post=70485"}],"curies":[{"name":"wp","href":"https:\/\/api.w.org\/{rel}","templated":true}]}}