{"id":70501,"date":"2020-05-05T13:29:43","date_gmt":"2020-05-05T13:29:43","guid":{"rendered":"http:\/\/folhadosudeste.com\/site\/?p=70501"},"modified":"2020-05-05T13:29:43","modified_gmt":"2020-05-05T13:29:43","slug":"rotativo-volta-nesta-quarta-em-muriae","status":"publish","type":"post","link":"http:\/\/folhadosudeste.com\/site\/?p=70501","title":{"rendered":"Rotativo volta nesta quarta em Muria\u00e9"},"content":{"rendered":"<div><img decoding=\"async\" src=\"http:\/\/folhadosudeste.com\/site\/wp-content\/uploads\/2020\/03\/img-6756.jpg\"><\/div>\n<div style=\"text-align: justify;\">A \u00c1rea Azul volta a valer em Muria\u00e9 a partir desta quarta-feira, dia 6 de maio. A retomada do estacionamento rotativo nas ruas da cidade foi definida pelo comit\u00ea gestor da covid-19 e se d\u00e1 em raz\u00e3o da flexibiliza\u00e7\u00e3o das medidas de distanciamento social.<\/div>\n<div style=\"text-align: justify;\">&nbsp;<\/div>\n<div style=\"text-align: justify;\">O rein\u00edcio da \u00c1rea Azul tem o objetivo de facilitar e democratizar a busca por vagas para estacionar. Portanto, o hor\u00e1rio do rotativo ser\u00e1 o mesmo de funcionamento do com\u00e9rcio: de segunda a sexta-feira, das 12h \u00e0s 18h, e aos s\u00e1bados, das 8h \u00e0s 14h.<\/div>\n<div style=\"text-align: justify;\">&nbsp;<\/div>\n<div style=\"text-align: justify;\">Vale lembrar que a cobran\u00e7a \u00e9 de R$1 para cada 30 minutos e o tempo m\u00e1ximo de perman\u00eancia permitido em uma mesma vaga \u00e9 de at\u00e9 tr\u00eas horas. Os tickets eletr\u00f4nicos podem ser comprados pelo aplicativo Digipare, em estabelecimentos comerciais credenciados ou junto aos funcion\u00e1rios da \u00c1rea Azul.<\/div>\n<div style=\"text-align: justify;\">&nbsp;<\/div>\n<div style=\"text-align: justify;\"><strong>Exce\u00e7\u00e3o &#8211;<\/strong>&nbsp;Em virtude das obras de drenagem pluvial que est\u00e3o ocorrendo na Barra, n\u00e3o haver\u00e1 cobran\u00e7a de rotativo na Avenida Monteiro de Castro.&nbsp;<\/div>\n<div class=\"yj6qo\" style=\"text-align: justify;\">&nbsp;<\/div>\n","protected":false},"excerpt":{"rendered":"<p>A \u00c1rea Azul volta a valer em Muria\u00e9 a partir desta quarta-feira, dia 6 de maio. A retomada do estacionamento rotativo nas ruas da cidade foi definida pelo comit\u00ea gestor da covid-19 e se d\u00e1 em raz\u00e3o da flexibiliza\u00e7\u00e3o das medidas de distanciamento social. &nbsp; O rein\u00edcio da \u00c1rea Azul tem o objetivo de facilitar [&hellip;]<\/p>\n","protected":false},"author":6,"featured_media":0,"comment_status":"open","ping_status":"closed","sticky":false,"template":"","format":"standard","meta":{"_joinchat":[],"footnotes":""},"categories":[1],"tags":[],"class_list":["post-70501","post","type-post","status-publish","format-standard","hentry","category-sem-categoria"],"_links":{"self":[{"href":"http:\/\/folhadosudeste.com\/site\/index.php?rest_route=\/wp\/v2\/posts\/70501","targetHints":{"allow":["GET"]}}],"collection":[{"href":"http:\/\/folhadosudeste.com\/site\/index.php?rest_route=\/wp\/v2\/posts"}],"about":[{"href":"http:\/\/folhadosudeste.com\/site\/index.php?rest_route=\/wp\/v2\/types\/post"}],"author":[{"embeddable":true,"href":"http:\/\/folhadosudeste.com\/site\/index.php?rest_route=\/wp\/v2\/users\/6"}],"replies":[{"embeddable":true,"href":"http:\/\/folhadosudeste.com\/site\/index.php?rest_route=%2Fwp%2Fv2%2Fcomments&post=70501"}],"version-history":[{"count":1,"href":"http:\/\/folhadosudeste.com\/site\/index.php?rest_route=\/wp\/v2\/posts\/70501\/revisions"}],"predecessor-version":[{"id":70502,"href":"http:\/\/folhadosudeste.com\/site\/index.php?rest_route=\/wp\/v2\/posts\/70501\/revisions\/70502"}],"wp:attachment":[{"href":"http:\/\/folhadosudeste.com\/site\/index.php?rest_route=%2Fwp%2Fv2%2Fmedia&parent=70501"}],"wp:term":[{"taxonomy":"category","embeddable":true,"href":"http:\/\/folhadosudeste.com\/site\/index.php?rest_route=%2Fwp%2Fv2%2Fcategories&post=70501"},{"taxonomy":"post_tag","embeddable":true,"href":"http:\/\/folhadosudeste.com\/site\/index.php?rest_route=%2Fwp%2Fv2%2Ftags&post=70501"}],"curies":[{"name":"wp","href":"https:\/\/api.w.org\/{rel}","templated":true}]}}