{"id":70503,"date":"2020-05-05T13:30:27","date_gmt":"2020-05-05T13:30:27","guid":{"rendered":"http:\/\/folhadosudeste.com\/site\/?p=70503"},"modified":"2020-05-05T13:30:27","modified_gmt":"2020-05-05T13:30:27","slug":"profissionais-e-estagiarios-da-educacao-ja-podem-aderir-a-nova-jornada-de-trabalho","status":"publish","type":"post","link":"http:\/\/folhadosudeste.com\/site\/?p=70503","title":{"rendered":"Profissionais e estagi\u00e1rios da Educa\u00e7\u00e3o j\u00e1 podem aderir \u00e0 nova jornada de trabalho"},"content":{"rendered":"<div><img loading=\"lazy\" decoding=\"async\" class=\"\" src=\"https:\/\/santoslealadvogados.com.br\/site\/wp-content\/uploads\/2018\/03\/direito-do-trbalho.jpg\" alt=\"direito do trbalho\" width=\"1041\" height=\"508\"><\/div>\n<div style=\"text-align: justify;\">Come\u00e7ou na segunda-feira, dia 4 de maio, o per\u00edodo de ades\u00e3o de profissionais e estagi\u00e1rios da Educa\u00e7\u00e3o para as novas jornadas de trabalho que foram propostas pela Prefeitura de Muria\u00e9. O atendimento ser\u00e1 at\u00e9 sexta-feira (8), na Unica (antigo Sesi, no bairro Safira), das 7h30 \u00e0s 11h30.<\/div>\n<div style=\"text-align: justify;\">&nbsp;<\/div>\n<div style=\"text-align: justify;\">Vale lembrar que quem n\u00e3o comparecer para assinar o termo de ades\u00e3o ter\u00e1 o contrato automaticamente cancelado no domingo, dia 10.<\/div>\n<div style=\"text-align: justify;\">&nbsp;<\/div>\n<div style=\"text-align: justify;\">A repactua\u00e7\u00e3o em 50%, valendo para atividades escolares n\u00e3o presenciais, foi a alternativa que a Secretaria Municipal de Educa\u00e7\u00e3o encontrou para evitar a demiss\u00e3o de 633 pessoas, dentre professores, pedagogos, secret\u00e1rios escolares, auxiliares de servi\u00e7os e estagi\u00e1rios.<\/div>\n<div style=\"text-align: justify;\">&nbsp;<\/div>\n<div style=\"text-align: justify;\">As atividades est\u00e3o previstas para iniciarem na pr\u00f3xima segunda-feira, dia 11 de maio, logo ap\u00f3s as f\u00e9rias antecipadas que foram concedidas aos profissionais, tamb\u00e9m como forma de evitar a exonera\u00e7\u00e3o. O modo como as aulas n\u00e3o presenciais v\u00e3o acontecer ser\u00e1 divulgado ao longo desta semana pela secretaria.<\/div>\n","protected":false},"excerpt":{"rendered":"<p>Come\u00e7ou na segunda-feira, dia 4 de maio, o per\u00edodo de ades\u00e3o de profissionais e estagi\u00e1rios da Educa\u00e7\u00e3o para as novas jornadas de trabalho que foram propostas pela Prefeitura de Muria\u00e9. O atendimento ser\u00e1 at\u00e9 sexta-feira (8), na Unica (antigo Sesi, no bairro Safira), das 7h30 \u00e0s 11h30. &nbsp; Vale lembrar que quem n\u00e3o comparecer para [&hellip;]<\/p>\n","protected":false},"author":6,"featured_media":0,"comment_status":"open","ping_status":"closed","sticky":false,"template":"","format":"standard","meta":{"_joinchat":[],"footnotes":""},"categories":[1],"tags":[],"class_list":["post-70503","post","type-post","status-publish","format-standard","hentry","category-sem-categoria"],"_links":{"self":[{"href":"http:\/\/folhadosudeste.com\/site\/index.php?rest_route=\/wp\/v2\/posts\/70503","targetHints":{"allow":["GET"]}}],"collection":[{"href":"http:\/\/folhadosudeste.com\/site\/index.php?rest_route=\/wp\/v2\/posts"}],"about":[{"href":"http:\/\/folhadosudeste.com\/site\/index.php?rest_route=\/wp\/v2\/types\/post"}],"author":[{"embeddable":true,"href":"http:\/\/folhadosudeste.com\/site\/index.php?rest_route=\/wp\/v2\/users\/6"}],"replies":[{"embeddable":true,"href":"http:\/\/folhadosudeste.com\/site\/index.php?rest_route=%2Fwp%2Fv2%2Fcomments&post=70503"}],"version-history":[{"count":1,"href":"http:\/\/folhadosudeste.com\/site\/index.php?rest_route=\/wp\/v2\/posts\/70503\/revisions"}],"predecessor-version":[{"id":70504,"href":"http:\/\/folhadosudeste.com\/site\/index.php?rest_route=\/wp\/v2\/posts\/70503\/revisions\/70504"}],"wp:attachment":[{"href":"http:\/\/folhadosudeste.com\/site\/index.php?rest_route=%2Fwp%2Fv2%2Fmedia&parent=70503"}],"wp:term":[{"taxonomy":"category","embeddable":true,"href":"http:\/\/folhadosudeste.com\/site\/index.php?rest_route=%2Fwp%2Fv2%2Fcategories&post=70503"},{"taxonomy":"post_tag","embeddable":true,"href":"http:\/\/folhadosudeste.com\/site\/index.php?rest_route=%2Fwp%2Fv2%2Ftags&post=70503"}],"curies":[{"name":"wp","href":"https:\/\/api.w.org\/{rel}","templated":true}]}}