{"id":70509,"date":"2020-05-05T13:33:55","date_gmt":"2020-05-05T13:33:55","guid":{"rendered":"http:\/\/folhadosudeste.com\/site\/?p=70509"},"modified":"2020-05-05T13:33:55","modified_gmt":"2020-05-05T13:33:55","slug":"prefeitura-de-muriae-amplia-distribuicao-de-merenda-escolar-durante-periodo-de-quarentena","status":"publish","type":"post","link":"http:\/\/folhadosudeste.com\/site\/?p=70509","title":{"rendered":"Prefeitura de Muria\u00e9 amplia distribui\u00e7\u00e3o de merenda escolar durante per\u00edodo de quarentena"},"content":{"rendered":"<div><img decoding=\"async\" src=\"https:\/\/emc-src.eptv.com.br\/dbimagens\/prefeitura_de_790x444_12122019114450.jpg\" alt=\"Programa Merenda em Casa tem pagamento adiantado - cotidiano ...\"><\/div>\n<div style=\"text-align: justify;\"><em>Desde a \u00faltima semana, kits contendo leite e fontes de carboidrato e prote\u00edna est\u00e3o sendo distribu\u00eddos tamb\u00e9m para crian\u00e7as de quatro e cinco anos<\/em><\/div>\n<div style=\"text-align: justify;\">&nbsp;<\/div>\n<div style=\"text-align: justify;\">Mais crian\u00e7as das creches de Muria\u00e9 est\u00e3o recebendo kits de de merenda durante o per\u00edodo de quarentena nas escolas.&nbsp;A iniciativa, desenvolvida pela Prefeitura atrav\u00e9s da Secretaria Municipal de Educa\u00e7\u00e3o, era exclusiva para alunos de at\u00e9 tr\u00eas anos de idade, mas, desde a \u00faltima semana, se estendeu tamb\u00e9m para quem tem quatro e cinco anos.<\/div>\n<div style=\"text-align: justify;\">&nbsp;<\/div>\n<div style=\"text-align: justify;\">Agora, s\u00e3o cerca de 930 crian\u00e7as recebendo semanalmente os kits &#8211; quase o dobro do total que recebia o benef\u00edcio at\u00e9 ent\u00e3o. Cada kit \u00e9 formado por fontes de carboidrato e de prote\u00edna, al\u00e9m de frutas e tr\u00eas litros de leite. No caso das crian\u00e7as menores, de at\u00e9 tr\u00eas anos, as sacolas cont\u00eam tamb\u00e9m 15 fraldas para serem usadas ao longo da semana.<\/div>\n<p><!--more--><\/p>\n<div style=\"text-align: justify;\">O servi\u00e7o come\u00e7ou em 24 de mar\u00e7o, logo ap\u00f3s a suspens\u00e3o das aulas nas escolas municipais em raz\u00e3o da pandemia provocada pelo novo coronav\u00edrus.&nbsp; O objetivo \u00e9 permitir que as crian\u00e7as continuem tendo direito \u00e0 alimenta\u00e7\u00e3o e aos insumos, mesmo com as atividades escolares paralisadas. Uma a\u00e7\u00e3o que vem ajudando centenas de fam\u00edlias muriaeenses a enfrentarem o per\u00edodo de quarentena com mais tranquilidade.<\/div>\n<div style=\"text-align: justify;\">&nbsp;<\/div>\n<div style=\"text-align: justify;\">A distribui\u00e7\u00e3o dos kits acontece sempre \u00e0s ter\u00e7as-feiras. A retirada pode ser feita pelos pais ou respons\u00e1veis pelos alunos nos seguintes locais:<\/div>\n<div style=\"text-align: justify;\">&nbsp;<\/div>\n<div style=\"text-align: justify;\">Escola Municipal Jos\u00e9 Miguel Muahad (Barra) \u2013 atende tamb\u00e9m as creches do Safira e Napole\u00e3o \/ Vila Cavalier;<\/div>\n<div style=\"text-align: justify;\">Escola Municipal Ionyr Bastos Dias (Padre Tiago) \u2013 atende tamb\u00e9m as creches Porto, Santa Terezinha e S\u00e3o Pedro;<\/div>\n<div style=\"text-align: justify;\">Escola Municipal Maria Quit\u00e9ria Perez Schelb (Primavera \/ S\u00e3o Francisco) \u2013 atende tamb\u00e9m as creches do S\u00e3o Crist\u00f3v\u00e3o e Santo Ant\u00f4nio;<\/div>\n<div style=\"text-align: justify;\">Escola Municipal Stella Fid\u00e9lis (Aeroporto \/ S\u00e3o Jos\u00e9) \u2013 atende apenas a demanda pr\u00f3pria;<\/div>\n<div style=\"text-align: justify;\">Escola Municipal Valdivino dos Santos Mendes (Gaspar) \u2013 atende apenas a demanda pr\u00f3pria;<\/div>\n<div style=\"text-align: justify;\">Escola Municipal Maria do Carmo Cerqueira Castro (Joan\u00f3p\u00f3lis \/ S\u00e3o Joaquim) \u2013 atende apenas a demanda pr\u00f3pria;<\/div>\n<div style=\"text-align: justify;\">Escola Municipal Ermyro Teixeira Siqueira (Vermelho) \u2013 atende apenas a demanda pr\u00f3pria;<\/div>\n<div style=\"text-align: justify;\">Escola Municipal Sylla de Ururahy Mac\u00eado (Pirapanema) \u2013 atende apenas a demanda pr\u00f3pria.<\/div>\n","protected":false},"excerpt":{"rendered":"<p>Desde a \u00faltima semana, kits contendo leite e fontes de carboidrato e prote\u00edna est\u00e3o sendo distribu\u00eddos tamb\u00e9m para crian\u00e7as de quatro e cinco anos &nbsp; Mais crian\u00e7as das creches de Muria\u00e9 est\u00e3o recebendo kits de de merenda durante o per\u00edodo de quarentena nas escolas.&nbsp;A iniciativa, desenvolvida pela Prefeitura atrav\u00e9s da Secretaria Municipal de Educa\u00e7\u00e3o, era [&hellip;]<\/p>\n","protected":false},"author":6,"featured_media":0,"comment_status":"open","ping_status":"closed","sticky":false,"template":"","format":"standard","meta":{"_joinchat":[],"footnotes":""},"categories":[1],"tags":[],"class_list":["post-70509","post","type-post","status-publish","format-standard","hentry","category-sem-categoria"],"_links":{"self":[{"href":"http:\/\/folhadosudeste.com\/site\/index.php?rest_route=\/wp\/v2\/posts\/70509","targetHints":{"allow":["GET"]}}],"collection":[{"href":"http:\/\/folhadosudeste.com\/site\/index.php?rest_route=\/wp\/v2\/posts"}],"about":[{"href":"http:\/\/folhadosudeste.com\/site\/index.php?rest_route=\/wp\/v2\/types\/post"}],"author":[{"embeddable":true,"href":"http:\/\/folhadosudeste.com\/site\/index.php?rest_route=\/wp\/v2\/users\/6"}],"replies":[{"embeddable":true,"href":"http:\/\/folhadosudeste.com\/site\/index.php?rest_route=%2Fwp%2Fv2%2Fcomments&post=70509"}],"version-history":[{"count":1,"href":"http:\/\/folhadosudeste.com\/site\/index.php?rest_route=\/wp\/v2\/posts\/70509\/revisions"}],"predecessor-version":[{"id":70510,"href":"http:\/\/folhadosudeste.com\/site\/index.php?rest_route=\/wp\/v2\/posts\/70509\/revisions\/70510"}],"wp:attachment":[{"href":"http:\/\/folhadosudeste.com\/site\/index.php?rest_route=%2Fwp%2Fv2%2Fmedia&parent=70509"}],"wp:term":[{"taxonomy":"category","embeddable":true,"href":"http:\/\/folhadosudeste.com\/site\/index.php?rest_route=%2Fwp%2Fv2%2Fcategories&post=70509"},{"taxonomy":"post_tag","embeddable":true,"href":"http:\/\/folhadosudeste.com\/site\/index.php?rest_route=%2Fwp%2Fv2%2Ftags&post=70509"}],"curies":[{"name":"wp","href":"https:\/\/api.w.org\/{rel}","templated":true}]}}