{"id":70511,"date":"2020-05-05T23:25:35","date_gmt":"2020-05-05T23:25:35","guid":{"rendered":"http:\/\/folhadosudeste.com\/site\/?p=70511"},"modified":"2020-05-05T23:25:35","modified_gmt":"2020-05-05T23:25:35","slug":"muriae-tera-dia-d-de-vacinacao-contra-gripe-e-sarampo-neste-sabado","status":"publish","type":"post","link":"http:\/\/folhadosudeste.com\/site\/?p=70511","title":{"rendered":"Muria\u00e9 ter\u00e1 Dia D de vacina\u00e7\u00e3o contra gripe e sarampo neste s\u00e1bado"},"content":{"rendered":"<p style=\"text-align: justify;\"><a href=\"http:\/\/folhadosudeste.com\/site\/wp-content\/uploads\/2020\/05\/FFF8D04E-992E-4FD1-B7F4-AAB608AF1929.jpeg\"><img loading=\"lazy\" decoding=\"async\" class=\"alignnone size-full wp-image-70512\" src=\"http:\/\/folhadosudeste.com\/site\/wp-content\/uploads\/2020\/05\/FFF8D04E-992E-4FD1-B7F4-AAB608AF1929.jpeg\" alt=\"\" width=\"1280\" height=\"1047\" srcset=\"http:\/\/folhadosudeste.com\/site\/wp-content\/uploads\/2020\/05\/FFF8D04E-992E-4FD1-B7F4-AAB608AF1929.jpeg 1280w, http:\/\/folhadosudeste.com\/site\/wp-content\/uploads\/2020\/05\/FFF8D04E-992E-4FD1-B7F4-AAB608AF1929-300x245.jpeg 300w, http:\/\/folhadosudeste.com\/site\/wp-content\/uploads\/2020\/05\/FFF8D04E-992E-4FD1-B7F4-AAB608AF1929-768x628.jpeg 768w, http:\/\/folhadosudeste.com\/site\/wp-content\/uploads\/2020\/05\/FFF8D04E-992E-4FD1-B7F4-AAB608AF1929-1024x838.jpeg 1024w\" sizes=\"auto, (max-width: 1280px) 100vw, 1280px\" \/><\/a><br \/>\nDoses ser\u00e3o aplicadas das 8h \u00e0s 17h em toda cidade e distritos<br \/>\n&nbsp;<br \/>\nPara facilitar o acesso e ampliar a cobertura vacinal, acontecer\u00e1 neste s\u00e1bado (9) o Dia D de vacina\u00e7\u00e3o contra a gripe e o sarampo.&nbsp;&nbsp;Nesta data, todas as Unidades B\u00e1sicas de Sa\u00fade (UBS\u2019s) da cidade e distritos estar\u00e3o abertas para imunizar a popula\u00e7\u00e3o. As doses ser\u00e3o aplicadas das 8h \u00e0s 17h.<\/p>\n<p style=\"text-align: justify;\"><!--more--><br \/>\n&nbsp;Neste s\u00e1bado ter\u00e1 in\u00edcio tamb\u00e9m a terceira etapa da vacina\u00e7\u00e3o contra a gripe, a qual segue at\u00e9 17 de maio e tem como p\u00fablico-alvo crian\u00e7as com idade de 6 meses a menores de 6 anos, pessoas com defici\u00eancia, gestantes e pu\u00e9rperas at\u00e9 45 dias.<br \/>\n&nbsp;<br \/>\nEsta terceira fase est\u00e1 dividida em duas etapas pelo Minist\u00e9rio da Sa\u00fade. A segunda etapa da terceira fase come\u00e7a dia 18 de maio e prossegue at\u00e9 5 de junho. O grupo priorit\u00e1rio \u00e9 composto por adultos de 55 a 59 anos de idade e professores das escolas p\u00fablicas e privadas.<br \/>\n&nbsp;<br \/>\nAs pessoas que fazem parte do p\u00fablico-alvo da primeira e da segunda etapas da campanha, como idosos, profissionais de sa\u00fade e pessoas com doen\u00e7as cr\u00f4nicas, entre outros, que ainda n\u00e3o se vacinaram, podem receber a dose nessa nova etapa.<br \/>\n&nbsp;<br \/>\n*Vacina\u00e7\u00e3o contra o sarampo \u2013*&nbsp;O Dia D tamb\u00e9m tem como objetivo imunizar pessoas de 20 a 49 anos, que est\u00e3o recebendo uma dose extra da tr\u00edplice viral &#8211; vacina que protege contra sarampo, rub\u00e9ola e caxumba.<br \/>\n&nbsp;<br \/>\nVale lembrar que a imuniza\u00e7\u00e3o com a triviral est\u00e1 sendo realizada independentemente da situa\u00e7\u00e3o vacinal das pessoas na faixa et\u00e1ria preconizada pelo Minist\u00e9rio da Sa\u00fade.<br \/>\n&nbsp;<br \/>\nA \u201cDose Zero\u201d \u00e9 uma estrat\u00e9gia imediata para barrar a transmiss\u00e3o do v\u00edrus do sarampo, que foi reintroduzido no pa\u00eds em 2019.<br \/>\n&nbsp;<br \/>\n*Confira abaixo o resumo do p\u00fablico-alvo das campanhas:*<br \/>\n*Terceira etapa de vacina\u00e7\u00e3o contra a gripe:*<br \/>\n&nbsp;&#8211; 1\u00aa etapa: crian\u00e7as com idade de 6 meses a menores de 6 anos, pessoas com defici\u00eancia, gestantes e pu\u00e9rperas at\u00e9 45 dias (9 a 17 de maio)<br \/>\n&nbsp;&#8211; 2\u00aa etapa: adultos de 55 a 59 anos de idade e professores das escolas p\u00fablicas e privadas (18 de maio e a 5 de junho)<br \/>\n&nbsp;<br \/>\n*Vacina\u00e7\u00e3o contra o sarampo:*<br \/>\n&nbsp;&#8211; P\u00fablico-alvo: pessoas de 20 a 49 anos<\/p>\n","protected":false},"excerpt":{"rendered":"<p>Doses ser\u00e3o aplicadas das 8h \u00e0s 17h em toda cidade e distritos &nbsp; Para facilitar o acesso e ampliar a cobertura vacinal, acontecer\u00e1 neste s\u00e1bado (9) o Dia D de vacina\u00e7\u00e3o contra a gripe e o sarampo.&nbsp;&nbsp;Nesta data, todas as Unidades B\u00e1sicas de Sa\u00fade (UBS\u2019s) da cidade e distritos estar\u00e3o abertas para imunizar a popula\u00e7\u00e3o. [&hellip;]<\/p>\n","protected":false},"author":6,"featured_media":0,"comment_status":"open","ping_status":"closed","sticky":false,"template":"","format":"standard","meta":{"_joinchat":[],"footnotes":""},"categories":[1],"tags":[],"class_list":["post-70511","post","type-post","status-publish","format-standard","hentry","category-sem-categoria"],"_links":{"self":[{"href":"http:\/\/folhadosudeste.com\/site\/index.php?rest_route=\/wp\/v2\/posts\/70511","targetHints":{"allow":["GET"]}}],"collection":[{"href":"http:\/\/folhadosudeste.com\/site\/index.php?rest_route=\/wp\/v2\/posts"}],"about":[{"href":"http:\/\/folhadosudeste.com\/site\/index.php?rest_route=\/wp\/v2\/types\/post"}],"author":[{"embeddable":true,"href":"http:\/\/folhadosudeste.com\/site\/index.php?rest_route=\/wp\/v2\/users\/6"}],"replies":[{"embeddable":true,"href":"http:\/\/folhadosudeste.com\/site\/index.php?rest_route=%2Fwp%2Fv2%2Fcomments&post=70511"}],"version-history":[{"count":1,"href":"http:\/\/folhadosudeste.com\/site\/index.php?rest_route=\/wp\/v2\/posts\/70511\/revisions"}],"predecessor-version":[{"id":70513,"href":"http:\/\/folhadosudeste.com\/site\/index.php?rest_route=\/wp\/v2\/posts\/70511\/revisions\/70513"}],"wp:attachment":[{"href":"http:\/\/folhadosudeste.com\/site\/index.php?rest_route=%2Fwp%2Fv2%2Fmedia&parent=70511"}],"wp:term":[{"taxonomy":"category","embeddable":true,"href":"http:\/\/folhadosudeste.com\/site\/index.php?rest_route=%2Fwp%2Fv2%2Fcategories&post=70511"},{"taxonomy":"post_tag","embeddable":true,"href":"http:\/\/folhadosudeste.com\/site\/index.php?rest_route=%2Fwp%2Fv2%2Ftags&post=70511"}],"curies":[{"name":"wp","href":"https:\/\/api.w.org\/{rel}","templated":true}]}}