{"id":70516,"date":"2020-05-06T18:16:21","date_gmt":"2020-05-06T18:16:21","guid":{"rendered":"http:\/\/folhadosudeste.com\/site\/?p=70516"},"modified":"2020-05-06T18:16:21","modified_gmt":"2020-05-06T18:16:21","slug":"prefeitura-de-muriae-e-if-sudeste-firmam-parceria-para-producao-de-mascaras","status":"publish","type":"post","link":"http:\/\/folhadosudeste.com\/site\/?p=70516","title":{"rendered":"Prefeitura de Muria\u00e9 e IF Sudeste firmam parceria para produ\u00e7\u00e3o de m\u00e1scaras"},"content":{"rendered":"<div><a href=\"http:\/\/folhadosudeste.com\/site\/wp-content\/uploads\/2020\/05\/IMG_5861.jpg\"><img loading=\"lazy\" decoding=\"async\" class=\"alignnone size-full wp-image-70517\" src=\"http:\/\/folhadosudeste.com\/site\/wp-content\/uploads\/2020\/05\/IMG_5861.jpg\" alt=\"\" width=\"1024\" height=\"626\" srcset=\"http:\/\/folhadosudeste.com\/site\/wp-content\/uploads\/2020\/05\/IMG_5861.jpg 1024w, http:\/\/folhadosudeste.com\/site\/wp-content\/uploads\/2020\/05\/IMG_5861-300x183.jpg 300w, http:\/\/folhadosudeste.com\/site\/wp-content\/uploads\/2020\/05\/IMG_5861-768x470.jpg 768w\" sizes=\"auto, (max-width: 1024px) 100vw, 1024px\" \/><\/a><\/div>\n<div style=\"text-align: justify;\"><em>J\u00e1 s\u00e3o milhares de m\u00e1scaras produzidas pelas alunas do curso de Design de Moda<\/em><\/div>\n<div style=\"text-align: justify;\">&nbsp;<\/div>\n<div style=\"text-align: justify;\">A parceria entre a Prefeitura de Muria\u00e9 e o IF Sudeste &#8211; Campus Muria\u00e9 resultou na produ\u00e7\u00e3o de milhares de m\u00e1scaras reutiliz\u00e1veis. Nessa ter\u00e7a (5) houve a primeira entrega, de 3.200 unidades, mas a institui\u00e7\u00e3o vai dar seguimento \u00e0 fabrica\u00e7\u00e3o das m\u00e1scaras para que esse n\u00famero aumente. Elas ser\u00e3o distribu\u00eddas \u00e0 popula\u00e7\u00e3o em a\u00e7\u00f5es de conscientiza\u00e7\u00e3o.&nbsp;<\/div>\n<div style=\"text-align: justify;\">&nbsp;<\/div>\n<div style=\"text-align: justify;\">Os laborat\u00f3rios do IF Sudeste foram disponibilizados e s\u00e3o as alunas do curso de gradua\u00e7\u00e3o em Design de Moda que est\u00e3o costurando&nbsp;os E.P.I.s, sob a orienta\u00e7\u00e3o de professoras e da coordena\u00e7\u00e3o do curso. Fausto de Marttins Neto, diretor geral do campus, foi quem realizou a entrega simb\u00f3lica das m\u00e1scaras para o prefeito Grego e, na ocasi\u00e3o, tamb\u00e9m esteve presente a assessora t\u00e9cnica da Secret\u00e1ria de Desenvolvimento Social, Giselle Braga e outros professores do IF Sudeste.<\/div>\n<p><!--more--><\/p>\n<div style=\"text-align: justify;\">Grego fez quest\u00e3o de agradecer ao Instituto pela parceria e completou &#8220;que esse exemplo possa contagiar outras institui\u00e7\u00f5es, pois s\u00f3 unidos venceremos o coronav\u00edrus&#8221;.<\/div>\n<div><a href=\"http:\/\/folhadosudeste.com\/site\/wp-content\/uploads\/2020\/05\/IMG_5856.jpg\"><img loading=\"lazy\" decoding=\"async\" class=\"alignnone size-full wp-image-70518\" src=\"http:\/\/folhadosudeste.com\/site\/wp-content\/uploads\/2020\/05\/IMG_5856.jpg\" alt=\"\" width=\"1011\" height=\"768\" srcset=\"http:\/\/folhadosudeste.com\/site\/wp-content\/uploads\/2020\/05\/IMG_5856.jpg 1011w, http:\/\/folhadosudeste.com\/site\/wp-content\/uploads\/2020\/05\/IMG_5856-300x228.jpg 300w, http:\/\/folhadosudeste.com\/site\/wp-content\/uploads\/2020\/05\/IMG_5856-768x583.jpg 768w\" sizes=\"auto, (max-width: 1011px) 100vw, 1011px\" \/><\/a> <a href=\"http:\/\/folhadosudeste.com\/site\/wp-content\/uploads\/2020\/05\/IMG_5837.jpg\"><img loading=\"lazy\" decoding=\"async\" class=\"alignnone size-full wp-image-70519\" src=\"http:\/\/folhadosudeste.com\/site\/wp-content\/uploads\/2020\/05\/IMG_5837.jpg\" alt=\"\" width=\"1024\" height=\"640\" srcset=\"http:\/\/folhadosudeste.com\/site\/wp-content\/uploads\/2020\/05\/IMG_5837.jpg 1024w, http:\/\/folhadosudeste.com\/site\/wp-content\/uploads\/2020\/05\/IMG_5837-300x188.jpg 300w, http:\/\/folhadosudeste.com\/site\/wp-content\/uploads\/2020\/05\/IMG_5837-768x480.jpg 768w\" sizes=\"auto, (max-width: 1024px) 100vw, 1024px\" \/><\/a> <a href=\"http:\/\/folhadosudeste.com\/site\/wp-content\/uploads\/2020\/05\/IMG_5832.jpg\"><img loading=\"lazy\" decoding=\"async\" class=\"alignnone size-full wp-image-70520\" src=\"http:\/\/folhadosudeste.com\/site\/wp-content\/uploads\/2020\/05\/IMG_5832.jpg\" alt=\"\" width=\"1024\" height=\"586\" srcset=\"http:\/\/folhadosudeste.com\/site\/wp-content\/uploads\/2020\/05\/IMG_5832.jpg 1024w, http:\/\/folhadosudeste.com\/site\/wp-content\/uploads\/2020\/05\/IMG_5832-300x172.jpg 300w, http:\/\/folhadosudeste.com\/site\/wp-content\/uploads\/2020\/05\/IMG_5832-768x440.jpg 768w\" sizes=\"auto, (max-width: 1024px) 100vw, 1024px\" \/><\/a><\/div>\n","protected":false},"excerpt":{"rendered":"<p>J\u00e1 s\u00e3o milhares de m\u00e1scaras produzidas pelas alunas do curso de Design de Moda &nbsp; A parceria entre a Prefeitura de Muria\u00e9 e o IF Sudeste &#8211; Campus Muria\u00e9 resultou na produ\u00e7\u00e3o de milhares de m\u00e1scaras reutiliz\u00e1veis. Nessa ter\u00e7a (5) houve a primeira entrega, de 3.200 unidades, mas a institui\u00e7\u00e3o vai dar seguimento \u00e0 fabrica\u00e7\u00e3o [&hellip;]<\/p>\n","protected":false},"author":6,"featured_media":0,"comment_status":"open","ping_status":"closed","sticky":false,"template":"","format":"standard","meta":{"_joinchat":[],"footnotes":""},"categories":[1],"tags":[],"class_list":["post-70516","post","type-post","status-publish","format-standard","hentry","category-sem-categoria"],"_links":{"self":[{"href":"http:\/\/folhadosudeste.com\/site\/index.php?rest_route=\/wp\/v2\/posts\/70516","targetHints":{"allow":["GET"]}}],"collection":[{"href":"http:\/\/folhadosudeste.com\/site\/index.php?rest_route=\/wp\/v2\/posts"}],"about":[{"href":"http:\/\/folhadosudeste.com\/site\/index.php?rest_route=\/wp\/v2\/types\/post"}],"author":[{"embeddable":true,"href":"http:\/\/folhadosudeste.com\/site\/index.php?rest_route=\/wp\/v2\/users\/6"}],"replies":[{"embeddable":true,"href":"http:\/\/folhadosudeste.com\/site\/index.php?rest_route=%2Fwp%2Fv2%2Fcomments&post=70516"}],"version-history":[{"count":1,"href":"http:\/\/folhadosudeste.com\/site\/index.php?rest_route=\/wp\/v2\/posts\/70516\/revisions"}],"predecessor-version":[{"id":70521,"href":"http:\/\/folhadosudeste.com\/site\/index.php?rest_route=\/wp\/v2\/posts\/70516\/revisions\/70521"}],"wp:attachment":[{"href":"http:\/\/folhadosudeste.com\/site\/index.php?rest_route=%2Fwp%2Fv2%2Fmedia&parent=70516"}],"wp:term":[{"taxonomy":"category","embeddable":true,"href":"http:\/\/folhadosudeste.com\/site\/index.php?rest_route=%2Fwp%2Fv2%2Fcategories&post=70516"},{"taxonomy":"post_tag","embeddable":true,"href":"http:\/\/folhadosudeste.com\/site\/index.php?rest_route=%2Fwp%2Fv2%2Ftags&post=70516"}],"curies":[{"name":"wp","href":"https:\/\/api.w.org\/{rel}","templated":true}]}}