{"id":70538,"date":"2020-05-07T20:57:55","date_gmt":"2020-05-07T20:57:55","guid":{"rendered":"http:\/\/folhadosudeste.com\/site\/?p=70538"},"modified":"2020-05-07T20:57:55","modified_gmt":"2020-05-07T20:57:55","slug":"prefeitura-prepara-mascaras-para-serem-entregues-em-acoes-da-campanha-muriae-mais-consciente","status":"publish","type":"post","link":"http:\/\/folhadosudeste.com\/site\/?p=70538","title":{"rendered":"Prefeitura prepara m\u00e1scaras para serem entregues em a\u00e7\u00f5es da Campanha \u201cMuria\u00e9 mais Consciente\u201d"},"content":{"rendered":"<p><a href=\"http:\/\/folhadosudeste.com\/site\/wp-content\/uploads\/2020\/05\/01-1.jpg\"><img loading=\"lazy\" decoding=\"async\" class=\"alignnone size-full wp-image-70539\" src=\"http:\/\/folhadosudeste.com\/site\/wp-content\/uploads\/2020\/05\/01-1.jpg\" alt=\"\" width=\"2048\" height=\"1308\" srcset=\"http:\/\/folhadosudeste.com\/site\/wp-content\/uploads\/2020\/05\/01-1.jpg 2048w, http:\/\/folhadosudeste.com\/site\/wp-content\/uploads\/2020\/05\/01-1-300x192.jpg 300w, http:\/\/folhadosudeste.com\/site\/wp-content\/uploads\/2020\/05\/01-1-768x490.jpg 768w, http:\/\/folhadosudeste.com\/site\/wp-content\/uploads\/2020\/05\/01-1-1024x654.jpg 1024w\" sizes=\"auto, (max-width: 2048px) 100vw, 2048px\" \/><\/a><\/p>\n<p style=\"text-align: justify;\"><i>Pe\u00e7as foram produzidas pelas alunas do curso de Design de Moda do IF Sudeste<u><\/u><u><\/u><\/i><u><\/u>&nbsp;<u><\/u><\/p>\n<p style=\"text-align: justify;\">Servidores de diversas secretarias da Prefeitura embalaram, nesta quinta-feira (7), milhares de m\u00e1scaras a serem entregues no final de semana durante mais uma a\u00e7\u00e3o educativa da campanha \u201cMuria\u00e9 mais Consciente\u201d. A produ\u00e7\u00e3o das pe\u00e7as \u00e9 uma parceria com o IF Sudeste &#8211; Campus Muria\u00e9, que disponibilizou as alunas do curso de Design de Moda para costurar os equipamentos de prote\u00e7\u00e3o individual.&nbsp;&nbsp;<u><\/u><u><\/u><u><\/u>&nbsp;<u><\/u><\/p>\n<p style=\"text-align: justify;\">Importante frisar que todas as medidas de higiene foram adotadas na prepara\u00e7\u00e3o e embalo das m\u00e1scaras. Nesta primeira remessa, ser\u00e3o distribu\u00eddas 3.200 unidades no com\u00e9rcio no s\u00e1bado (9) e na Feira Livre, no domingo (10).<u><\/u><u><\/u><u><\/u>&nbsp;<u><\/u><\/p>\n<p style=\"text-align: justify;\">A fabrica\u00e7\u00e3o das m\u00e1scaras continua pelo IF Sudeste, para ampliar a distribui\u00e7\u00e3o nas a\u00e7\u00f5es educativas da campanha.<\/p>\n","protected":false},"excerpt":{"rendered":"<p>Pe\u00e7as foram produzidas pelas alunas do curso de Design de Moda do IF Sudeste&nbsp; Servidores de diversas secretarias da Prefeitura embalaram, nesta quinta-feira (7), milhares de m\u00e1scaras a serem entregues no final de semana durante mais uma a\u00e7\u00e3o educativa da campanha \u201cMuria\u00e9 mais Consciente\u201d. A produ\u00e7\u00e3o das pe\u00e7as \u00e9 uma parceria com o IF Sudeste [&hellip;]<\/p>\n","protected":false},"author":6,"featured_media":0,"comment_status":"open","ping_status":"closed","sticky":false,"template":"","format":"standard","meta":{"_joinchat":[],"footnotes":""},"categories":[1],"tags":[],"class_list":["post-70538","post","type-post","status-publish","format-standard","hentry","category-sem-categoria"],"_links":{"self":[{"href":"http:\/\/folhadosudeste.com\/site\/index.php?rest_route=\/wp\/v2\/posts\/70538","targetHints":{"allow":["GET"]}}],"collection":[{"href":"http:\/\/folhadosudeste.com\/site\/index.php?rest_route=\/wp\/v2\/posts"}],"about":[{"href":"http:\/\/folhadosudeste.com\/site\/index.php?rest_route=\/wp\/v2\/types\/post"}],"author":[{"embeddable":true,"href":"http:\/\/folhadosudeste.com\/site\/index.php?rest_route=\/wp\/v2\/users\/6"}],"replies":[{"embeddable":true,"href":"http:\/\/folhadosudeste.com\/site\/index.php?rest_route=%2Fwp%2Fv2%2Fcomments&post=70538"}],"version-history":[{"count":1,"href":"http:\/\/folhadosudeste.com\/site\/index.php?rest_route=\/wp\/v2\/posts\/70538\/revisions"}],"predecessor-version":[{"id":70540,"href":"http:\/\/folhadosudeste.com\/site\/index.php?rest_route=\/wp\/v2\/posts\/70538\/revisions\/70540"}],"wp:attachment":[{"href":"http:\/\/folhadosudeste.com\/site\/index.php?rest_route=%2Fwp%2Fv2%2Fmedia&parent=70538"}],"wp:term":[{"taxonomy":"category","embeddable":true,"href":"http:\/\/folhadosudeste.com\/site\/index.php?rest_route=%2Fwp%2Fv2%2Fcategories&post=70538"},{"taxonomy":"post_tag","embeddable":true,"href":"http:\/\/folhadosudeste.com\/site\/index.php?rest_route=%2Fwp%2Fv2%2Ftags&post=70538"}],"curies":[{"name":"wp","href":"https:\/\/api.w.org\/{rel}","templated":true}]}}