{"id":70541,"date":"2020-05-08T00:32:33","date_gmt":"2020-05-08T00:32:33","guid":{"rendered":"http:\/\/folhadosudeste.com\/site\/?p=70541"},"modified":"2020-05-08T13:01:00","modified_gmt":"2020-05-08T13:01:00","slug":"coluna-social-8","status":"publish","type":"post","link":"http:\/\/folhadosudeste.com\/site\/?p=70541","title":{"rendered":"COLUNA SOCIAL"},"content":{"rendered":"<p><strong>Parab\u00e9ns Camila!<\/strong><\/p>\n<p><a href=\"http:\/\/folhadosudeste.com\/site\/wp-content\/uploads\/2020\/05\/camila.jpg\"><img loading=\"lazy\" decoding=\"async\" class=\"alignnone wp-image-70542\" src=\"http:\/\/folhadosudeste.com\/site\/wp-content\/uploads\/2020\/05\/camila.jpg\" alt=\"\" width=\"486\" height=\"474\" srcset=\"http:\/\/folhadosudeste.com\/site\/wp-content\/uploads\/2020\/05\/camila.jpg 2048w, http:\/\/folhadosudeste.com\/site\/wp-content\/uploads\/2020\/05\/camila-300x293.jpg 300w, http:\/\/folhadosudeste.com\/site\/wp-content\/uploads\/2020\/05\/camila-768x749.jpg 768w, http:\/\/folhadosudeste.com\/site\/wp-content\/uploads\/2020\/05\/camila-1024x999.jpg 1024w\" sizes=\"auto, (max-width: 486px) 100vw, 486px\" \/><\/a><\/p>\n<p>Quem comemorou idade nova no dia 1 de maio foi a influenciadora digital Camila Soares. Ela comemorou em grande estilo e muita cautela em sua resid\u00eancia com a colabora\u00e7\u00e3o de v\u00e1rios patrocinadores: @flyballoonbalores, @papelpikadopersonalizados, @mebpersonalize, @ritadecassialimadesouza e @djfilipimassa. Ela agradece a Deus e a todos os amigos que tornaram essa data um dia especial em sua vida, mesmo n\u00e3o podendo fazer uma grande comemora\u00e7\u00e3o devido a pandemia, Camila se sentiu realizada. O Jornal Folha do Sudeste tamb\u00e9m parabeniza e deseja felicidades, sucesso e muitos anos de vida!<\/p>\n<p><strong>Parab\u00e9ns Tofinho!<\/strong><\/p>\n<p><a href=\"http:\/\/folhadosudeste.com\/site\/wp-content\/uploads\/2020\/05\/tofinho.jpg\"><img loading=\"lazy\" decoding=\"async\" class=\"alignnone wp-image-70543\" src=\"http:\/\/folhadosudeste.com\/site\/wp-content\/uploads\/2020\/05\/tofinho.jpg\" alt=\"\" width=\"525\" height=\"700\" srcset=\"http:\/\/folhadosudeste.com\/site\/wp-content\/uploads\/2020\/05\/tofinho.jpg 960w, http:\/\/folhadosudeste.com\/site\/wp-content\/uploads\/2020\/05\/tofinho-225x300.jpg 225w, http:\/\/folhadosudeste.com\/site\/wp-content\/uploads\/2020\/05\/tofinho-768x1024.jpg 768w\" sizes=\"auto, (max-width: 525px) 100vw, 525px\" \/><\/a><br \/>\nQuem comemorou 47 anos com muita alegria em fam\u00edlia foi o DJ Cristopher Braga Gusman, o popular \u201cTofinho\u201d. Ele \u00e9 filho da colunista e artes\u00e3 T\u00e2nia Gusman e do saudoso professor L\u00facio Gusman. Desejamos muitos anos de vida e sa\u00fade para Tofinho!<\/p>\n<p><!--more--><\/p>\n<p><strong>Idade nova de T\u00e2nia Gusman<\/strong><\/p>\n<p><img loading=\"lazy\" decoding=\"async\" class=\"\" src=\"https:\/\/scontent.fitp1-1.fna.fbcdn.net\/v\/t1.0-9\/95220550_3562351780458139_8522640133873205248_n.jpg?_nc_cat=109&amp;_nc_sid=110474&amp;_nc_eui2=AeFpHylLVDTEDaBYwgURbLoqoq4egmk05KSirh6CaTTkpI0eZ04XrMR-QPC468GxbMHrASIiKL7HrYstBY3f7H5Q&amp;_nc_ohc=L_2LvjQvlgUAX_Hx-pf&amp;_nc_ht=scontent.fitp1-1.fna&amp;oh=b5de6be08bb971065ca53f8f4f0dab9a&amp;oe=5EDB8C87\" alt=\"A imagem pode conter: Colunista Tania Gusman\" width=\"476\" height=\"476\"><\/p>\n<p>Quem estar\u00e1 celebrando idade nova tamb\u00e9m no dia 9 de maio, \u00e9 a nossa amiga e parceira colunista T\u00e2nia Gusman. O Jornal Folha do Sudeste deseja a T\u00e2nia muitas felicidades, sucesso e muitos anos de vida com sa\u00fade, que voc\u00ea continue sendo essa pessoa aben\u00e7oada por Deus.<\/p>\n<p><strong>Parab\u00e9ns Wander<\/strong><\/p>\n<p><img loading=\"lazy\" decoding=\"async\" class=\"\" src=\"https:\/\/scontent.fitp1-1.fna.fbcdn.net\/v\/t1.0-9\/260322_105429056215902_7433460_n.jpg?_nc_cat=103&amp;_nc_sid=85a577&amp;_nc_eui2=AeH6ozZu5fiBKvW0b6X4FQxlhqfQoeXOsriGp9Ch5c6yuNoT0bO3Ok-QTwqUGjnC3FXcSUcjROOtM-_PSeN4-Smb&amp;_nc_ohc=NoXRhw3o9WkAX_MmlPT&amp;_nc_ht=scontent.fitp1-1.fna&amp;oh=03b073afecb8ef795977fffa36eb29a0&amp;oe=5ED8B595\" alt=\"A imagem pode conter: 1 pessoa, sorrindo\" width=\"435\" height=\"534\"><\/p>\n<p>Quem comemorou idade nova na ter\u00e7a-feira dia 6 de maio, foi o empres\u00e1rio Wander Oliveira Garcia, diretor da Stylo Gr\u00e1fica. Ele recebeu os parab\u00e9ns da esposa Thalyta Garcia, das filhas Luisa e Elisa, da m\u00e3e V\u00e2nia Garcia, de familiares e amigos. Receba tamb\u00e9m os parab\u00e9ns da equipe Folha do Sudeste, com votos de felicidades, sa\u00fade e muitos anos de vida.<\/p>\n<p><strong>Parab\u00e9ns Ademir!<\/strong><\/p>\n<p><a href=\"http:\/\/folhadosudeste.com\/site\/wp-content\/uploads\/2020\/05\/ademir.jpg\"><img loading=\"lazy\" decoding=\"async\" class=\"alignnone wp-image-70544\" src=\"http:\/\/folhadosudeste.com\/site\/wp-content\/uploads\/2020\/05\/ademir.jpg\" alt=\"\" width=\"401\" height=\"458\" srcset=\"http:\/\/folhadosudeste.com\/site\/wp-content\/uploads\/2020\/05\/ademir.jpg 1794w, http:\/\/folhadosudeste.com\/site\/wp-content\/uploads\/2020\/05\/ademir-263x300.jpg 263w, http:\/\/folhadosudeste.com\/site\/wp-content\/uploads\/2020\/05\/ademir-768x877.jpg 768w, http:\/\/folhadosudeste.com\/site\/wp-content\/uploads\/2020\/05\/ademir-897x1024.jpg 897w\" sizes=\"auto, (max-width: 401px) 100vw, 401px\" \/><\/a><\/p>\n<p>Parabenizamos o nosso amigo Ademir Alves Ferreira, que comemorou idade nova no dia 4 de maio. Ademir \u00e9 um grande colaborador da Escola S\u00e3o Paulo e presta um bom trabalho, com certeza recebeu os parab\u00e9ns de amigos e familiares. Receba tamb\u00e9m os parab\u00e9ns dos amigos da Folha do Sudeste com votos de felicidades, sa\u00fade, muito amor e muita alegria. Que Deus lhe conceda muitos anos de vida. Estamos aguardando o convite para o churrasco assim que passar o coronav\u00edrus rsrsrs&#8230;.<\/p>\n<p><strong>Idade nova de Gerson Rocha<\/strong><\/p>\n<p><img loading=\"lazy\" decoding=\"async\" class=\"\" src=\"https:\/\/scontent.fitp1-1.fna.fbcdn.net\/v\/t1.0-9\/s960x960\/95471315_2002163489927810_3436850452510015488_o.jpg?_nc_cat=106&amp;_nc_sid=85a577&amp;_nc_eui2=AeFGDzW7wfxZ_WvgNFY_OY_845VvN-hwQ9zjlW836HBD3NTHQRaJ_5UJcbqjwAide08U-IuiLBjEndaT925_9nkN&amp;_nc_ohc=ecD9_sHYMUIAX_QeY0R&amp;_nc_ht=scontent.fitp1-1.fna&amp;_nc_tp=7&amp;oh=c4e99349949a55040fa13b9a9df48aae&amp;oe=5EDB6E7B\" alt=\"A imagem pode conter: 1 pessoa, sorrindo, close-up\" width=\"444\" height=\"445\"><\/p>\n<p>Quem comemorou idade nova no dia 6 de maio, foi o subtenente da Pol\u00edcia Militar de Muria\u00e9, Gerson Rocha. Receba os parab\u00e9ns e felicidades da equipe Folha do Sudeste. Que Deus aben\u00e7oe sempre com sa\u00fade, paz e muitos anos de vida!<\/p>\n<p><strong>Niver de Aderbal<\/strong><\/p>\n<p><img loading=\"lazy\" decoding=\"async\" class=\"\" src=\"https:\/\/scontent.fitp1-1.fna.fbcdn.net\/v\/t1.0-9\/36027133_100262860886919_4313843806114938880_n.jpg?_nc_cat=108&amp;_nc_sid=85a577&amp;_nc_eui2=AeEqO_R9Gg8i4o_3xSP0rBWH-La5wZOK4Pr4trnBk4rg-lCvjUpyZZA2Wtn8GzBNTt4DGw6AbFkUCZs7A6jw8U-V&amp;_nc_ohc=fr9HcVAhOAkAX-ne6D_&amp;_nc_ht=scontent.fitp1-1.fna&amp;oh=933ce9e548bdee06d5c507c6700f4a54&amp;oe=5ED8B7F2\" alt=\"A imagem pode conter: 1 pessoa, terno\" width=\"439\" height=\"439\"><\/p>\n<p>Quem estar\u00e1 comemorando idade nova no dia 9 de maio \u00e9 o nosso assinante e parceiro Aderbal Fernandes, propriet\u00e1rio da Comercial 3C em Muria\u00e9. Ele recebeu os parab\u00e9ns de amigos, de toda fam\u00edlia. Parabenizamos tamb\u00e9m o Aderbal com votos de sa\u00fade, felicidades e que Deus aben\u00e7oe sua vida e sucesso sempre!<\/p>\n","protected":false},"excerpt":{"rendered":"<p>Parab\u00e9ns Camila! Quem comemorou idade nova no dia 1 de maio foi a influenciadora digital Camila Soares. Ela comemorou em grande estilo e muita cautela em sua resid\u00eancia com a colabora\u00e7\u00e3o de v\u00e1rios patrocinadores: @flyballoonbalores, @papelpikadopersonalizados, @mebpersonalize, @ritadecassialimadesouza e @djfilipimassa. Ela agradece a Deus e a todos os amigos que tornaram essa data um dia [&hellip;]<\/p>\n","protected":false},"author":6,"featured_media":0,"comment_status":"open","ping_status":"closed","sticky":false,"template":"","format":"standard","meta":{"_joinchat":[],"footnotes":""},"categories":[1],"tags":[],"class_list":["post-70541","post","type-post","status-publish","format-standard","hentry","category-sem-categoria"],"_links":{"self":[{"href":"http:\/\/folhadosudeste.com\/site\/index.php?rest_route=\/wp\/v2\/posts\/70541","targetHints":{"allow":["GET"]}}],"collection":[{"href":"http:\/\/folhadosudeste.com\/site\/index.php?rest_route=\/wp\/v2\/posts"}],"about":[{"href":"http:\/\/folhadosudeste.com\/site\/index.php?rest_route=\/wp\/v2\/types\/post"}],"author":[{"embeddable":true,"href":"http:\/\/folhadosudeste.com\/site\/index.php?rest_route=\/wp\/v2\/users\/6"}],"replies":[{"embeddable":true,"href":"http:\/\/folhadosudeste.com\/site\/index.php?rest_route=%2Fwp%2Fv2%2Fcomments&post=70541"}],"version-history":[{"count":2,"href":"http:\/\/folhadosudeste.com\/site\/index.php?rest_route=\/wp\/v2\/posts\/70541\/revisions"}],"predecessor-version":[{"id":70556,"href":"http:\/\/folhadosudeste.com\/site\/index.php?rest_route=\/wp\/v2\/posts\/70541\/revisions\/70556"}],"wp:attachment":[{"href":"http:\/\/folhadosudeste.com\/site\/index.php?rest_route=%2Fwp%2Fv2%2Fmedia&parent=70541"}],"wp:term":[{"taxonomy":"category","embeddable":true,"href":"http:\/\/folhadosudeste.com\/site\/index.php?rest_route=%2Fwp%2Fv2%2Fcategories&post=70541"},{"taxonomy":"post_tag","embeddable":true,"href":"http:\/\/folhadosudeste.com\/site\/index.php?rest_route=%2Fwp%2Fv2%2Ftags&post=70541"}],"curies":[{"name":"wp","href":"https:\/\/api.w.org\/{rel}","templated":true}]}}