{"id":70546,"date":"2020-05-08T00:45:47","date_gmt":"2020-05-08T00:45:47","guid":{"rendered":"http:\/\/folhadosudeste.com\/site\/?p=70546"},"modified":"2020-05-08T00:46:05","modified_gmt":"2020-05-08T00:46:05","slug":"reabertura-do-comercio-deixa-cidade-super-movimentada","status":"publish","type":"post","link":"http:\/\/folhadosudeste.com\/site\/?p=70546","title":{"rendered":"REABERTURA DO COM\u00c9RCIO DEIXA CIDADE SUPER MOVIMENTADA"},"content":{"rendered":"<figure id=\"attachment_70547\" aria-describedby=\"caption-attachment-70547\" style=\"width: 717px\" class=\"wp-caption alignnone\"><a href=\"http:\/\/folhadosudeste.com\/site\/wp-content\/uploads\/2020\/05\/comercio.jpg\"><img loading=\"lazy\" decoding=\"async\" class=\"wp-image-70547 \" src=\"http:\/\/folhadosudeste.com\/site\/wp-content\/uploads\/2020\/05\/comercio.jpg\" alt=\"\" width=\"717\" height=\"499\" srcset=\"http:\/\/folhadosudeste.com\/site\/wp-content\/uploads\/2020\/05\/comercio.jpg 2048w, http:\/\/folhadosudeste.com\/site\/wp-content\/uploads\/2020\/05\/comercio-300x209.jpg 300w, http:\/\/folhadosudeste.com\/site\/wp-content\/uploads\/2020\/05\/comercio-768x535.jpg 768w, http:\/\/folhadosudeste.com\/site\/wp-content\/uploads\/2020\/05\/comercio-1024x713.jpg 1024w\" sizes=\"auto, (max-width: 717px) 100vw, 717px\" \/><\/a><figcaption id=\"caption-attachment-70547\" class=\"wp-caption-text\">Foto Silvan Alves<\/figcaption><\/figure>\n<p style=\"text-align: justify;\">Depois de 40 dias inativo o com\u00e9rcio de Muria\u00e9 voltou \u00e0 ativa no \u00faltimo s\u00e1bado com centenas de estabelecimentos reabrindo suas portas mediante o cumprimento das medidas de preven\u00e7\u00e3o ao Covid-19. A grande maioria dos com\u00e9rcios controlou o fluxo de clientes no estabelecimento, fornecendo \u00e1lcool em gel e tamb\u00e9m cobrou dos mesmos o uso de m\u00e1scaras.<\/p>\n<p style=\"text-align: justify;\">Mas nem tudo foi sucesso, muitas pessoas se aglomeraram nas pra\u00e7as, em rodas de conversas e boa parte delas insistiram em n\u00e3o fazer uso de m\u00e1scaras.<\/p>\n<p style=\"text-align: justify;\">Na \u00faltima quinta-feira o Comit\u00ea Gestor voltou a se pronunciar atrav\u00e9s de live e o Secret\u00e1rio de Sa\u00fade, Dr. Paulo C\u00e9sar foi duro em suas palavras dizendo que est\u00e1 decepcionado com a nossa popula\u00e7\u00e3o e que o pior ainda est\u00e1 por vir.<\/p>\n<p><!--more--><\/p>\n<p style=\"text-align: justify;\">O infectologista Dr. Daniel Licy falou da import\u00e2ncia de se manter em casa e se tiver que sair fa\u00e7a uso das medidas preventivas.<\/p>\n<p style=\"text-align: justify;\">O prefeito Grego por sua vez entende a dificuldade que os comerciantes est\u00e3o enfrentando e sabe da import\u00e2ncia da reabertura do com\u00e9rcio, por\u00e9m se precaveu e salientou que nada est\u00e1 acima da preserva\u00e7\u00e3o de vidas. O com\u00e9rcio local continua funcionando dentro das normas impostas, por\u00e9m existe a possibilidade de retroceder se os n\u00fameros de casos continuarem crescendo.<\/p>\n<p style=\"text-align: justify;\">No pr\u00f3ximo domingo teremos o retorno da Feira Livre que acontecer\u00e1 na Avenida Alfredo Pedro Carneiro, bairro Boa Vista, pr\u00f3ximo ao Bahamas. O funcionamento ser\u00e1 de 6 \u00e0s 12 horas com uma s\u00e9rie de medidas restritivas, dentre elas a dist\u00e2ncia m\u00ednima de 8 metros de dist\u00e2ncia de uma barraca para outra.<\/p>\n<p style=\"text-align: justify;\"><strong>Segmentos que permanecem sem autoriza\u00e7\u00e3o para reabrir<\/strong><\/p>\n<p style=\"text-align: justify;\">. Camel\u00f3dromos e vendedores ambulantes<\/p>\n<p style=\"text-align: justify;\">. Casas de shows e espet\u00e1culos de dan\u00e7a<\/p>\n<p style=\"text-align: justify;\">. Casa de Festas e eventos<\/p>\n<p style=\"text-align: justify;\">. Exposi\u00e7\u00f5es, congressos e semin\u00e1rios<\/p>\n<p style=\"text-align: justify;\">. Cinemas e teatros<\/p>\n<p style=\"text-align: justify;\">. Clubes e Servi\u00e7os de lazer<\/p>\n<p style=\"text-align: justify;\">. Academias e centros de gin\u00e1sticas e estabelecimentos f\u00edsicos<\/p>\n<p style=\"text-align: justify;\">&nbsp;<\/p>\n","protected":false},"excerpt":{"rendered":"<p>Depois de 40 dias inativo o com\u00e9rcio de Muria\u00e9 voltou \u00e0 ativa no \u00faltimo s\u00e1bado com centenas de estabelecimentos reabrindo suas portas mediante o cumprimento das medidas de preven\u00e7\u00e3o ao Covid-19. A grande maioria dos com\u00e9rcios controlou o fluxo de clientes no estabelecimento, fornecendo \u00e1lcool em gel e tamb\u00e9m cobrou dos mesmos o uso de [&hellip;]<\/p>\n","protected":false},"author":6,"featured_media":0,"comment_status":"open","ping_status":"closed","sticky":false,"template":"","format":"standard","meta":{"_joinchat":[],"footnotes":""},"categories":[1],"tags":[],"class_list":["post-70546","post","type-post","status-publish","format-standard","hentry","category-sem-categoria"],"_links":{"self":[{"href":"http:\/\/folhadosudeste.com\/site\/index.php?rest_route=\/wp\/v2\/posts\/70546","targetHints":{"allow":["GET"]}}],"collection":[{"href":"http:\/\/folhadosudeste.com\/site\/index.php?rest_route=\/wp\/v2\/posts"}],"about":[{"href":"http:\/\/folhadosudeste.com\/site\/index.php?rest_route=\/wp\/v2\/types\/post"}],"author":[{"embeddable":true,"href":"http:\/\/folhadosudeste.com\/site\/index.php?rest_route=\/wp\/v2\/users\/6"}],"replies":[{"embeddable":true,"href":"http:\/\/folhadosudeste.com\/site\/index.php?rest_route=%2Fwp%2Fv2%2Fcomments&post=70546"}],"version-history":[{"count":3,"href":"http:\/\/folhadosudeste.com\/site\/index.php?rest_route=\/wp\/v2\/posts\/70546\/revisions"}],"predecessor-version":[{"id":70550,"href":"http:\/\/folhadosudeste.com\/site\/index.php?rest_route=\/wp\/v2\/posts\/70546\/revisions\/70550"}],"wp:attachment":[{"href":"http:\/\/folhadosudeste.com\/site\/index.php?rest_route=%2Fwp%2Fv2%2Fmedia&parent=70546"}],"wp:term":[{"taxonomy":"category","embeddable":true,"href":"http:\/\/folhadosudeste.com\/site\/index.php?rest_route=%2Fwp%2Fv2%2Fcategories&post=70546"},{"taxonomy":"post_tag","embeddable":true,"href":"http:\/\/folhadosudeste.com\/site\/index.php?rest_route=%2Fwp%2Fv2%2Ftags&post=70546"}],"curies":[{"name":"wp","href":"https:\/\/api.w.org\/{rel}","templated":true}]}}