{"id":70551,"date":"2020-05-08T00:47:34","date_gmt":"2020-05-08T00:47:34","guid":{"rendered":"http:\/\/folhadosudeste.com\/site\/?p=70551"},"modified":"2020-05-08T00:47:34","modified_gmt":"2020-05-08T00:47:34","slug":"a-tecnica-de-enfermagem-regina-vardiero-se-despede-da-funcao-que-exercia-na-rede-municipal-de-saude","status":"publish","type":"post","link":"http:\/\/folhadosudeste.com\/site\/?p=70551","title":{"rendered":"A T\u00e9cnica de Enfermagem: Regina Vardiero se despede da fun\u00e7\u00e3o que exercia na Rede Municipal de Sa\u00fade"},"content":{"rendered":"<p><img decoding=\"async\" src=\"https:\/\/scontent.fitp1-1.fna.fbcdn.net\/v\/t1.0-9\/95144586_1606172806204024_3516002400513032192_n.jpg?_nc_cat=104&amp;_nc_sid=110474&amp;_nc_eui2=AeEJU-5PpCTvEbhM5gAiELg1IIbEQ-VZzKkghsRD5VnMqfeLSWxx6Q23vPypoADKDOLsHB-DkakwEbH2V3EN85q4&amp;_nc_ohc=6EoqtnDEvW8AX8t9bpM&amp;_nc_ht=scontent.fitp1-1.fna&amp;oh=014dca8978e2d245fc222048192eba8c&amp;oe=5ED9320E\" alt=\"A imagem pode conter: 32 pessoas\"><\/p>\n<p style=\"text-align: justify;\">\u00c9 com muita tristeza, que venho anunciar o meu desligamento como T\u00e9cnica de Enfermagem do Posto de Sa\u00fade \u2013 Primavera\/Jo\u00e3o XXIII e tamb\u00e9m, da Casa Lar, como m\u00e3e social. O motivo? Todos voc\u00eas podem ter certeza que n\u00e3o foi por falta de dedica\u00e7\u00e3o e AMOR.<\/p>\n<p style=\"text-align: justify;\">Servi com muito carinho, por quase 16 anos na sa\u00fade, atendendo cada paciente com o mesmo amor que dou aos meus filhos, esposo, pais e irm\u00e3os. Por muitas vezes cruzei ruas, debaixo de chuva e sol a p\u00e9, com imensa dedica\u00e7\u00e3o e alegria para prestar meu trabalho e trazer a quem precisa um pouco de alento. Dei banho, tratei de feridas, apliquei vacinas, enfim, cada a\u00e7\u00e3o, sem medir esfor\u00e7os ou murmurar. Pelo contr\u00e1rio, sempre com um sorriso no rosto, seja recebendo o paciente, ou seja no trajeto, cumprimentando um a um que passava por mim.<\/p>\n<p><!--more--><\/p>\n<p style=\"text-align: justify;\">Praticamente todos os finais de semana, um rostinho aparece na porta da minha casa, pedindo informa\u00e7\u00f5es ou para fazer um curativo, n\u00e3o importa, eu atendo cada um deles incansavelmente ainda que algumas vezes com uma dorzinha de cabe\u00e7a, ou coisa do tipo, mesmo assim, vou contente receber meus filhotes.<\/p>\n<p style=\"text-align: justify;\">Na CASA LAR n\u00e3o \u00e9 diferente. Foram 5 anos. De dia no posto, e a noite cuidado dos meus pequeninos. Quem convive comigo sabe que chego no dia seguinte, depois de passar horas acordada, feliz pra contar como foi o meu dia com aquelas crian\u00e7as que eu chamo de filhos.<\/p>\n<p style=\"text-align: justify;\">Sinto meu cora\u00e7\u00e3o partido neste momento, como se eu perdesse parte da minha miss\u00e3o, parte daquilo que era mais que um trabalho, era um chamado de DEUS para plantar o AMOR.<\/p>\n<p style=\"text-align: justify;\">Quero agradecer a todos que trabalharam comigo, desde o jardineiro, quem faz a arruma\u00e7\u00e3o, at\u00e9 os meus l\u00edderes amados. Sou grata a cada um de voc\u00eas que fazem parte dessa linda hist\u00f3ria. Tamb\u00e9m quero agradecer a todos os meus amores que atendi nesse tempo, a todas as pessoas que me confiou essa miss\u00e3o, que abriram a porta de suas casas, que me presentearam e que me trataram igualmente com amor. AQUI EU DEIXO O MEU MUITO OBRIGADA, AMO MUITO CADA UM DE VOC\u00caS.<\/p>\n<p style=\"text-align: justify;\">Sei que o Senhor vai preparar a minha estrada, e tudo est\u00e1 nas m\u00e3os do meu AMADO PAI, A QUEM EU SIRVO, E NUNCA ME DESAMPAROU! Saio com a cabe\u00e7a erguida e a consci\u00eancia em paz. E isso \u00e9 MARAVILHOSO!<\/p>\n<p style=\"text-align: justify;\">Mais uma vez obrigada, desculpe-me qualquer coisa, e vamos vencendo um dia por vez JUNTOS!<\/p>\n<p style=\"text-align: justify;\">AMO TODOS PRA SEMPRE. BEIJOS DA TIA REGINA! &#x2665;<\/p>\n","protected":false},"excerpt":{"rendered":"<p>\u00c9 com muita tristeza, que venho anunciar o meu desligamento como T\u00e9cnica de Enfermagem do Posto de Sa\u00fade \u2013 Primavera\/Jo\u00e3o XXIII e tamb\u00e9m, da Casa Lar, como m\u00e3e social. O motivo? Todos voc\u00eas podem ter certeza que n\u00e3o foi por falta de dedica\u00e7\u00e3o e AMOR. Servi com muito carinho, por quase 16 anos na sa\u00fade, [&hellip;]<\/p>\n","protected":false},"author":6,"featured_media":0,"comment_status":"open","ping_status":"closed","sticky":false,"template":"","format":"standard","meta":{"_joinchat":[],"footnotes":""},"categories":[1],"tags":[],"class_list":["post-70551","post","type-post","status-publish","format-standard","hentry","category-sem-categoria"],"_links":{"self":[{"href":"http:\/\/folhadosudeste.com\/site\/index.php?rest_route=\/wp\/v2\/posts\/70551","targetHints":{"allow":["GET"]}}],"collection":[{"href":"http:\/\/folhadosudeste.com\/site\/index.php?rest_route=\/wp\/v2\/posts"}],"about":[{"href":"http:\/\/folhadosudeste.com\/site\/index.php?rest_route=\/wp\/v2\/types\/post"}],"author":[{"embeddable":true,"href":"http:\/\/folhadosudeste.com\/site\/index.php?rest_route=\/wp\/v2\/users\/6"}],"replies":[{"embeddable":true,"href":"http:\/\/folhadosudeste.com\/site\/index.php?rest_route=%2Fwp%2Fv2%2Fcomments&post=70551"}],"version-history":[{"count":1,"href":"http:\/\/folhadosudeste.com\/site\/index.php?rest_route=\/wp\/v2\/posts\/70551\/revisions"}],"predecessor-version":[{"id":70552,"href":"http:\/\/folhadosudeste.com\/site\/index.php?rest_route=\/wp\/v2\/posts\/70551\/revisions\/70552"}],"wp:attachment":[{"href":"http:\/\/folhadosudeste.com\/site\/index.php?rest_route=%2Fwp%2Fv2%2Fmedia&parent=70551"}],"wp:term":[{"taxonomy":"category","embeddable":true,"href":"http:\/\/folhadosudeste.com\/site\/index.php?rest_route=%2Fwp%2Fv2%2Fcategories&post=70551"},{"taxonomy":"post_tag","embeddable":true,"href":"http:\/\/folhadosudeste.com\/site\/index.php?rest_route=%2Fwp%2Fv2%2Ftags&post=70551"}],"curies":[{"name":"wp","href":"https:\/\/api.w.org\/{rel}","templated":true}]}}