{"id":70593,"date":"2020-05-08T22:55:45","date_gmt":"2020-05-08T22:55:45","guid":{"rendered":"http:\/\/folhadosudeste.com\/site\/?p=70593"},"modified":"2020-05-08T22:55:45","modified_gmt":"2020-05-08T22:55:45","slug":"folha-policial-15","status":"publish","type":"post","link":"http:\/\/folhadosudeste.com\/site\/?p=70593","title":{"rendered":"FOLHA POLICIAL"},"content":{"rendered":"<p style=\"text-align: justify;\"><img decoding=\"async\" src=\"http:\/\/folhadosudeste.com\/site\/wp-content\/uploads\/2019\/10\/Viaturas-1.jpg\"><\/p>\n<h5 style=\"text-align: justify;\">Acidente na Ponte do Dornelas<\/h5>\n<p style=\"text-align: justify;\">O acidente aconteceu na noite desta quarta-feira, por volta das 19h10 e envolveu, de acordo com as primeiras informa\u00e7\u00f5es, um veiculo que n\u00e3o teria permanecido no local; e uma motocicleta de Muria\u00e9 que seguia do bairro Dornelas sentido ao bairro Cardoso de Melo, quando foi atingido por um ve\u00edculo que seguia no mesmo sentido. O motociclista e o carona se queixavam de dores nas pernas e v\u00e1rias escoria\u00e7\u00f5es pelo corpo e foram socorridos para pelos Bombeiros e SAMU e levados para o HSP. A Pol\u00edcia Militar foi acionada para as devidas provid\u00eancias.<\/p>\n<h5 style=\"text-align: justify;\">Colis\u00e3o: Motociclista vai parar em cima do teto do carro no Santa Terezinha<\/h5>\n<p style=\"text-align: justify;\">Um acidente envolvendo um carro e uma moto acabou de maneira inusitada na Rua Juiz de Fora, no bairro Santa Terezinha. Um motociclista ap\u00f3s a colis\u00e3o foi al\u00e7ado da moto e acabou caindo, deitado, no teto do ve\u00edculo. O piloto teve ferimentos leves e passa bem. O acidente aconteceu na tarde desta quarta-feira e foi registrado por moradores do bairro. O SAMU foi acionado e socorreu o motociclista para o HSP. O motorista do ve\u00edculo n\u00e3o se feriu. A PM foi acionada para apurar as causas do acidente.<\/p>\n<p><!--more--><\/p>\n<h5 style=\"text-align: justify;\">Ap\u00f3s a\u00e7\u00e3o criminosa na Barra, homem suspeito de v\u00e1rios roubos \u00e9 preso pela PM<\/h5>\n<p style=\"text-align: justify;\">Policiais militares de servi\u00e7o foram acionados na manh\u00e3 desta quarta-feira (6) e as informa\u00e7\u00f5es davam conta da ocorr\u00eancia de um roubo no bairro da Barra. De posso de v\u00e1rias informa\u00e7\u00f5es passadas a PM o homem seria o mesmo suspeito de v\u00e1rios roubos na cidade. Durante patrulhamento, os policiais chegaram \u00e0 Rua Cantu\u00e1ria, no bairro da Barra onde localizaram o suspeito em casa, bem como a motocicleta possivelmente usada no roubo. Ap\u00f3s abordagem, uma v\u00edtima reconheceu o autor atrav\u00e9s de fotografia, bem como a motocicleta usada no crime nesta data, sendo levado para a DP e para apresentado ao delegado. Todos os fatos ser\u00e3o apurados.<\/p>\n<h5 style=\"text-align: justify;\">Grande opera\u00e7\u00e3o da PM resulta em pris\u00f5es e apreens\u00e3o de muita droga no Franco Su\u00ed\u00e7o<\/h5>\n<p style=\"text-align: justify;\">Ap\u00f3s receber informa\u00e7\u00f5es de policiais, de que dois indiv\u00edduos com idade de 20 e 22 anos, suspeitos de tr\u00e1fico de drogas, teriam alugado dois quartos de uma resid\u00eancia no bairro Franco Su\u00ed\u00e7o, a Pol\u00edcia Militar de Muria\u00e9 montou uma grande opera\u00e7\u00e3o na noite desta segunda-feira, e fez o cerco ao im\u00f3vel. No local observaram pelas janelas a presen\u00e7a de um dos suspeitos segurando uma barra de maconha. Foi chamado na porta e a namorada abriu, sendo abordados, tendo o homem relatado ter mais materiais il\u00edcitos. No quarto estava grande uma quantidade de droga (barras, tabletes, por\u00e7\u00f5es de maconha, R$ 490,00 e celular). Relatou aos militares que a namorada n\u00e3o sabia de tais materiais il\u00edcitos. No outro quarto, o suspeito foi abordado e tamb\u00e9m confessou possuir grande quantidade de drogas, sendo barras, tabletes, por\u00e7\u00f5es de maconha, pinos de coca\u00edna, celular e R$ 3.858,90 em dinheiro. Segundo a PM, os autores confessaram diante de testemunhas a propriedade de todo o material apreendido.<\/p>\n","protected":false},"excerpt":{"rendered":"<p>Acidente na Ponte do Dornelas O acidente aconteceu na noite desta quarta-feira, por volta das 19h10 e envolveu, de acordo com as primeiras informa\u00e7\u00f5es, um veiculo que n\u00e3o teria permanecido no local; e uma motocicleta de Muria\u00e9 que seguia do bairro Dornelas sentido ao bairro Cardoso de Melo, quando foi atingido por um ve\u00edculo que [&hellip;]<\/p>\n","protected":false},"author":6,"featured_media":0,"comment_status":"open","ping_status":"closed","sticky":false,"template":"","format":"standard","meta":{"_joinchat":[],"footnotes":""},"categories":[1],"tags":[],"class_list":["post-70593","post","type-post","status-publish","format-standard","hentry","category-sem-categoria"],"_links":{"self":[{"href":"http:\/\/folhadosudeste.com\/site\/index.php?rest_route=\/wp\/v2\/posts\/70593","targetHints":{"allow":["GET"]}}],"collection":[{"href":"http:\/\/folhadosudeste.com\/site\/index.php?rest_route=\/wp\/v2\/posts"}],"about":[{"href":"http:\/\/folhadosudeste.com\/site\/index.php?rest_route=\/wp\/v2\/types\/post"}],"author":[{"embeddable":true,"href":"http:\/\/folhadosudeste.com\/site\/index.php?rest_route=\/wp\/v2\/users\/6"}],"replies":[{"embeddable":true,"href":"http:\/\/folhadosudeste.com\/site\/index.php?rest_route=%2Fwp%2Fv2%2Fcomments&post=70593"}],"version-history":[{"count":1,"href":"http:\/\/folhadosudeste.com\/site\/index.php?rest_route=\/wp\/v2\/posts\/70593\/revisions"}],"predecessor-version":[{"id":70595,"href":"http:\/\/folhadosudeste.com\/site\/index.php?rest_route=\/wp\/v2\/posts\/70593\/revisions\/70595"}],"wp:attachment":[{"href":"http:\/\/folhadosudeste.com\/site\/index.php?rest_route=%2Fwp%2Fv2%2Fmedia&parent=70593"}],"wp:term":[{"taxonomy":"category","embeddable":true,"href":"http:\/\/folhadosudeste.com\/site\/index.php?rest_route=%2Fwp%2Fv2%2Fcategories&post=70593"},{"taxonomy":"post_tag","embeddable":true,"href":"http:\/\/folhadosudeste.com\/site\/index.php?rest_route=%2Fwp%2Fv2%2Ftags&post=70593"}],"curies":[{"name":"wp","href":"https:\/\/api.w.org\/{rel}","templated":true}]}}