{"id":70608,"date":"2020-05-10T13:39:10","date_gmt":"2020-05-10T13:39:10","guid":{"rendered":"http:\/\/folhadosudeste.com\/site\/?p=70608"},"modified":"2020-05-10T13:39:10","modified_gmt":"2020-05-10T13:39:10","slug":"mueiae-confirma-primeira-morte-por-coronavirus","status":"publish","type":"post","link":"http:\/\/folhadosudeste.com\/site\/?p=70608","title":{"rendered":"Mueia\u00e9 confirma primeira morte por coronav\u00edrus"},"content":{"rendered":"<p><a href=\"http:\/\/folhadosudeste.com\/site\/wp-content\/uploads\/2020\/05\/covid.jpg\"><img loading=\"lazy\" decoding=\"async\" class=\"alignnone size-full wp-image-70609\" src=\"http:\/\/folhadosudeste.com\/site\/wp-content\/uploads\/2020\/05\/covid.jpg\" alt=\"\" width=\"1080\" height=\"1080\" srcset=\"http:\/\/folhadosudeste.com\/site\/wp-content\/uploads\/2020\/05\/covid.jpg 1080w, http:\/\/folhadosudeste.com\/site\/wp-content\/uploads\/2020\/05\/covid-150x150.jpg 150w, http:\/\/folhadosudeste.com\/site\/wp-content\/uploads\/2020\/05\/covid-300x300.jpg 300w, http:\/\/folhadosudeste.com\/site\/wp-content\/uploads\/2020\/05\/covid-768x768.jpg 768w, http:\/\/folhadosudeste.com\/site\/wp-content\/uploads\/2020\/05\/covid-1024x1024.jpg 1024w\" sizes=\"auto, (max-width: 1080px) 100vw, 1080px\" \/><\/a><\/p>\n<p style=\"text-align: justify;\">V\u00edtima \u00e9 um homem de 49 anos residente na cidade<br \/>\n&nbsp;<\/p>\n<p style=\"text-align: justify;\">Muria\u00e9 tem confirmada a primeira morte por coronav\u00edrus. A v\u00edtima \u00e9 um homem de 49 anos, residente na cidade. O paciente possu\u00eda comorbidades e estava internado desde o dia 5 deste m\u00eas no Hospital S\u00e3o Paulo com quadro de pneumonia por covid-19 confirmado.<br \/>\n&nbsp;<\/p>\n<p style=\"text-align: justify;\"><!--more--><br \/>\nCom a piora do quadro de pneumonia, apesar do tratamento recomendado, foi encaminhado para a Unidade de Terapia Intensiva na sexta-feira (8). Ontem (9) sofreu uma nova piora, associada a broncoespasmo, quando foi entubado e recebeu o suporte ventilat\u00f3rio, por\u00e9m n\u00e3o resistiu e veio a falecer neste s\u00e1bado.<\/p>\n","protected":false},"excerpt":{"rendered":"<p>V\u00edtima \u00e9 um homem de 49 anos residente na cidade &nbsp; Muria\u00e9 tem confirmada a primeira morte por coronav\u00edrus. A v\u00edtima \u00e9 um homem de 49 anos, residente na cidade. O paciente possu\u00eda comorbidades e estava internado desde o dia 5 deste m\u00eas no Hospital S\u00e3o Paulo com quadro de pneumonia por covid-19 confirmado. &nbsp;<\/p>\n","protected":false},"author":6,"featured_media":0,"comment_status":"open","ping_status":"closed","sticky":false,"template":"","format":"standard","meta":{"_joinchat":[],"footnotes":""},"categories":[1],"tags":[],"class_list":["post-70608","post","type-post","status-publish","format-standard","hentry","category-sem-categoria"],"_links":{"self":[{"href":"http:\/\/folhadosudeste.com\/site\/index.php?rest_route=\/wp\/v2\/posts\/70608","targetHints":{"allow":["GET"]}}],"collection":[{"href":"http:\/\/folhadosudeste.com\/site\/index.php?rest_route=\/wp\/v2\/posts"}],"about":[{"href":"http:\/\/folhadosudeste.com\/site\/index.php?rest_route=\/wp\/v2\/types\/post"}],"author":[{"embeddable":true,"href":"http:\/\/folhadosudeste.com\/site\/index.php?rest_route=\/wp\/v2\/users\/6"}],"replies":[{"embeddable":true,"href":"http:\/\/folhadosudeste.com\/site\/index.php?rest_route=%2Fwp%2Fv2%2Fcomments&post=70608"}],"version-history":[{"count":1,"href":"http:\/\/folhadosudeste.com\/site\/index.php?rest_route=\/wp\/v2\/posts\/70608\/revisions"}],"predecessor-version":[{"id":70610,"href":"http:\/\/folhadosudeste.com\/site\/index.php?rest_route=\/wp\/v2\/posts\/70608\/revisions\/70610"}],"wp:attachment":[{"href":"http:\/\/folhadosudeste.com\/site\/index.php?rest_route=%2Fwp%2Fv2%2Fmedia&parent=70608"}],"wp:term":[{"taxonomy":"category","embeddable":true,"href":"http:\/\/folhadosudeste.com\/site\/index.php?rest_route=%2Fwp%2Fv2%2Fcategories&post=70608"},{"taxonomy":"post_tag","embeddable":true,"href":"http:\/\/folhadosudeste.com\/site\/index.php?rest_route=%2Fwp%2Fv2%2Ftags&post=70608"}],"curies":[{"name":"wp","href":"https:\/\/api.w.org\/{rel}","templated":true}]}}