{"id":70614,"date":"2020-05-11T17:19:37","date_gmt":"2020-05-11T17:19:37","guid":{"rendered":"http:\/\/folhadosudeste.com\/site\/?p=70614"},"modified":"2020-05-11T17:19:37","modified_gmt":"2020-05-11T17:19:37","slug":"bailarino-muriaeense-se-destaca-e-recebe-convite-para-encontro-de-noivos-juninos-do-brasil","status":"publish","type":"post","link":"http:\/\/folhadosudeste.com\/site\/?p=70614","title":{"rendered":"Bailarino muriaeense se destaca e recebe convite para Encontro de Noivos Juninos do Brasil"},"content":{"rendered":"<p><a href=\"http:\/\/folhadosudeste.com\/site\/wp-content\/uploads\/2020\/05\/Bailarino-muriaeense-Walbert-Luiz.jpg\"><img loading=\"lazy\" decoding=\"async\" class=\"alignnone size-full wp-image-70615\" src=\"http:\/\/folhadosudeste.com\/site\/wp-content\/uploads\/2020\/05\/Bailarino-muriaeense-Walbert-Luiz.jpg\" alt=\"\" width=\"1280\" height=\"866\" srcset=\"http:\/\/folhadosudeste.com\/site\/wp-content\/uploads\/2020\/05\/Bailarino-muriaeense-Walbert-Luiz.jpg 1280w, http:\/\/folhadosudeste.com\/site\/wp-content\/uploads\/2020\/05\/Bailarino-muriaeense-Walbert-Luiz-300x203.jpg 300w, http:\/\/folhadosudeste.com\/site\/wp-content\/uploads\/2020\/05\/Bailarino-muriaeense-Walbert-Luiz-768x520.jpg 768w, http:\/\/folhadosudeste.com\/site\/wp-content\/uploads\/2020\/05\/Bailarino-muriaeense-Walbert-Luiz-1024x693.jpg 1024w, http:\/\/folhadosudeste.com\/site\/wp-content\/uploads\/2020\/05\/Bailarino-muriaeense-Walbert-Luiz-120x80.jpg 120w, http:\/\/folhadosudeste.com\/site\/wp-content\/uploads\/2020\/05\/Bailarino-muriaeense-Walbert-Luiz-220x150.jpg 220w\" sizes=\"auto, (max-width: 1280px) 100vw, 1280px\" \/><\/a><\/p>\n<p style=\"text-align: justify;\"><i>Walbert Luiz \u00e9 servidor p\u00fablico, professor de dan\u00e7a e core\u00f3grafo do Grupo Folcl\u00f3rico Santa Terezinha<u><\/u><u><\/u><\/i><u><\/u>&nbsp;<u><\/u><\/p>\n<p style=\"text-align: justify;\">Destaque no cen\u00e1rio cultural e de dan\u00e7a da cidade, o bailarino muriaeense Walbert Luiz foi convidado a representar o estado de Minas Gerais no Encontro de Noivos Juninos do Brasil. O evento, que aconteceria em setembro deste ano, foi adiado para 2021, em data ainda a ser definida, por conta do coronav\u00edrus.<u><\/u><u><\/u><u><\/u>&nbsp;<u><\/u><\/p>\n<p style=\"text-align: justify;\">Bailarino profissional, com registro pelo Sindicato da Dan\u00e7a do Rio de Janeiro, al\u00e9m de noivo junino, Walbert \u00e9 professor, core\u00f3grafo e integrante organizacional do Grupo Folcl\u00f3rico Santa Terezinha (GFST), onde dan\u00e7a desde 2006, ou seja, h\u00e1 15 anos. Nesse per\u00edodo, j\u00e1 coleciona diversos pr\u00eamios com o Grupo, tanto estaduais quanto nacionais. Vale lembrar que o GFST \u00e9 filiado \u00e0 Uni\u00e3o Junina Mineira, que \u00e9 a representante das quadrilhas de Minas Gerais.<u><\/u><u><\/u><u><\/u>&nbsp;<u><\/u><\/p>\n<p><!--more--><\/p>\n<p style=\"text-align: justify;\">Tamb\u00e9m servidor p\u00fablico municipal, o muriaeense \u00e9 facilitador de dan\u00e7a no Servi\u00e7o de Conviv\u00eancia e Fortalecimento de V\u00ednculos que acontece nos quatro Centros de Refer\u00eancia da Assist\u00eancia Social e tamb\u00e9m no Centro de Conviv\u00eancia para Idosos da Secretaria Municipal de Desenvolvimento Social.<u><\/u><u><\/u><u><\/u>&nbsp;<u><\/u><\/p>\n<p style=\"text-align: justify;\">Na iniciativa privada, atua como bailarino e professor de dan\u00e7a na Academia Val\u00e9ria Bruno, bem como membro da Companhia Mostra Dan\u00e7a Val\u00e9ria Bruno.<u><\/u><u><\/u><u><\/u>&nbsp;<u><\/u><\/p>\n<p style=\"text-align: justify;\">Em sua carreira, j\u00e1 fez diversos cursos de jazz, bal\u00e9 e bal\u00e9 contempor\u00e2neo, inclusive com core\u00f3grafos das cantoras Iza e Anitta, al\u00e9m de ter participado de audi\u00e7\u00e3o para o DVD da funkeira Ludmilla.<u><\/u><u><\/u><u><\/u>&nbsp;<u><\/u><\/p>\n<p style=\"text-align: justify;\">No circuito junino, \u00e9 membro do Grupo Noivos de Minas, o qual vai representar no encontro nacional da categoria. \u201cFiquei muito feliz e lisonjeado pelo convite em poder representar nosso estado e nossa cidade nesse encontro, principalmente atrav\u00e9s do Grupo Folcl\u00f3rico Santa Terezinha, que \u00e9 uma fam\u00edlia para mim. Sou apaixonado pela quadrilha e pelo movimento de S\u00e3o Jo\u00e3o. Ali\u00e1s, sou apaixonado pela cultura em geral\u201d, conta Walbert.&nbsp;<\/p>\n","protected":false},"excerpt":{"rendered":"<p>Walbert Luiz \u00e9 servidor p\u00fablico, professor de dan\u00e7a e core\u00f3grafo do Grupo Folcl\u00f3rico Santa Terezinha&nbsp; Destaque no cen\u00e1rio cultural e de dan\u00e7a da cidade, o bailarino muriaeense Walbert Luiz foi convidado a representar o estado de Minas Gerais no Encontro de Noivos Juninos do Brasil. O evento, que aconteceria em setembro deste ano, foi adiado [&hellip;]<\/p>\n","protected":false},"author":6,"featured_media":0,"comment_status":"open","ping_status":"closed","sticky":false,"template":"","format":"standard","meta":{"_joinchat":[],"footnotes":""},"categories":[1],"tags":[],"class_list":["post-70614","post","type-post","status-publish","format-standard","hentry","category-sem-categoria"],"_links":{"self":[{"href":"http:\/\/folhadosudeste.com\/site\/index.php?rest_route=\/wp\/v2\/posts\/70614","targetHints":{"allow":["GET"]}}],"collection":[{"href":"http:\/\/folhadosudeste.com\/site\/index.php?rest_route=\/wp\/v2\/posts"}],"about":[{"href":"http:\/\/folhadosudeste.com\/site\/index.php?rest_route=\/wp\/v2\/types\/post"}],"author":[{"embeddable":true,"href":"http:\/\/folhadosudeste.com\/site\/index.php?rest_route=\/wp\/v2\/users\/6"}],"replies":[{"embeddable":true,"href":"http:\/\/folhadosudeste.com\/site\/index.php?rest_route=%2Fwp%2Fv2%2Fcomments&post=70614"}],"version-history":[{"count":1,"href":"http:\/\/folhadosudeste.com\/site\/index.php?rest_route=\/wp\/v2\/posts\/70614\/revisions"}],"predecessor-version":[{"id":70616,"href":"http:\/\/folhadosudeste.com\/site\/index.php?rest_route=\/wp\/v2\/posts\/70614\/revisions\/70616"}],"wp:attachment":[{"href":"http:\/\/folhadosudeste.com\/site\/index.php?rest_route=%2Fwp%2Fv2%2Fmedia&parent=70614"}],"wp:term":[{"taxonomy":"category","embeddable":true,"href":"http:\/\/folhadosudeste.com\/site\/index.php?rest_route=%2Fwp%2Fv2%2Fcategories&post=70614"},{"taxonomy":"post_tag","embeddable":true,"href":"http:\/\/folhadosudeste.com\/site\/index.php?rest_route=%2Fwp%2Fv2%2Ftags&post=70614"}],"curies":[{"name":"wp","href":"https:\/\/api.w.org\/{rel}","templated":true}]}}