{"id":70642,"date":"2020-05-12T22:16:49","date_gmt":"2020-05-12T22:16:49","guid":{"rendered":"http:\/\/folhadosudeste.com\/site\/?p=70642"},"modified":"2020-05-12T22:21:37","modified_gmt":"2020-05-12T22:21:37","slug":"campanha-arrecada-verba-para-fabricacao-de-prototipo-de-respiradores-em-muriae","status":"publish","type":"post","link":"http:\/\/folhadosudeste.com\/site\/?p=70642","title":{"rendered":"Campanha arrecada verba para fabrica\u00e7\u00e3o de prot\u00f3tipo de respiradores em Muria\u00e9"},"content":{"rendered":"<p style=\"text-align: justify;\"><em>Objetivo da a\u00e7\u00e3o \u00e9 doar os equipamentos para ajudar no combate \u00e0 Covid-19. Saiba como ajudar<\/em><\/p>\n<figure style=\"width: 621px\" class=\"wp-caption alignnone\"><img loading=\"lazy\" decoding=\"async\" class=\"\" src=\"https:\/\/s2.glbimg.com\/SBYaUoEpdzb2QX0fxDtQ5kP6QSs=\/0x0:574x341\/1600x0\/smart\/filters:strip_icc()\/i.s3.glbimg.com\/v1\/AUTH_59edd422c0c84a879bd37670ae4f538a\/internal_photos\/bs\/2020\/R\/w\/ag4CuKQEKXqSXxstl8zQ\/sem-titulo.png\" alt=\"\" width=\"621\" height=\"369\"><figcaption class=\"wp-caption-text\">Prot\u00f3tipo de respirador criado em Muria\u00e9 \u2014 Foto: TV Integra\u00e7\u00e3o\/Reprodu\u00e7\u00e3o<\/figcaption><\/figure>\n<div class=\"mc-column content-text active-extra-styles \" style=\"text-align: justify;\" data-block-type=\"unstyled\" data-block-weight=\"34\" data-block-id=\"2\">\n<p class=\"content-text__container \" data-track-category=\"Link no Texto\" data-track-links=\"\">Uma campanha arrecada verba para a fabrica\u00e7\u00e3o de prot\u00f3tipo de respiradores em Muria\u00e9. O objetivo da a\u00e7\u00e3o \u00e9 doar os equipamentos para ajudar no combate ao novo coronav\u00edrus no munic\u00edpio.&nbsp;<strong>Saiba como doar abaixo<\/strong>.<\/p>\n<\/div>\n<div class=\"wall protected-content\">\n<div class=\"mc-column content-text active-extra-styles \" style=\"text-align: justify;\" data-block-type=\"unstyled\" data-block-weight=\"41\" data-block-id=\"3\">\n<p class=\"content-text__container \" data-track-category=\"Link no Texto\" data-track-links=\"\">De acordo com o empres\u00e1rio e criador da campanha, Edson Cond\u00e9, a ideia \u00e9 criar um fundo financeiro para arrecadar doa\u00e7\u00f5es. &#8220;A gente conseguiu desenvolver o produto com orienta\u00e7\u00e3o e par\u00e2metro dado por m\u00e9dicos, para atender \u00e0 demanda da Covid-19&#8221;, explicou.<\/p>\n<\/div>\n<div class=\"mc-column content-text active-extra-styles \" style=\"text-align: justify;\" data-block-type=\"unstyled\" data-block-weight=\"38\" data-block-id=\"4\">&nbsp;<\/div>\n<\/div>\n<p><!--more--><\/p>\n<div class=\"wall protected-content\">\n<div class=\"mc-column content-text active-extra-styles \" style=\"text-align: justify;\" data-block-type=\"unstyled\" data-block-weight=\"38\" data-block-id=\"4\">\n<p class=\"content-text__container \" data-track-category=\"Link no Texto\" data-track-links=\"\">Segundo apura\u00e7\u00e3o da&nbsp;<strong>TV Integra\u00e7\u00e3o<\/strong>, o respirador funciona 24 horas por dia. Al\u00e9m disso, o equipamento mede o controle do pulm\u00e3o, tempo de inspira\u00e7\u00e3o e expira\u00e7\u00e3o. O valor m\u00e9dio de cada um \u00e9 de R$ 30 mil.<\/p>\n<\/div>\n<div class=\"mc-column content-text active-extra-styles \" style=\"text-align: justify;\" data-block-type=\"unstyled\" data-block-weight=\"21\" data-block-id=\"5\">\n<p class=\"content-text__container \" data-track-category=\"Link no Texto\" data-track-links=\"\">Conforme Cond\u00e9, o pr\u00f3ximo passo \u00e9 conseguir a aprova\u00e7\u00e3o da Ag\u00eancia Nacional de Vigil\u00e2ncia Sanit\u00e1ria (Anvisa) para o funcionamento do produto.<\/p>\n<\/div>\n<div class=\"mc-column content-text active-extra-styles \" data-block-type=\"unstyled\" data-block-weight=\"14\" data-block-id=\"6\">\n<p class=\"content-text__container \" style=\"text-align: justify;\" data-track-category=\"Link no Texto\" data-track-links=\"\">Quem quiser contribuir com a campanha deve entrar em contato pelo n\u00famero (32) 3722-8245.<\/p>\n<\/div>\n<\/div>\n","protected":false},"excerpt":{"rendered":"<p>Objetivo da a\u00e7\u00e3o \u00e9 doar os equipamentos para ajudar no combate \u00e0 Covid-19. Saiba como ajudar Uma campanha arrecada verba para a fabrica\u00e7\u00e3o de prot\u00f3tipo de respiradores em Muria\u00e9. O objetivo da a\u00e7\u00e3o \u00e9 doar os equipamentos para ajudar no combate ao novo coronav\u00edrus no munic\u00edpio.&nbsp;Saiba como doar abaixo. De acordo com o empres\u00e1rio e [&hellip;]<\/p>\n","protected":false},"author":6,"featured_media":0,"comment_status":"open","ping_status":"closed","sticky":false,"template":"","format":"standard","meta":{"_joinchat":[],"footnotes":""},"categories":[1],"tags":[],"class_list":["post-70642","post","type-post","status-publish","format-standard","hentry","category-sem-categoria"],"_links":{"self":[{"href":"http:\/\/folhadosudeste.com\/site\/index.php?rest_route=\/wp\/v2\/posts\/70642","targetHints":{"allow":["GET"]}}],"collection":[{"href":"http:\/\/folhadosudeste.com\/site\/index.php?rest_route=\/wp\/v2\/posts"}],"about":[{"href":"http:\/\/folhadosudeste.com\/site\/index.php?rest_route=\/wp\/v2\/types\/post"}],"author":[{"embeddable":true,"href":"http:\/\/folhadosudeste.com\/site\/index.php?rest_route=\/wp\/v2\/users\/6"}],"replies":[{"embeddable":true,"href":"http:\/\/folhadosudeste.com\/site\/index.php?rest_route=%2Fwp%2Fv2%2Fcomments&post=70642"}],"version-history":[{"count":4,"href":"http:\/\/folhadosudeste.com\/site\/index.php?rest_route=\/wp\/v2\/posts\/70642\/revisions"}],"predecessor-version":[{"id":70646,"href":"http:\/\/folhadosudeste.com\/site\/index.php?rest_route=\/wp\/v2\/posts\/70642\/revisions\/70646"}],"wp:attachment":[{"href":"http:\/\/folhadosudeste.com\/site\/index.php?rest_route=%2Fwp%2Fv2%2Fmedia&parent=70642"}],"wp:term":[{"taxonomy":"category","embeddable":true,"href":"http:\/\/folhadosudeste.com\/site\/index.php?rest_route=%2Fwp%2Fv2%2Fcategories&post=70642"},{"taxonomy":"post_tag","embeddable":true,"href":"http:\/\/folhadosudeste.com\/site\/index.php?rest_route=%2Fwp%2Fv2%2Ftags&post=70642"}],"curies":[{"name":"wp","href":"https:\/\/api.w.org\/{rel}","templated":true}]}}